 {"id":4038,"date":"2026-04-08T19:45:57","date_gmt":"2026-04-08T19:45:57","guid":{"rendered":"https:\/\/www.concyl.es\/?p=4038"},"modified":"2026-04-15T10:11:04","modified_gmt":"2026-04-15T10:11:04","slug":"la-receta-electronica-concertada-de-muface-operativa-en-castilla-y-leon-desde-el-7-de-abril","status":"publish","type":"post","link":"https:\/\/www.concyl.es\/index.php\/2026\/04\/08\/la-receta-electronica-concertada-de-muface-operativa-en-castilla-y-leon-desde-el-7-de-abril\/","title":{"rendered":"La receta electr\u00f3nica concertada de MUFACE operativa en Castilla y Le\u00f3n desde el 7 de abril"},"content":{"rendered":"\n<p>La receta electr\u00f3nica concertada de MUFACE contin\u00faa su despliegue nacional que estar\u00e1 completado antes de que finalice 2026. Tras la adhesi\u00f3n a principios de marzo de la Comunidad Valenciana, llega el turno para Castilla y Le\u00f3n, a la que seguir\u00e1n a lo largo de los pr\u00f3ximos meses Catalu\u00f1a y Andaluc\u00eda.<\/p>\n\n\n\n<p>Desde el pasado 7 de abril, la receta electr\u00f3nica est\u00e1 disponible para las 68.680 personas mutualistas que han elegido la opci\u00f3n concertada para su asistencia en Castilla y Le\u00f3n. Desde ese d\u00eda, los mutualistas titulares y beneficiarios adscritos a esta opci\u00f3n podr\u00e1n retirar sus medicamentos en las farmacias comunitarias de \u00c1vila, Burgos, Le\u00f3n, Palencia, Salamanca, Segovia, Soria, Valladolid y Zamora sin necesidad de talonario y recetas en papel y sin desplazamientos para tramitar sus visados. Tambi\u00e9n se beneficiar\u00e1n de la trazabilidad, seguridad y sostenibilidad que la digitalizaci\u00f3n aporta a la prestaci\u00f3n farmac\u00e9utica al paciente.<\/p>\n\n\n\n<p>La receta electr\u00f3nica del Sistema Integrado de Receta Electr\u00f3nica de MUFACE (SIREM) es un ejemplo \u00fanico de colaboraci\u00f3n p\u00fablico-privada y garantiza la plena interoperabilidad para todas las comunidades y ciudades aut\u00f3nomas donde se implanta.<\/p>\n\n\n\n<p>Con Castilla y Le\u00f3n ser\u00e1n en total 17 los territorios en los que la receta electr\u00f3nica concertada estar\u00e1 activa en el primer trimestre de 2026, dando cobertura a 662.241 mutualistas: 15 comunidades (Arag\u00f3n, Asturias, Baleares, Canarias, Cantabria, Extremadura, Galicia, La Rioja, Murcia, Navarra, Castilla-La Mancha, Castilla y Le\u00f3n, Comunidad de Madrid, Comunidad Valenciana y Pa\u00eds Vasco) y 2 ciudades aut\u00f3nomas (Ceuta y Melilla).<\/p>\n\n\n\n<p>Desde el inicio de la implantaci\u00f3n de la receta electr\u00f3nica concertada se han realizado 1.723.404 prescripciones y 3.978.584 dispensaciones.<\/p>\n\n\n\n<p><strong>Reuni\u00f3n t\u00e9cnica en Valladolid<\/strong><\/p>\n\n\n\n<p>La reuni\u00f3n institucional para la presentaci\u00f3n de la receta electr\u00f3nica concertada se celebr\u00f3 en la Delegaci\u00f3n de Gobierno en Castilla y Le\u00f3n en Valladolid. En ella, el delegado del Gobierno en la regi\u00f3n, Nicanor Jorge San V\u00e9lez, expres\u00f3 su convicci\u00f3n de que solo la colaboraci\u00f3n entre instituciones y personas permite llevar adelante la mejora de los servicios p\u00fablicos a trav\u00e9s de la digitalizaci\u00f3n.<\/p>\n\n\n\n<p>Por parte de MUFACE asistieron al encuentro la directora general, Myriam Pallar\u00e9s; la directora del departamento de Prestaciones Sanitarias, Ic\u00edar Fierros; el secretario general, Pablo Saavedra; el jefe de la Unidad Inform\u00e1tica, Jos\u00e9 Antonio Navarro; y responsables de los Servicios Provinciales de MUFACE en la Comunidad.<\/p>\n\n\n\n<p>En representaci\u00f3n de los Colegios de Farmac\u00e9uticos participaron la secretaria general del Consejo General de Colegios de Farmac\u00e9uticos de Espa\u00f1a, Raquel Mart\u00ednez; y la presidenta del Consejo Oficial de Colegios de Farmacia de la Comunidad (CONCYL) y del Colegio Salamanca, Mar\u00eda Engracia P\u00e9rez. Adem\u00e1s, asistieron los presidentes y las presidentas del resto de Colegios de las provincias castellanoleonesas.<\/p>\n\n\n\n<p>El colectivo m\u00e9dico estuvo representado por el presidente del Consejo de Colegios Oficiales de M\u00e9dicos de Castilla y Le\u00f3n (CCOMCYL) y a su vez del Colegio Oficial de M\u00e9dicos de Le\u00f3n, Jos\u00e9 Luis D\u00edaz Villarig; y los presidentes, presidentas y representantes de los Colegios Oficiales de M\u00e9dicos de las provincias de la comunidad. Tambi\u00e9n asistieron los responsables centrales y provinciales de MUFACE y las entidades aseguradoras, Adeslas y ASISA.<\/p>\n\n\n\n<figure class=\"wp-block-image size-large\"><img loading=\"lazy\" decoding=\"async\" width=\"2560\" height=\"1440\" src=\"https:\/\/www.concyl.es\/wp-content\/uploads\/2026\/04\/12-1-edited-scaled.jpg\" alt=\"\" class=\"wp-image-4043\" srcset=\"https:\/\/www.concyl.es\/wp-content\/uploads\/2026\/04\/12-1-edited-scaled.jpg 2560w, https:\/\/www.concyl.es\/wp-content\/uploads\/2026\/04\/12-1-edited-300x169.jpg 300w, https:\/\/www.concyl.es\/wp-content\/uploads\/2026\/04\/12-1-edited-1024x576.jpg 1024w, https:\/\/www.concyl.es\/wp-content\/uploads\/2026\/04\/12-1-edited-768x432.jpg 768w, https:\/\/www.concyl.es\/wp-content\/uploads\/2026\/04\/12-1-edited-1536x864.jpg 1536w, https:\/\/www.concyl.es\/wp-content\/uploads\/2026\/04\/12-1-edited-2048x1152.jpg 2048w\" sizes=\"auto, (max-width: 2560px) 100vw, 2560px\" \/><\/figure>\n\n\n\n<p><strong>El 66% de las farmacias de Castilla y Le\u00f3n se ubica en el medio rural<\/strong><\/p>\n\n\n\n<p>Para la presidenta del Consejo de Colegios de Farmacia de Castilla y Le\u00f3n (CONCYL),&nbsp;Mar\u00eda Engracia P\u00e9rez, el despliegue de la receta electr\u00f3nica concertada de MUFACE \u201cpermite cerrar el c\u00edrculo para que todos los mutualistas de la comunidad, tanto los que han elegido la opci\u00f3n p\u00fablica como los que reciben asistencia a trav\u00e9s de entidades concertadas, puedan beneficiarse del sistema de receta electr\u00f3nica\u201d.<\/p>\n\n\n\n<p>Mar\u00eda Engracia P\u00e9rez ha resaltado especialmente el papel de la red farmac\u00e9utica en el acceso a los tratamientos en Castilla y Le\u00f3n: \u201cEn una comunidad extensa y dispersa como la nuestra, con una poblaci\u00f3n muy envejecida y con muchos pacientes cr\u00f3nicos que residen en el medio rural, la accesibilidad de la red de farmacias resulta fundamental para garantizar la continuidad de los tratamientos\u201d.<\/p>\n\n\n\n<p>Castilla y Le\u00f3n cuenta con&nbsp;1.578 farmacias comunitarias y 274 botiquines farmac\u00e9uticos, lo que supone&nbsp;1.852 puntos de atenci\u00f3n farmac\u00e9utica&nbsp;desde los que se podr\u00e1n dispensar recetas electr\u00f3nicas. De ellas,&nbsp;el 66% se encuentra ubicados en el medio rural, lo que garantiza la accesibilidad y la equidad en el acceso a los medicamentos. A este respecto, la presidenta de CONCYL ha apuntado que \u201cel 92 % de la poblaci\u00f3n de la comunidad dispone de una farmacia en el municipio en el que reside\u201d.<\/p>\n\n\n\n<p>\u201cLa incorporaci\u00f3n de la receta electr\u00f3nica concertada de MUFACE refuerza el compromiso de los farmac\u00e9uticos con la calidad asistencial, la innovaci\u00f3n tecnol\u00f3gica y la mejora continua de los servicios que prestamos a los pacientes\u201d, ha aseverado Mar\u00eda Engracia P\u00e9rez.<\/p>\n","protected":false},"excerpt":{"rendered":"<p>La receta electr\u00f3nica concertada de MUFACE contin\u00faa su despliegue nacional que estar\u00e1 completado antes de que finalice 2026. Tras la adhesi\u00f3n a principios de marzo de la Comunidad Valenciana, llega el turno para Castilla y Le\u00f3n, a la que seguir\u00e1n a lo largo de los pr\u00f3ximos meses Catalu\u00f1a y Andaluc\u00eda. Desde el pasado 7 de [&hellip;]<\/p>\n","protected":false},"author":2,"featured_media":4041,"comment_status":"closed","ping_status":"closed","sticky":false,"template":"","format":"standard","meta":{"footnotes":""},"categories":[6],"tags":[],"class_list":["post-4038","post","type-post","status-publish","format-standard","has-post-thumbnail","hentry","category-noticias"],"_links":{"self":[{"href":"https:\/\/www.concyl.es\/index.php\/wp-json\/wp\/v2\/posts\/4038","targetHints":{"allow":["GET"]}}],"collection":[{"href":"https:\/\/www.concyl.es\/index.php\/wp-json\/wp\/v2\/posts"}],"about":[{"href":"https:\/\/www.concyl.es\/index.php\/wp-json\/wp\/v2\/types\/post"}],"author":[{"embeddable":true,"href":"https:\/\/www.concyl.es\/index.php\/wp-json\/wp\/v2\/users\/2"}],"replies":[{"embeddable":true,"href":"https:\/\/www.concyl.es\/index.php\/wp-json\/wp\/v2\/comments?post=4038"}],"version-history":[{"count":2,"href":"https:\/\/www.concyl.es\/index.php\/wp-json\/wp\/v2\/posts\/4038\/revisions"}],"predecessor-version":[{"id":4044,"href":"https:\/\/www.concyl.es\/index.php\/wp-json\/wp\/v2\/posts\/4038\/revisions\/4044"}],"wp:featuredmedia":[{"embeddable":true,"href":"https:\/\/www.concyl.es\/index.php\/wp-json\/wp\/v2\/media\/4041"}],"wp:attachment":[{"href":"https:\/\/www.concyl.es\/index.php\/wp-json\/wp\/v2\/media?parent=4038"}],"wp:term":[{"taxonomy":"category","embeddable":true,"href":"https:\/\/www.concyl.es\/index.php\/wp-json\/wp\/v2\/categories?post=4038"},{"taxonomy":"post_tag","embeddable":true,"href":"https:\/\/www.concyl.es\/index.php\/wp-json\/wp\/v2\/tags?post=4038"}],"curies":[{"name":"wp","href":"https:\/\/api.w.org\/{rel}","templated":true}]}}