 {"id":3812,"date":"2025-09-19T12:52:23","date_gmt":"2025-09-19T12:52:23","guid":{"rendered":"https:\/\/www.concyl.es\/?p=3812"},"modified":"2025-09-19T13:07:55","modified_gmt":"2025-09-19T13:07:55","slug":"convenio-entre-la-consejeria-de-sanidad-de-la-junta-de-castilla-y-leon-y-el-consejo-de-colegios-profesionales-de-farmaceuticos-de-castilla-y-leon","status":"publish","type":"post","link":"https:\/\/www.concyl.es\/index.php\/2025\/09\/19\/convenio-entre-la-consejeria-de-sanidad-de-la-junta-de-castilla-y-leon-y-el-consejo-de-colegios-profesionales-de-farmaceuticos-de-castilla-y-leon\/","title":{"rendered":"CONVENIO ENTRE LA CONSEJER\u00cdA DE SANIDAD DE LA JUNTA DE CASTILLA Y LE\u00d3N Y EL CONSEJO DE COLEGIOS PROFESIONALES DE FARMAC\u00c9UTICOS DE CASTILLA Y LE\u00d3N"},"content":{"rendered":"\n<p><strong>CONVENIO ENTRE LA CONSEJER\u00cdA DE SANIDAD DE LA JUNTA DE CASTILLA Y LE\u00d3N Y EL CONSEJO DE COLEGIOS PROFESIONALES DE FARMAC\u00c9UTICOS DE CASTILLA Y LE\u00d3N<\/strong>. <strong>CONSOLIDACI\u00d3N DE LA RED DE FARMACIAS CENTINELA EN LA NOTIFICACI\u00d3N\u00a0 DE SOSPECHAS DE REACCIONES ADVERSAS A MEDICAMENTOS Y ERRORES DE MEDICACI\u00d3N.<\/strong><\/p>\n\n\n\n<p>El pasado 15 de septiembre el Consejero de sanidad y la presidenta del Consejo firmaron el convenio por el que se consolida la Red de farmacias centinela de Castilla y Le\u00f3n, creada en el a\u00f1o 2015.<\/p>\n\n\n\n<p><a href=\"https:\/\/www.instagram.com\/farmaconcyl\/p\/DOnjcPZCIHz\/\">https:\/\/www.instagram.com\/farmaconcyl\/p\/DOnjcPZCIHz\/<\/a><\/p>\n\n\n\n<p><a href=\"https:\/\/es.linkedin.com\/posts\/concyl-consejo-de-colegios-profesionales-de-farmac%C3%A9uticos-42b03034a_farmacovigilancia-redfarmaciascentinelas-activity-7373289052667633664-nGI9?utm_source=li_share&amp;utm_content=feedcontent&amp;utm_medium=g_dt_web&amp;utm_campaign=copy\">https:\/\/es.linkedin.com\/posts\/concyl-consejo-de-colegios-profesionales-de-farmac%C3%A9uticos-42b03034a_farmacovigilancia-redfarmaciascentinelas-activity-7373289052667633664-nGI9?utm_source=li_share&amp;utm_content=feedcontent&amp;utm_medium=g_dt_web&amp;utm_campaign=copy<\/a><\/p>\n\n\n\n<figure class=\"wp-block-image size-large\"><img loading=\"lazy\" decoding=\"async\" width=\"1024\" height=\"768\" src=\"https:\/\/www.concyl.es\/wp-content\/uploads\/2025\/09\/imagen-1024x768.png\" alt=\"\" class=\"wp-image-3818\" srcset=\"https:\/\/www.concyl.es\/wp-content\/uploads\/2025\/09\/imagen-1024x768.png 1024w, https:\/\/www.concyl.es\/wp-content\/uploads\/2025\/09\/imagen-300x225.png 300w, https:\/\/www.concyl.es\/wp-content\/uploads\/2025\/09\/imagen-768x576.png 768w, https:\/\/www.concyl.es\/wp-content\/uploads\/2025\/09\/imagen-1536x1152.png 1536w, https:\/\/www.concyl.es\/wp-content\/uploads\/2025\/09\/imagen.png 2040w\" sizes=\"auto, (max-width: 1024px) 100vw, 1024px\" \/><\/figure>\n\n\n\n<figure class=\"wp-block-image size-large\"><img loading=\"lazy\" decoding=\"async\" width=\"1024\" height=\"768\" src=\"https:\/\/www.concyl.es\/wp-content\/uploads\/2025\/09\/imagen-1-1024x768.png\" alt=\"\" class=\"wp-image-3819\" srcset=\"https:\/\/www.concyl.es\/wp-content\/uploads\/2025\/09\/imagen-1-1024x768.png 1024w, https:\/\/www.concyl.es\/wp-content\/uploads\/2025\/09\/imagen-1-300x225.png 300w, https:\/\/www.concyl.es\/wp-content\/uploads\/2025\/09\/imagen-1-768x576.png 768w, https:\/\/www.concyl.es\/wp-content\/uploads\/2025\/09\/imagen-1-1536x1152.png 1536w, https:\/\/www.concyl.es\/wp-content\/uploads\/2025\/09\/imagen-1.png 2040w\" sizes=\"auto, (max-width: 1024px) 100vw, 1024px\" \/><\/figure>\n","protected":false},"excerpt":{"rendered":"<p>CONVENIO ENTRE LA CONSEJER\u00cdA DE SANIDAD DE LA JUNTA DE CASTILLA Y LE\u00d3N Y EL CONSEJO DE COLEGIOS PROFESIONALES DE FARMAC\u00c9UTICOS DE CASTILLA Y LE\u00d3N. CONSOLIDACI\u00d3N DE LA RED DE FARMACIAS CENTINELA EN LA NOTIFICACI\u00d3N\u00a0 DE SOSPECHAS DE REACCIONES ADVERSAS A MEDICAMENTOS Y ERRORES DE MEDICACI\u00d3N. El pasado 15 de septiembre el Consejero de sanidad [&hellip;]<\/p>\n","protected":false},"author":1,"featured_media":0,"comment_status":"closed","ping_status":"closed","sticky":false,"template":"","format":"standard","meta":{"footnotes":""},"categories":[6],"tags":[],"class_list":["post-3812","post","type-post","status-publish","format-standard","hentry","category-noticias"],"_links":{"self":[{"href":"https:\/\/www.concyl.es\/index.php\/wp-json\/wp\/v2\/posts\/3812","targetHints":{"allow":["GET"]}}],"collection":[{"href":"https:\/\/www.concyl.es\/index.php\/wp-json\/wp\/v2\/posts"}],"about":[{"href":"https:\/\/www.concyl.es\/index.php\/wp-json\/wp\/v2\/types\/post"}],"author":[{"embeddable":true,"href":"https:\/\/www.concyl.es\/index.php\/wp-json\/wp\/v2\/users\/1"}],"replies":[{"embeddable":true,"href":"https:\/\/www.concyl.es\/index.php\/wp-json\/wp\/v2\/comments?post=3812"}],"version-history":[{"count":7,"href":"https:\/\/www.concyl.es\/index.php\/wp-json\/wp\/v2\/posts\/3812\/revisions"}],"predecessor-version":[{"id":3826,"href":"https:\/\/www.concyl.es\/index.php\/wp-json\/wp\/v2\/posts\/3812\/revisions\/3826"}],"wp:attachment":[{"href":"https:\/\/www.concyl.es\/index.php\/wp-json\/wp\/v2\/media?parent=3812"}],"wp:term":[{"taxonomy":"category","embeddable":true,"href":"https:\/\/www.concyl.es\/index.php\/wp-json\/wp\/v2\/categories?post=3812"},{"taxonomy":"post_tag","embeddable":true,"href":"https:\/\/www.concyl.es\/index.php\/wp-json\/wp\/v2\/tags?post=3812"}],"curies":[{"name":"wp","href":"https:\/\/api.w.org\/{rel}","templated":true}]}}