 {"id":3287,"date":"2024-04-29T11:31:39","date_gmt":"2024-04-29T11:31:39","guid":{"rendered":"https:\/\/www.concyl.es\/?p=3287"},"modified":"2024-07-08T08:09:04","modified_gmt":"2024-07-08T08:09:04","slug":"interaccion-entre-farmacos-y-alimentos","status":"publish","type":"post","link":"https:\/\/www.concyl.es\/index.php\/2024\/04\/29\/interaccion-entre-farmacos-y-alimentos\/","title":{"rendered":"Interacci\u00f3n entre f\u00e1rmacos y alimentos"},"content":{"rendered":"\n<p>Emilio de Pedro Prodomingo, vocal auton\u00f3mico de Alimentaci\u00f3n en CONCYL, nos habla en Vive! Salud de la interacci\u00f3n entre f\u00e1rmacos y alimentos.<\/p>\n\n\n\n<figure class=\"wp-block-audio\"><audio controls src=\"https:\/\/www.concyl.es\/wp-content\/uploads\/2024\/04\/Programa-1.mp3\"><\/audio><figcaption>Podcast de Tu Farmac\u00e9utico Informa, en Vive! Radio<\/figcaption><\/figure>\n\n\n\n<p><\/p>\n","protected":false},"excerpt":{"rendered":"<p>Emilio de Pedro Prodomingo, vocal auton\u00f3mico de Alimentaci\u00f3n en CONCYL, nos habla en Vive! Salud de la interacci\u00f3n entre f\u00e1rmacos y alimentos.<\/p>\n","protected":false},"author":2,"featured_media":3290,"comment_status":"closed","ping_status":"closed","sticky":false,"template":"","format":"standard","meta":{"footnotes":""},"categories":[8],"tags":[],"class_list":["post-3287","post","type-post","status-publish","format-standard","has-post-thumbnail","hentry","category-audios"],"_links":{"self":[{"href":"https:\/\/www.concyl.es\/index.php\/wp-json\/wp\/v2\/posts\/3287","targetHints":{"allow":["GET"]}}],"collection":[{"href":"https:\/\/www.concyl.es\/index.php\/wp-json\/wp\/v2\/posts"}],"about":[{"href":"https:\/\/www.concyl.es\/index.php\/wp-json\/wp\/v2\/types\/post"}],"author":[{"embeddable":true,"href":"https:\/\/www.concyl.es\/index.php\/wp-json\/wp\/v2\/users\/2"}],"replies":[{"embeddable":true,"href":"https:\/\/www.concyl.es\/index.php\/wp-json\/wp\/v2\/comments?post=3287"}],"version-history":[{"count":2,"href":"https:\/\/www.concyl.es\/index.php\/wp-json\/wp\/v2\/posts\/3287\/revisions"}],"predecessor-version":[{"id":3292,"href":"https:\/\/www.concyl.es\/index.php\/wp-json\/wp\/v2\/posts\/3287\/revisions\/3292"}],"wp:featuredmedia":[{"embeddable":true,"href":"https:\/\/www.concyl.es\/index.php\/wp-json\/wp\/v2\/media\/3290"}],"wp:attachment":[{"href":"https:\/\/www.concyl.es\/index.php\/wp-json\/wp\/v2\/media?parent=3287"}],"wp:term":[{"taxonomy":"category","embeddable":true,"href":"https:\/\/www.concyl.es\/index.php\/wp-json\/wp\/v2\/categories?post=3287"},{"taxonomy":"post_tag","embeddable":true,"href":"https:\/\/www.concyl.es\/index.php\/wp-json\/wp\/v2\/tags?post=3287"}],"curies":[{"name":"wp","href":"https:\/\/api.w.org\/{rel}","templated":true}]}}