 {"id":3243,"date":"2023-09-25T22:34:00","date_gmt":"2023-09-25T22:34:00","guid":{"rendered":"https:\/\/www.concyl.es\/?p=3243"},"modified":"2024-09-02T08:59:50","modified_gmt":"2024-09-02T08:59:50","slug":"castilla-y-leon-se-tine-de-verde-en-homenaje-a-la-profesion-farmaceutica","status":"publish","type":"post","link":"https:\/\/www.concyl.es\/index.php\/2023\/09\/25\/castilla-y-leon-se-tine-de-verde-en-homenaje-a-la-profesion-farmaceutica\/","title":{"rendered":"Castilla y Le\u00f3n se ti\u00f1e de verde en homenaje a la profesi\u00f3n farmac\u00e9utica"},"content":{"rendered":"\n<h3 class=\"wp-block-heading\" id=\"block-41e85dd7-f9ae-4bdd-ba52-200384f93776\"><br>Castilla y Le\u00f3n se ti\u00f1e de verde en homenaje a la profesi\u00f3n farmac\u00e9utica <\/h3>\n\n\n\n<p id=\"block-010492b8-b745-4282-b520-d6ba5246ba30\"><div class=\"sfsi_widget sfsi_shortcode_container\"><div class=\"norm_row sfsi_wDiv \"  style=\"width:225px;text-align:left;\"><div style='width:40px; height:40px;margin-left:5px;margin-bottom:5px; ' class='sfsi_wicons shuffeldiv ' ><div class='inerCnt'><a class=' sficn' data-effect='' target='_blank'  href='https:\/\/api.follow.it\/widgets\/icon\/b2dJdDRZbEpMdVlFM2xwQ2JYSm9SVklJS2pKY3c1RkZaekJaL0l0L0xmSGxRTUkzbCtQQ1pkY3VObFJwNVZaREM2YjZWbnVqNitrdEQ1S01ka2lqb3ZEcU5iOTR5NThiL1RoV2dNN0FNSEVIS0dsMDNkT1pUZnNWM1V1bU5acGh8ZlNMOFVweHJpQUd6RmxvcVAveVRFZ2NwUHhMSlkxMTMzNnpQMGM3WlhLOD0=\/OA==\/' id='sfsiid_email_icon' style='width:40px;height:40px;opacity:1;'  ><img data-pin-nopin='true' alt='Follow by Email' title='Follow by Email' src='https:\/\/www.concyl.es\/wp-content\/plugins\/ultimate-social-media-icons\/images\/icons_theme\/default\/default_email.png' width='40' height='40' style='' class='sfcm sfsi_wicon ' data-effect=''   \/><\/a><\/div><\/div><div style='width:40px; height:40px;margin-left:5px;margin-bottom:5px; ' class='sfsi_wicons shuffeldiv ' ><div class='inerCnt'><a class=' sficn' data-effect='' target='_blank'  href='' id='sfsiid_facebook_icon' style='width:40px;height:40px;opacity:1;'  ><img data-pin-nopin='true' alt='Facebook' title='Facebook' src='https:\/\/www.concyl.es\/wp-content\/plugins\/ultimate-social-media-icons\/images\/icons_theme\/default\/default_facebook.png' width='40' height='40' style='' class='sfcm sfsi_wicon ' data-effect=''   \/><\/a><div class=\"sfsi_tool_tip_2 fb_tool_bdr sfsiTlleft\" style=\"opacity:0;z-index:-1;\" id=\"sfsiid_facebook\"><span class=\"bot_arow bot_fb_arow\"><\/span><div class=\"sfsi_inside\"><div  class='icon2'><div class=\"fb-like\" width=\"200\" data-href=\"https:\/\/www.concyl.es\/index.php\/2023\/09\/25\/castilla-y-leon-se-tine-de-verde-en-homenaje-a-la-profesion-farmaceutica\/\"  data-send=\"false\" data-layout=\"button_count\" data-action=\"like\"><\/div><\/div><div  class='icon3'><a target='_blank' href='https:\/\/www.facebook.com\/sharer\/sharer.php?u=https%3A%2F%2Fwww.concyl.es%2Fwp-json%2Fwp%2Fv2%2Fposts%2F3243' style='display:inline-block;'  > <img class='sfsi_wicon'  data-pin-nopin='true' alt='fb-share-icon' title='Facebook Share' src='https:\/\/www.concyl.es\/wp-content\/plugins\/ultimate-social-media-icons\/images\/share_icons\/fb_icons\/en_US.svg' \/><\/a><\/div><\/div><\/div><\/div><\/div><div style='width:40px; height:40px;margin-left:5px;margin-bottom:5px; ' class='sfsi_wicons shuffeldiv ' ><div class='inerCnt'><a class=' sficn' data-effect='' target='_blank'  href='' id='sfsiid_twitter_icon' style='width:40px;height:40px;opacity:1;'  ><img data-pin-nopin='true' alt='Twitter' title='Twitter' src='https:\/\/www.concyl.es\/wp-content\/plugins\/ultimate-social-media-icons\/images\/icons_theme\/default\/default_twitter.png' width='40' height='40' style='' class='sfcm sfsi_wicon ' data-effect=''   \/><\/a><div class=\"sfsi_tool_tip_2 twt_tool_bdr sfsiTlleft\" style=\"opacity:0;z-index:-1;\" id=\"sfsiid_twitter\"><span class=\"bot_arow bot_twt_arow\"><\/span><div class=\"sfsi_inside\"><div  class='icon2'><div class='sf_twiter' style='display: inline-block;vertical-align: middle;width: auto;'>\r\n\t\t\t\t\t\t<a target='_blank' href='https:\/\/x.com\/intent\/post?text=Mira+lo+que+he+encontrado+en+www.concyl.es+https%3A%2F%2Fwww.concyl.es%2Fwp-json%2Fwp%2Fv2%2Fposts%2F3243' style='display:inline-block' >\r\n\t\t\t\t\t\t\t<img data-pin-nopin= true class='sfsi_wicon' src='https:\/\/www.concyl.es\/wp-content\/plugins\/ultimate-social-media-icons\/images\/share_icons\/Twitter_Tweet\/en_US_Tweet.svg' alt='Post on X' title='Post on X' >\r\n\t\t\t\t\t\t<\/a>\r\n\t\t\t\t\t<\/div><\/div><\/div><\/div><\/div><\/div><div style='width:40px; height:40px;margin-left:5px;margin-bottom:5px; ' class='sfsi_wicons shuffeldiv ' ><div class='inerCnt'><a class=' sficn' data-effect='' target='_blank'  href='https:\/\/api.whatsapp.com\/send?text=https%3A%2F%2Fwww.concyl.es%2Findex.php%2F2023%2F09%2F25%2Fcastilla-y-leon-se-tine-de-verde-en-homenaje-a-la-profesion-farmaceutica%2F' id='sfsiid_whatsapp_icon' style='width:40px;height:40px;opacity:1;'  ><img data-pin-nopin='true' alt='WhatsApp' title='WhatsApp' src='https:\/\/www.concyl.es\/wp-content\/plugins\/ultimate-social-media-icons\/images\/icons_theme\/default\/default_whatsapp.png' width='40' height='40' style='' class='sfcm sfsi_wicon ' data-effect=''   \/><\/a><\/div><\/div><\/div ><div id=\"sfsi_holder\" class=\"sfsi_holders\" style=\"position: relative; float: left;width:100%;z-index:-1;\"><\/div ><script>window.addEventListener(\"sfsi_functions_loaded\", function()\n\t\t\t{\n\t\t\t\tif (typeof sfsi_widget_set == \"function\") {\n\t\t\t\t\tsfsi_widget_set();\n\t\t\t\t}\n\t\t\t}); <\/script><div style=\"clear: both;\"><\/div><\/div><strong>25\/09\/2023<\/strong>\u00a0\u00a0<\/p>\n\n\n\n<p id=\"block-f19fa295-7ea1-407b-96d9-797f31bb7819\"><strong>Castilla y Le\u00f3n rinde hoy homenaje <\/strong>a sus farmac\u00e9uticos iluminando pueblos y ciudades con el caracter\u00edstico color verde que luce en las boticas. Ser\u00e1 con motivo del D\u00eda Mundial del Farmac\u00e9utico, que se conmemora hoy 25 de septiembre, y que proyectar\u00e1 su emblem\u00e1tica luz sobre los rincones m\u00e1s representativos de la Comunidad. Castilla y Le\u00f3n hace as\u00ed un gui\u00f1o a la labor del sector, que en esta edici\u00f3n recuerda que se aproveche todo su potencial para reforzar la capacidad asistencial del sistema de salud.<\/p>\n\n\n<p><!--more--><\/p>\n\n\n<p>Entre los lugares m\u00e1s emblem\u00e1ticos que se iluminar\u00e1n se encuentran la fuente de Santo Tom\u00e1s y el Teatro Juan Bravo, en Segovia; el Ayuntamiento y la C\u00fapula del Milenio, en Valladolid; la Plaza Mayor, la Diputaci\u00f3n y el Cristo del Otero, en Palencia; el Ayuntamiento, en Burgos; los Ayuntamientos de Zamora, Toro y Benavente, la Diputaci\u00f3n y las Murallas de La Puebla de Sanabria, en Zamora; el Palacio de la Diputaci\u00f3n, Casa Botines, el Ayuntamiento y la Fuente de Santo Domingo, en Le\u00f3n; la Audiencia y la Diputaci\u00f3n, en Soria;<\/p>\n\n\n\n<p><strong><u>La profesi\u00f3n farmac\u00e9utica en Castilla y Le\u00f3n<\/u><\/strong><\/p>\n\n\n\n<p>En Castilla y Le\u00f3n <strong>hay 4.246 farmac\u00e9uticos colegiados (un total del 73,9 % son mujeres) con una edad media en la profesi\u00f3n de 50 a\u00f1os. <\/strong>Los \u00e1mbitos profesionales son diversos: 75,84% profesionales en activo ejercen en Farmacia Comunitaria; 10,22% en Ortopedia; 12,03% en Alimentaci\u00f3n; 6,81% en Farmacia Hospitalaria; 2,90% en Adm\u00f3n. y Salud P\u00fablica; 1,76% en An\u00e1lisis Cl\u00ednicos; 1,08% en Industria; 0,82% en Distribuci\u00f3n; 0,33% en Docencia e Investigaci\u00f3n; 0,45% en \u00d3ptica y Ac\u00fastica; y 5,30% en otras actividades.<\/p>\n\n\n\n<p>Castilla y Le\u00f3n cuenta en la actualidad con 1.599 oficinas de farmacia. M\u00e1s de la mitad (50,78 %) se encuentran en zonas rurales. Asimismo, hay 271 botiquines repartidos en el territorio de Castilla y Le\u00f3n.<\/p>\n","protected":false},"excerpt":{"rendered":"<p>Castilla y Le\u00f3n se ti\u00f1e de verde en homenaje a la profesi\u00f3n farmac\u00e9utica 25\/09\/2023\u00a0\u00a0 Castilla y Le\u00f3n rinde hoy homenaje a sus farmac\u00e9uticos iluminando pueblos y ciudades con el caracter\u00edstico color verde que luce en las boticas. Ser\u00e1 con motivo del D\u00eda Mundial del Farmac\u00e9utico, que se conmemora hoy 25 de septiembre, y que proyectar\u00e1 [&hellip;]<\/p>\n","protected":false},"author":2,"featured_media":0,"comment_status":"closed","ping_status":"closed","sticky":false,"template":"","format":"standard","meta":{"footnotes":""},"categories":[9],"tags":[],"class_list":["post-3243","post","type-post","status-publish","format-standard","hentry","category-comunicados"],"_links":{"self":[{"href":"https:\/\/www.concyl.es\/index.php\/wp-json\/wp\/v2\/posts\/3243","targetHints":{"allow":["GET"]}}],"collection":[{"href":"https:\/\/www.concyl.es\/index.php\/wp-json\/wp\/v2\/posts"}],"about":[{"href":"https:\/\/www.concyl.es\/index.php\/wp-json\/wp\/v2\/types\/post"}],"author":[{"embeddable":true,"href":"https:\/\/www.concyl.es\/index.php\/wp-json\/wp\/v2\/users\/2"}],"replies":[{"embeddable":true,"href":"https:\/\/www.concyl.es\/index.php\/wp-json\/wp\/v2\/comments?post=3243"}],"version-history":[{"count":1,"href":"https:\/\/www.concyl.es\/index.php\/wp-json\/wp\/v2\/posts\/3243\/revisions"}],"predecessor-version":[{"id":3244,"href":"https:\/\/www.concyl.es\/index.php\/wp-json\/wp\/v2\/posts\/3243\/revisions\/3244"}],"wp:attachment":[{"href":"https:\/\/www.concyl.es\/index.php\/wp-json\/wp\/v2\/media?parent=3243"}],"wp:term":[{"taxonomy":"category","embeddable":true,"href":"https:\/\/www.concyl.es\/index.php\/wp-json\/wp\/v2\/categories?post=3243"},{"taxonomy":"post_tag","embeddable":true,"href":"https:\/\/www.concyl.es\/index.php\/wp-json\/wp\/v2\/tags?post=3243"}],"curies":[{"name":"wp","href":"https:\/\/api.w.org\/{rel}","templated":true}]}}