 {"id":3230,"date":"2023-11-24T21:07:00","date_gmt":"2023-11-24T21:07:00","guid":{"rendered":"https:\/\/www.concyl.es\/?p=3230"},"modified":"2024-09-02T08:58:57","modified_gmt":"2024-09-02T08:58:57","slug":"opioides-y-antidiabeticos-v-jornada-de-farmacovigilancia-en-castilla-y-leon","status":"publish","type":"post","link":"https:\/\/www.concyl.es\/index.php\/2023\/11\/24\/opioides-y-antidiabeticos-v-jornada-de-farmacovigilancia-en-castilla-y-leon\/","title":{"rendered":"Opioides y antidiab\u00e9ticos: V Jornada de Farmacovigilancia en Castilla y Le\u00f3n"},"content":{"rendered":"\n<h3 class=\"wp-block-heading\" id=\"block-70c0724e-f5c8-45de-8c26-851f2a9f48c9\"><br>Opioides y antidiab\u00e9ticos: V Jornada de Farmacovigilancia en Castilla y Le\u00f3n <\/h3>\n\n\n\n<p><div class=\"sfsi_widget sfsi_shortcode_container\"><div class=\"norm_row sfsi_wDiv \"  style=\"width:225px;text-align:left;\"><div style='width:40px; height:40px;margin-left:5px;margin-bottom:5px; ' class='sfsi_wicons shuffeldiv ' ><div class='inerCnt'><a class=' sficn' data-effect='' target='_blank'  href='https:\/\/api.follow.it\/widgets\/icon\/b2dJdDRZbEpMdVlFM2xwQ2JYSm9SVklJS2pKY3c1RkZaekJaL0l0L0xmSGxRTUkzbCtQQ1pkY3VObFJwNVZaREM2YjZWbnVqNitrdEQ1S01ka2lqb3ZEcU5iOTR5NThiL1RoV2dNN0FNSEVIS0dsMDNkT1pUZnNWM1V1bU5acGh8ZlNMOFVweHJpQUd6RmxvcVAveVRFZ2NwUHhMSlkxMTMzNnpQMGM3WlhLOD0=\/OA==\/' id='sfsiid_email_icon' style='width:40px;height:40px;opacity:1;'  ><img data-pin-nopin='true' alt='Follow by Email' title='Follow by Email' src='https:\/\/www.concyl.es\/wp-content\/plugins\/ultimate-social-media-icons\/images\/icons_theme\/default\/default_email.png' width='40' height='40' style='' class='sfcm sfsi_wicon ' data-effect=''   \/><\/a><\/div><\/div><div style='width:40px; height:40px;margin-left:5px;margin-bottom:5px; ' class='sfsi_wicons shuffeldiv ' ><div class='inerCnt'><a class=' sficn' data-effect='' target='_blank'  href='' id='sfsiid_facebook_icon' style='width:40px;height:40px;opacity:1;'  ><img data-pin-nopin='true' alt='Facebook' title='Facebook' src='https:\/\/www.concyl.es\/wp-content\/plugins\/ultimate-social-media-icons\/images\/icons_theme\/default\/default_facebook.png' width='40' height='40' style='' class='sfcm sfsi_wicon ' data-effect=''   \/><\/a><div class=\"sfsi_tool_tip_2 fb_tool_bdr sfsiTlleft\" style=\"opacity:0;z-index:-1;\" id=\"sfsiid_facebook\"><span class=\"bot_arow bot_fb_arow\"><\/span><div class=\"sfsi_inside\"><div  class='icon2'><div class=\"fb-like\" width=\"200\" data-href=\"https:\/\/www.concyl.es\/index.php\/2023\/11\/24\/opioides-y-antidiabeticos-v-jornada-de-farmacovigilancia-en-castilla-y-leon\/\"  data-send=\"false\" data-layout=\"button_count\" data-action=\"like\"><\/div><\/div><div  class='icon3'><a target='_blank' href='https:\/\/www.facebook.com\/sharer\/sharer.php?u=https%3A%2F%2Fwww.concyl.es%2Fwp-json%2Fwp%2Fv2%2Fposts%2F3230' style='display:inline-block;'  > <img class='sfsi_wicon'  data-pin-nopin='true' alt='fb-share-icon' title='Facebook Share' src='https:\/\/www.concyl.es\/wp-content\/plugins\/ultimate-social-media-icons\/images\/share_icons\/fb_icons\/en_US.svg' \/><\/a><\/div><\/div><\/div><\/div><\/div><div style='width:40px; height:40px;margin-left:5px;margin-bottom:5px; ' class='sfsi_wicons shuffeldiv ' ><div class='inerCnt'><a class=' sficn' data-effect='' target='_blank'  href='' id='sfsiid_twitter_icon' style='width:40px;height:40px;opacity:1;'  ><img data-pin-nopin='true' alt='Twitter' title='Twitter' src='https:\/\/www.concyl.es\/wp-content\/plugins\/ultimate-social-media-icons\/images\/icons_theme\/default\/default_twitter.png' width='40' height='40' style='' class='sfcm sfsi_wicon ' data-effect=''   \/><\/a><div class=\"sfsi_tool_tip_2 twt_tool_bdr sfsiTlleft\" style=\"opacity:0;z-index:-1;\" id=\"sfsiid_twitter\"><span class=\"bot_arow bot_twt_arow\"><\/span><div class=\"sfsi_inside\"><div  class='icon2'><div class='sf_twiter' style='display: inline-block;vertical-align: middle;width: auto;'>\r\n\t\t\t\t\t\t<a target='_blank' href='https:\/\/x.com\/intent\/post?text=Mira+lo+que+he+encontrado+en+www.concyl.es+https%3A%2F%2Fwww.concyl.es%2Fwp-json%2Fwp%2Fv2%2Fposts%2F3230' style='display:inline-block' >\r\n\t\t\t\t\t\t\t<img data-pin-nopin= true class='sfsi_wicon' src='https:\/\/www.concyl.es\/wp-content\/plugins\/ultimate-social-media-icons\/images\/share_icons\/Twitter_Tweet\/en_US_Tweet.svg' alt='Post on X' title='Post on X' >\r\n\t\t\t\t\t\t<\/a>\r\n\t\t\t\t\t<\/div><\/div><\/div><\/div><\/div><\/div><div style='width:40px; height:40px;margin-left:5px;margin-bottom:5px; ' class='sfsi_wicons shuffeldiv ' ><div class='inerCnt'><a class=' sficn' data-effect='' target='_blank'  href='https:\/\/api.whatsapp.com\/send?text=https%3A%2F%2Fwww.concyl.es%2Findex.php%2F2023%2F11%2F24%2Fopioides-y-antidiabeticos-v-jornada-de-farmacovigilancia-en-castilla-y-leon%2F' id='sfsiid_whatsapp_icon' style='width:40px;height:40px;opacity:1;'  ><img data-pin-nopin='true' alt='WhatsApp' title='WhatsApp' src='https:\/\/www.concyl.es\/wp-content\/plugins\/ultimate-social-media-icons\/images\/icons_theme\/default\/default_whatsapp.png' width='40' height='40' style='' class='sfcm sfsi_wicon ' data-effect=''   \/><\/a><\/div><\/div><\/div ><div id=\"sfsi_holder\" class=\"sfsi_holders\" style=\"position: relative; float: left;width:100%;z-index:-1;\"><\/div ><script>window.addEventListener(\"sfsi_functions_loaded\", function()\n\t\t\t{\n\t\t\t\tif (typeof sfsi_widget_set == \"function\") {\n\t\t\t\t\tsfsi_widget_set();\n\t\t\t\t}\n\t\t\t}); <\/script><div style=\"clear: both;\"><\/div><\/div><strong>24\/11\/2023<\/strong>&nbsp;&nbsp;Los farmac\u00e9uticos de la Red Centinela de Castilla y Le\u00f3n se dan cita hoy en Valladolid en la V Jornada de Farmacovigilancia de la Red de Farmacias Centinela de Castilla y Le\u00f3n, un punto de encuentro y debate en el que las farmacias de la Comunidad hacen balance de su labor y ponen sobre la mesa nuevos proyectos y retos futuros.<\/p>\n\n\n\n<p><!--more-->La cita est\u00e1 organizada por el CONCYL-Consejo de Colegios Profesionales de Farmac\u00e9uticos de Castilla y Le\u00f3n, la Consejer\u00eda de Sanidad y el Centro Regional de Farmacovigilancia de Castilla y Le\u00f3n y pone el acento en la importancia de la oficina de farmacia en las labores de Farmacovigilancia y Salud P\u00fablica.<\/p>\n\n\n\n<p>En total son 175 las farmacias de la Comunidad que realizan esa labor de <strong>guardianas del uso seguro de los medicamentos. Adem\u00e1s, est\u00e1n inmersas en diversos estudios de investigaci\u00f3n que arrojan datos de gran inter\u00e9s para desarrollar l\u00edneas de trabajo en materia de Salud P\u00fablica<\/strong>. Estas farmacias est\u00e1n distribuidas de forma estrat\u00e9gica por todo el territorio de Castilla y Le\u00f3n (teniendo en cuenta, entre otros par\u00e1metros, criterios poblacionales) y se convierten en un term\u00f3metro sanitario de primer orden para anticipar datos tan relevantes como las oleadas epid\u00e9micas en ciertas enfermedades, la evoluci\u00f3n de los procesos de vacunaci\u00f3n o el registro de episodios en los que el uso de ciertos f\u00e1rmacos ha derivado en problemas de distinta \u00edndole.<\/p>\n\n\n\n<p>Desde su puesta en marcha en 2015, la red de farmacias centinela ha abordado diversos estudios: se analiz\u00f3 el uso seguro de los anticoagulantes orales, se revis\u00f3 el uso de estatinas para el colesterol, el consumo de medicamentos antigripales y, tras la pandemia, se realiz\u00f3 un macroestudio sobre seguridad y seroprevalencia de las vacunas contra la COVID-19, sobre los diferentes protocolos de administraci\u00f3n y su eficacia.<\/p>\n\n\n\n<p>En la actualidad son dos grupos de pacientes los que est\u00e1n bajo el foco de las centinela de Castilla y Le\u00f3n: aquellos que toman los f\u00e1rmacos antidiab\u00e9ticos orales de nueva comercializaci\u00f3n y los que tienen prescritos opioides.<\/p>\n\n\n\n<p><strong>Estudio sobre los nuevos antidiab\u00e9ticos orales: se analizan 400 pacientes de CyL<\/strong><\/p>\n\n\n\n<p>En el caso de los nuevos antidiab\u00e9ticos orales, el estudio de investigaci\u00f3n arranc\u00f3 en 2021 y se han analizado m\u00e1s de 400 pacientes en la Comunidad. Se trata de nuevos f\u00e1rmacos que han evidenciado su gran utilidad en pacientes con diabetes mellitus tipo 2 (uno de los principales grupos de pacientes cr\u00f3nicos no s\u00f3lo en Espa\u00f1a sino en los pa\u00edses occidentales), de ah\u00ed que la Red centinela haya considerado conveniente un estudio exhaustivo de la seguridad en el uso de estos nuevos medicamentos. En su an\u00e1lisis, <strong>se ha detectado que el uso de determinados medicamentos agudiza el riesgo de fractura osteopor\u00f3tica<\/strong>. <strong>Este hallazgo permitir\u00e1 realizar a este grupo de pacientes una dispensaci\u00f3n m\u00e1s espec\u00edfica del antidiab\u00e9tico m\u00e1s adecuado.<\/strong><\/p>\n\n\n\n<p><strong>Estudio sobre el consumo de opioides: m\u00e1s de 540 pacientes de CyL bajo el foco<\/strong><\/p>\n\n\n\n<p>Las farmacias centinela de Castilla y Le\u00f3n est\u00e1n embarcadas desde abril de 2023 en otro estudio de investigaci\u00f3n que ha puesto el foco en los f\u00e1rmacos opioides. Este estudio se inicia tras observarse que el consumo de este tipo de f\u00e1rmacos se ha multiplicado en los \u00faltimos a\u00f1os. De hecho, <strong>entre 2012 y 2021 se ha duplicado su consumo<\/strong> y est\u00e1n aumentando las adicciones y dependencias. El f\u00e1rmaco Tramadol es el principal protagonista de este incremento. &nbsp;<\/p>\n\n\n\n<p>El objetivo del estudio, analizar la presencia de reacciones adversas relacionadas con estos f\u00e1rmacos, as\u00ed como s\u00edndromes de dependencia o abstinencia en los pacientes. Se ha hecho un an\u00e1lisis de m\u00e1s de 530 pacientes de Castilla y Le\u00f3n divididos en 3 grupos: pacientes que usan opioides que se consideran menores (como el Tramadol); pacientes que tienen pautados opioides m\u00e1s potentes (opioides mayores, como el Fentanilo, la Oxicodona o la Morfina); y un tercer grupo de control con pacientes en tratamiento con un analg\u00e9sico no opioide como el Paracetamol. Hay que tener en cuenta que los opioides menores requieren de receta ordinaria y los opioides mayores requieren de receta oficial de estupefacientes.<\/p>\n\n\n\n<p>Los pacientes evaluados llevaban m\u00e1s de tres meses en tratamiento y se han analizado los problemas de salud que han tenido en ese tiempo relacionados con las reacciones adversas m\u00e1s frecuentes en este tipo de pacientes: somnolencia, mareos, problemas en el sistema nervioso central, dependencia, s\u00edndrome de abstinencia en caso de retirada del f\u00e1rmaco&#8230; Tambi\u00e9n se est\u00e1 analizando si estas reacciones son m\u00e1s o menos frecuentes y graves dependiendo del tipo de opioide.<\/p>\n\n\n\n<p>Aunque la Red de Farmacias Centinela a\u00fan est\u00e1 en fase de an\u00e1lisis de datos, el estudio ya arroja conclusiones preliminares de inter\u00e9s. <strong>Se ha detectado que los pacientes tratados con opioides menores tienen m\u00e1s riesgo de reacciones adversas de lo esperado, respecto a las de pacientes tratados con opioides mayores. De ah\u00ed la importancia de poner el foco en esa falsa sensaci\u00f3n de inocuidad que suele acompa\u00f1ar a los opioides menores.<\/strong><\/p>\n\n\n\n<p><strong>Reacciones adversas y errores de medicaci\u00f3n detectados<\/strong><\/p>\n\n\n\n<p>Adem\u00e1s de los estudios de investigaci\u00f3n, la red de farmacias centinela se encarga de notificar cualquier anomal\u00eda vinculada a los medicamentos. As\u00ed, <strong>d<\/strong><strong>esde la puesta en marcha de la Red, <\/strong>en septiembre de 2015,<strong> se han registrado m\u00e1s de 640 problemas relacionados con f\u00e1rmacos. Concretamente, 355 reacciones adversas y 291 errores de medicaci\u00f3n en Castilla y Le\u00f3n. <\/strong>Las anomal\u00edas que se detectan tienen un impacto directo en la poblaci\u00f3n. Concretamente, las reacciones adversas implican que un paciente ha tenido una consecuencia cl\u00ednica por el uso de un medicamento. Solamente en el estudio de opioides, se han comunicado 21 reacciones adversas graves, comunicadas al Centro de Farmacovigilancia de Castilla y Le\u00f3n.<\/p>\n\n\n\n<p>El objetivo de esta notificaci\u00f3n por parte del farmac\u00e9utico es que el Centro de Farmacovigilancia de Castilla y Le\u00f3n pueda establecer una se\u00f1al que permita a\u00f1adir si fuera necesario dicha reacci\u00f3n adversa a la ficha t\u00e9cnica del medicamento. En el caso de los errores de medicaci\u00f3n, engloban distintos episodios: desde interacciones con otros f\u00e1rmacos, a mal uso del medicamento por parte del paciente, o f\u00e1rmacos que generan confusi\u00f3n con otros por sus similitudes fon\u00e9ticas.<strong><\/strong><\/p>\n\n\n\n<p>Autoridades sanitarias, representantes de la Consejer\u00eda de Sanidad, de la AEMPS, del Consejo General de Farmac\u00e9uticos y de CONCYL-Consejo de Colegios Profesionales de Farmac\u00e9uticos de CyL estar\u00e1n presentes hoy en estas Jornadas en las que la seguridad de los f\u00e1rmacos ser\u00e1 la protagonista. La cita contar\u00e1 adem\u00e1s con la intervenci\u00f3n de responsables del Centro Auton\u00f3mico de farmacovigilancia, farmac\u00e9uticos de la red que contar\u00e1n su experiencia y los <strong>miembros de la Comisi\u00f3n de Seguimiento de la Red de Farmacias Centinela que tambi\u00e9n participar\u00e1n en las mesas<\/strong>: Teresa L\u00f3pez Gutierrez, (Jefa del Servicio de Ordenaci\u00f3n Sanitaria y miembro de la Comisi\u00f3n de Seguimiento), Juan Prieto Corpas (coordinador de la Red), Jos\u00e9 Luis N\u00e1jera, Carlos Trece\u00f1o y Jos\u00e9 Espinosa (miembros de la Comisi\u00f3n de Seguimiento).<\/p>\n\n\n\n<p><strong>Durante su intervenci\u00f3n en la Jornada de Farmacovigilancia, el presidente de CONCYL, Javier Herrad\u00f3n, <\/strong>ha<strong> <\/strong>hecho hincapi\u00e9 en que la participaci\u00f3n de las farmacias de esta Red en la identificaci\u00f3n, evaluaci\u00f3n y prevenci\u00f3n de riesgos asociados a los medicamentos \u201cmultiplica las notificaciones al sistema de farmacovigilancia, garantiza su calidad y es <strong>una herramienta clave para la Salud P\u00fablica de Castilla y Le\u00f3n y para la seguridad de los pacientes<\/strong>\u201d. Al mismo tiempo, Herrad\u00f3n record\u00f3 que la Red de Farmacias Centinela de Castilla y Le\u00f3n es a d\u00eda de hoy \u201c<strong>un referente a nivel nacional<\/strong> por la excelente labor que est\u00e1 realizando y por su car\u00e1cter innovador\u201d. &nbsp;<\/p>\n\n\n\n<p>Por su parte, <strong>la secretaria general del Consejo General de Farmac\u00e9uticos de Espa\u00f1a, Raquel Mart\u00ednez,<\/strong> se\u00f1al\u00f3 que \u201cel objetivo en el que trabaja la Organizaci\u00f3n Farmac\u00e9utica Colegial es <strong>poner en valor toda esta experiencia y conocimiento generado por la Red de Farmacias Centinela de Castilla y Le\u00f3n como base de una Red Nacional de Farmacias Centinela<\/strong>\u201d. A\u00f1adi\u00f3 que \u201cla labor que desarrollan son nuestra mejor carta de presentaci\u00f3n y prueba de que la farmacia comunitaria puede, quiere y debe tener una mayor implicaci\u00f3n y un papel m\u00e1s activo en materia de salud p\u00fablica; un paso necesario si queremos reforzar las capacidades de nuestro Sistema Nacional de Salud\u201d.<\/p>\n\n\n\n<p><strong>El debate, <\/strong>que tendr\u00e1 lugar a lo largo de toda la jornada,<strong> se desarrollar\u00e1 en torno a una ponencia impartida por el Centro auton\u00f3mico de Farmacovigilancia y 3 mesas redondas,<\/strong> en las que se presentar\u00e1n los estudios que est\u00e1n en marcha, se compartir\u00e1n proyectos y experiencias de la Red y se analizar\u00e1 el papel de la Farmacia como agente de Salud P\u00fablica.<\/p>\n\n\n\n<p><strong>En el acto inaugural de la Jornada han estado presentes<\/strong> la directora general de Salud P\u00fablica de la Consejer\u00eda de Sanidad, Sonia Tamames, la secretaria general del Consejo General de Colegios Oficiales de Farmac\u00e9uticos, Raquel Mart\u00ednez, y el presidente del CONCYL, Javier Herrad\u00f3n.<\/p>\n","protected":false},"excerpt":{"rendered":"<p>Opioides y antidiab\u00e9ticos: V Jornada de Farmacovigilancia en Castilla y Le\u00f3n 24\/11\/2023&nbsp;&nbsp;Los farmac\u00e9uticos de la Red Centinela de Castilla y Le\u00f3n se dan cita hoy en Valladolid en la V Jornada de Farmacovigilancia de la Red de Farmacias Centinela de Castilla y Le\u00f3n, un punto de encuentro y debate en el que las farmacias de [&hellip;]<\/p>\n","protected":false},"author":2,"featured_media":3232,"comment_status":"closed","ping_status":"closed","sticky":false,"template":"","format":"standard","meta":{"footnotes":""},"categories":[9],"tags":[],"class_list":["post-3230","post","type-post","status-publish","format-standard","has-post-thumbnail","hentry","category-comunicados"],"_links":{"self":[{"href":"https:\/\/www.concyl.es\/index.php\/wp-json\/wp\/v2\/posts\/3230","targetHints":{"allow":["GET"]}}],"collection":[{"href":"https:\/\/www.concyl.es\/index.php\/wp-json\/wp\/v2\/posts"}],"about":[{"href":"https:\/\/www.concyl.es\/index.php\/wp-json\/wp\/v2\/types\/post"}],"author":[{"embeddable":true,"href":"https:\/\/www.concyl.es\/index.php\/wp-json\/wp\/v2\/users\/2"}],"replies":[{"embeddable":true,"href":"https:\/\/www.concyl.es\/index.php\/wp-json\/wp\/v2\/comments?post=3230"}],"version-history":[{"count":4,"href":"https:\/\/www.concyl.es\/index.php\/wp-json\/wp\/v2\/posts\/3230\/revisions"}],"predecessor-version":[{"id":3240,"href":"https:\/\/www.concyl.es\/index.php\/wp-json\/wp\/v2\/posts\/3230\/revisions\/3240"}],"wp:featuredmedia":[{"embeddable":true,"href":"https:\/\/www.concyl.es\/index.php\/wp-json\/wp\/v2\/media\/3232"}],"wp:attachment":[{"href":"https:\/\/www.concyl.es\/index.php\/wp-json\/wp\/v2\/media?parent=3230"}],"wp:term":[{"taxonomy":"category","embeddable":true,"href":"https:\/\/www.concyl.es\/index.php\/wp-json\/wp\/v2\/categories?post=3230"},{"taxonomy":"post_tag","embeddable":true,"href":"https:\/\/www.concyl.es\/index.php\/wp-json\/wp\/v2\/tags?post=3230"}],"curies":[{"name":"wp","href":"https:\/\/api.w.org\/{rel}","templated":true}]}}