 {"id":3224,"date":"2023-11-02T21:59:00","date_gmt":"2023-11-02T21:59:00","guid":{"rendered":"https:\/\/www.concyl.es\/?p=3224"},"modified":"2024-07-03T07:57:05","modified_gmt":"2024-07-03T07:57:05","slug":"el-ministro-de-sanidad-apoya-el-programa-de-escuelas-rurales-de-salud-puesto-en-marcha-en-farmacias-de-castilla-y-leon","status":"publish","type":"post","link":"https:\/\/www.concyl.es\/index.php\/2023\/11\/02\/el-ministro-de-sanidad-apoya-el-programa-de-escuelas-rurales-de-salud-puesto-en-marcha-en-farmacias-de-castilla-y-leon\/","title":{"rendered":"El ministro de Sanidad apoya el programa de Escuelas Rurales de Salud puesto en marcha en farmacias de Castilla y Le\u00f3n"},"content":{"rendered":"\n<h3 class=\"wp-block-heading\" id=\"block-70c0724e-f5c8-45de-8c26-851f2a9f48c9\"><br>El ministro de Sanidad apoya el programa de Escuelas Rurales de Salud puesto en marcha en farmacias de Castilla y Le\u00f3n<\/h3>\n\n\n\n<p><div class=\"sfsi_widget sfsi_shortcode_container\"><div class=\"norm_row sfsi_wDiv \"  style=\"width:225px;text-align:left;\"><div style='width:40px; height:40px;margin-left:5px;margin-bottom:5px; ' class='sfsi_wicons shuffeldiv ' ><div class='inerCnt'><a class=' sficn' data-effect='' target='_blank'  href='https:\/\/api.follow.it\/widgets\/icon\/b2dJdDRZbEpMdVlFM2xwQ2JYSm9SVklJS2pKY3c1RkZaekJaL0l0L0xmSGxRTUkzbCtQQ1pkY3VObFJwNVZaREM2YjZWbnVqNitrdEQ1S01ka2lqb3ZEcU5iOTR5NThiL1RoV2dNN0FNSEVIS0dsMDNkT1pUZnNWM1V1bU5acGh8ZlNMOFVweHJpQUd6RmxvcVAveVRFZ2NwUHhMSlkxMTMzNnpQMGM3WlhLOD0=\/OA==\/' id='sfsiid_email_icon' style='width:40px;height:40px;opacity:1;'  ><img data-pin-nopin='true' alt='Follow by Email' title='Follow by Email' src='https:\/\/www.concyl.es\/wp-content\/plugins\/ultimate-social-media-icons\/images\/icons_theme\/default\/default_email.png' width='40' height='40' style='' class='sfcm sfsi_wicon ' data-effect=''   \/><\/a><\/div><\/div><div style='width:40px; height:40px;margin-left:5px;margin-bottom:5px; ' class='sfsi_wicons shuffeldiv ' ><div class='inerCnt'><a class=' sficn' data-effect='' target='_blank'  href='' id='sfsiid_facebook_icon' style='width:40px;height:40px;opacity:1;'  ><img data-pin-nopin='true' alt='Facebook' title='Facebook' src='https:\/\/www.concyl.es\/wp-content\/plugins\/ultimate-social-media-icons\/images\/icons_theme\/default\/default_facebook.png' width='40' height='40' style='' class='sfcm sfsi_wicon ' data-effect=''   \/><\/a><div class=\"sfsi_tool_tip_2 fb_tool_bdr sfsiTlleft\" style=\"opacity:0;z-index:-1;\" id=\"sfsiid_facebook\"><span class=\"bot_arow bot_fb_arow\"><\/span><div class=\"sfsi_inside\"><div  class='icon2'><div class=\"fb-like\" width=\"200\" data-href=\"https:\/\/www.concyl.es\/index.php\/2023\/11\/02\/el-ministro-de-sanidad-apoya-el-programa-de-escuelas-rurales-de-salud-puesto-en-marcha-en-farmacias-de-castilla-y-leon\/\"  data-send=\"false\" data-layout=\"button_count\" data-action=\"like\"><\/div><\/div><div  class='icon3'><a target='_blank' href='https:\/\/www.facebook.com\/sharer\/sharer.php?u=https%3A%2F%2Fwww.concyl.es%2Fwp-json%2Fwp%2Fv2%2Fposts%2F3224' style='display:inline-block;'  > <img class='sfsi_wicon'  data-pin-nopin='true' alt='fb-share-icon' title='Facebook Share' src='https:\/\/www.concyl.es\/wp-content\/plugins\/ultimate-social-media-icons\/images\/share_icons\/fb_icons\/en_US.svg' \/><\/a><\/div><\/div><\/div><\/div><\/div><div style='width:40px; height:40px;margin-left:5px;margin-bottom:5px; ' class='sfsi_wicons shuffeldiv ' ><div class='inerCnt'><a class=' sficn' data-effect='' target='_blank'  href='' id='sfsiid_twitter_icon' style='width:40px;height:40px;opacity:1;'  ><img data-pin-nopin='true' alt='Twitter' title='Twitter' src='https:\/\/www.concyl.es\/wp-content\/plugins\/ultimate-social-media-icons\/images\/icons_theme\/default\/default_twitter.png' width='40' height='40' style='' class='sfcm sfsi_wicon ' data-effect=''   \/><\/a><div class=\"sfsi_tool_tip_2 twt_tool_bdr sfsiTlleft\" style=\"opacity:0;z-index:-1;\" id=\"sfsiid_twitter\"><span class=\"bot_arow bot_twt_arow\"><\/span><div class=\"sfsi_inside\"><div  class='icon2'><div class='sf_twiter' style='display: inline-block;vertical-align: middle;width: auto;'>\r\n\t\t\t\t\t\t<a target='_blank' href='https:\/\/x.com\/intent\/post?text=Mira+lo+que+he+encontrado+en+www.concyl.es+https%3A%2F%2Fwww.concyl.es%2Fwp-json%2Fwp%2Fv2%2Fposts%2F3224' style='display:inline-block' >\r\n\t\t\t\t\t\t\t<img data-pin-nopin= true class='sfsi_wicon' src='https:\/\/www.concyl.es\/wp-content\/plugins\/ultimate-social-media-icons\/images\/share_icons\/Twitter_Tweet\/en_US_Tweet.svg' alt='Post on X' title='Post on X' >\r\n\t\t\t\t\t\t<\/a>\r\n\t\t\t\t\t<\/div><\/div><\/div><\/div><\/div><\/div><div style='width:40px; height:40px;margin-left:5px;margin-bottom:5px; ' class='sfsi_wicons shuffeldiv ' ><div class='inerCnt'><a class=' sficn' data-effect='' target='_blank'  href='https:\/\/api.whatsapp.com\/send?text=https%3A%2F%2Fwww.concyl.es%2Findex.php%2F2023%2F11%2F02%2Fel-ministro-de-sanidad-apoya-el-programa-de-escuelas-rurales-de-salud-puesto-en-marcha-en-farmacias-de-castilla-y-leon%2F' id='sfsiid_whatsapp_icon' style='width:40px;height:40px;opacity:1;'  ><img data-pin-nopin='true' alt='WhatsApp' title='WhatsApp' src='https:\/\/www.concyl.es\/wp-content\/plugins\/ultimate-social-media-icons\/images\/icons_theme\/default\/default_whatsapp.png' width='40' height='40' style='' class='sfcm sfsi_wicon ' data-effect=''   \/><\/a><\/div><\/div><\/div ><div id=\"sfsi_holder\" class=\"sfsi_holders\" style=\"position: relative; float: left;width:100%;z-index:-1;\"><\/div ><script>window.addEventListener(\"sfsi_functions_loaded\", function()\n\t\t\t{\n\t\t\t\tif (typeof sfsi_widget_set == \"function\") {\n\t\t\t\t\tsfsi_widget_set();\n\t\t\t\t}\n\t\t\t}); <\/script><div style=\"clear: both;\"><\/div><\/div><strong>2\/11\/2023<\/strong>&nbsp;&nbsp;M\u00e1s de un centenar de farmacias de peque\u00f1os entornos de Castilla y Le\u00f3n de menos de 5.000 habitantes se han convertido, en el marco del Programa<em> Escuelas rurales de salud: educaci\u00f3n sanitaria por el farmac\u00e9utico<\/em>, en escuelas que ofrecen formaci\u00f3n a la poblaci\u00f3n sobre educaci\u00f3n sanitaria, abordando temas como la cesaci\u00f3n tab\u00e1quica, la anticoncepci\u00f3n o la prevenci\u00f3n de la malnutrici\u00f3n.<\/p>\n\n\n<p><!--more--><\/p>\n\n\n<p>La iniciativa, promovida por el Consejo General de Colegios de Farmac\u00e9uticos, el Consejo de Colegios Profesionales de Farmac\u00e9uticos de Castilla y Le\u00f3n y los 9 colegios provinciales de la autonom\u00eda, ha contado este jueves en un acto de presentaci\u00f3n oficial del proyecto en Velayos (\u00c1vila), con el respaldo del ministro de Sanidad, Jos\u00e9 Manuel Mi\u00f1ones.<\/p>\n\n\n\n<p>&nbsp;El ministro de Sanidad en funciones, Jos\u00e9 Manuel Mi\u00f1ones, ha subrayado el potencial de las farmacias rurales como aulas de prevenci\u00f3n de enfermedades y de formaci\u00f3n en salud para la ciudadan\u00eda. Adem\u00e1s, Mi\u00f1ones ha reafirmado el compromiso del Gobierno de Espa\u00f1a en la respuesta frente al reto demogr\u00e1fico y la despoblaci\u00f3n, a trav\u00e9s de iniciativas como este programa con el que tambi\u00e9n se persigue el objetivo de garantizar el acceso en equidad de toda la poblaci\u00f3n a los servicios de salud.<\/p>\n\n\n\n<p>Seg\u00fan Mi\u00f1ones \u201cla oficina de farmacia debe ser una escuela de salud para la promoci\u00f3n de h\u00e1bitos saludables, pero tambi\u00e9n para servir de pilar en la prevenci\u00f3n. Esa labor de prevenci\u00f3n ya no es algo que se haga solo desde los ayuntamientos o los centros de salud sino que debe hacerse tambi\u00e9n desde las Farmacias\u201d.<\/p>\n\n\n\n<p>Concretamente, 109 farmacias de todas las provincias de Castilla y Le\u00f3n ubicadas en peque\u00f1os municipios se han sumado a esta iniciativa que cuenta con el apoyo del Ministerio para la Transici\u00f3n Ecol\u00f3gica y Reto Demogr\u00e1fico. Toda la Comunidad est\u00e1 involucrada: 12 farmacias en \u00c1vila; 14 en Burgos; 14 en Le\u00f3n; 9 en Palencia; 18 en Salamanca; 10 en Segovia; 9 en Soria; 11 en Valladolid; y 12 en Zamora.<\/p>\n\n\n\n<p>Este proyecto busca, por un lado, mejorar la educaci\u00f3n sanitaria en los pueblos y, por otro, promover la transformaci\u00f3n territorial, fortaleciendo la cohesi\u00f3n econ\u00f3mica y social de los entornos rurales. La iniciativa parte de la idea de que, haciendo viables servicios imprescindibles para la poblaci\u00f3n como las farmacias se afianza a su vez el empleo en los pueblos y otros servicios asociados a las farmacias de los que se beneficia toda la poblaci\u00f3n rural.<\/p>\n\n\n\n<p>\u201cSalvar nuestro pueblos pasa por salvar sus farmacias, el recurso sanitario m\u00e1s cercano y accesible; sin cita previa y sin listas de espera. Se han ido los bancos, los supermercados y casi todos los profesionales. Pero la cruz verde de la farmacia sigue ah\u00ed, al servicio de todos los ciudadanos\u201d, ha dicho Jes\u00fas Aguilar, presidente del Consejo General de Colegios Oficiales de Farmac\u00e9uticos en el acto de presentaci\u00f3n del programa.<\/p>\n\n\n\n<p>Esta disponibilidad de las farmacias en entornos rurales ha permitido convertirlas en aut\u00e9nticas escuelas de salud y tiene un enorme valor para los pueblos, seg\u00fan ha destacado Javier Herrad\u00f3n, presidente del Consejo de Colegios Profesionales de Farmac\u00e9uticos de Castilla y Le\u00f3n.<\/p>\n\n\n\n<p>\u201cLa mitad de las oficinas de farmacia de esta comunidad est\u00e1n en zonas rurales. Y en estos peque\u00f1os municipios es fundamental la labor del farmac\u00e9utico, que muchas veces es el \u00fanico sanitario del entorno. M\u00e1s a\u00fan si cabe ante una poblaci\u00f3n que con frecuencia es mayor, polimedicada, cr\u00f3nica y a veces dependiente. Hemos hecho ya lo que era m\u00e1s dif\u00edcil, llevar a estos profesionales sanitarios al medio rural. Ahora, debemos aprovecharlo para ofrecer servicios de gran valor a la poblaci\u00f3n y que garanticen la sostenibilidad de las farmacias rurales\u201d, ha dicho Herrad\u00f3n.<\/p>\n\n\n\n<p>El nuevo programa, que se ha iniciado durante el mes de octubre con charlas sobre educaci\u00f3n sanitaria, y que continuar\u00e1n en noviembre, se evaluar\u00e1 posteriormente para medir la satisfacci\u00f3n y aprendizaje de la poblaci\u00f3n y su posible extensi\u00f3n.<\/p>\n\n\n\n<h3 class=\"wp-block-heading\">Educaci\u00f3n adaptada a cada colectivo<\/h3>\n\n\n\n<p>Concretamente, se han elegido cinco grandes grupos de poblaci\u00f3n y para cada uno de ellos se ha elaborado un programa adaptado de educaci\u00f3n sanitaria que impartir\u00e1n los farmac\u00e9uticos en los entornos rurales.<\/p>\n\n\n\n<p>En el caso de la <strong>poblaci\u00f3n mayor<\/strong>, los farmac\u00e9uticos abordar\u00e1n temas como la prevenci\u00f3n del deterioro funcional, el bienestar emocional, el fomento de la adherencia terap\u00e9utica o la salud digital.<\/p>\n\n\n\n<p>Las charlas de educaci\u00f3n sanitaria que se imparten desde las farmacias dirigidas a los <strong>adultos<\/strong> se centran en concienciar sobre el envejecimiento saludable, el ejercicio f\u00edsico, la prevenci\u00f3n de la malnutrici\u00f3n y la salud en el trabajo.<\/p>\n\n\n\n<p>Con el objetivo de dirigirse espec\u00edficamente a las <strong>mujeres<\/strong> de entornos rurales se abordar\u00e1n charlas educativas sobre salud sexual y reproductiva, nutrici\u00f3n durante las distintas etapas de la vida y cuidado de la salud en el entorno familiar.<\/p>\n\n\n\n<p>Aunque las charlas est\u00e1n abiertas a toda la poblaci\u00f3n, con el foco puesto espec\u00edficamente en los <strong>adolescentes<\/strong>, los programas de educaci\u00f3n sanitaria desde la farmacia contemplan temas como anticoncepci\u00f3n, salud sexual, prevenci\u00f3n del alcoholismo y cesaci\u00f3n tab\u00e1quica.<\/p>\n\n\n\n<p>Finalmente, para el mejor cuidado de los <strong>ni\u00f1os<\/strong>, se formar\u00e1 a la poblaci\u00f3n rural desde las farmacias comunitarias en prevenci\u00f3n del sobrepeso y la obesidad infantil, vacunaci\u00f3n, promoci\u00f3n de ambientes saludables y salud bucodental.<\/p>\n\n\n\n<h3 class=\"wp-block-heading\">Impacto social y econ\u00f3mico<\/h3>\n\n\n\n<p>A la mejora en la salud y educaci\u00f3n sanitaria de la poblaci\u00f3n gracias al programa de Escuelas Rurales de Salud, se a\u00f1ade el positivo impacto de apoyar la farmacia rural para hacer, a su vez, m\u00e1s fuertes social y econ\u00f3micamente a los pueblos.<\/p>\n\n\n\n<p>\u201cSeg\u00fan un informe que elaboramos junto a una consultora independiente, concretamente las farmacias rurales tienen un impacto econ\u00f3mico de 1.600 millones de euros anuales, y generan 23.600 empleos a jornada completa, mayoritariamente femenino. Las farmacias tambi\u00e9n son progreso, y contribuyen a fijar la poblaci\u00f3n en el medio rural\u201d, ha detallado al respecto el presidente del Consejo General, Jes\u00fas Aguilar.<\/p>\n\n\n\n<p>Al acto de presentaci\u00f3n del Programa de Escuelas Rurales de Salud han acudido tambi\u00e9n el alcalde de Velayos, Lorenzo Nieto, el subdelegado del Gobierno en \u00c1vila, Fernando Galeano, y la presidenta del Colegio Oficial de Farmac\u00e9uticos de \u00c1vila, In\u00e9s Barco, que han visitado la farmacia de Velayos.<\/p>\n","protected":false},"excerpt":{"rendered":"<p>El ministro de Sanidad apoya el programa de Escuelas Rurales de Salud puesto en marcha en farmacias de Castilla y Le\u00f3n 2\/11\/2023&nbsp;&nbsp;M\u00e1s de un centenar de farmacias de peque\u00f1os entornos de Castilla y Le\u00f3n de menos de 5.000 habitantes se han convertido, en el marco del Programa Escuelas rurales de salud: educaci\u00f3n sanitaria por el [&hellip;]<\/p>\n","protected":false},"author":2,"featured_media":3225,"comment_status":"closed","ping_status":"closed","sticky":false,"template":"","format":"standard","meta":{"footnotes":""},"categories":[9],"tags":[],"class_list":["post-3224","post","type-post","status-publish","format-standard","has-post-thumbnail","hentry","category-comunicados"],"_links":{"self":[{"href":"https:\/\/www.concyl.es\/index.php\/wp-json\/wp\/v2\/posts\/3224","targetHints":{"allow":["GET"]}}],"collection":[{"href":"https:\/\/www.concyl.es\/index.php\/wp-json\/wp\/v2\/posts"}],"about":[{"href":"https:\/\/www.concyl.es\/index.php\/wp-json\/wp\/v2\/types\/post"}],"author":[{"embeddable":true,"href":"https:\/\/www.concyl.es\/index.php\/wp-json\/wp\/v2\/users\/2"}],"replies":[{"embeddable":true,"href":"https:\/\/www.concyl.es\/index.php\/wp-json\/wp\/v2\/comments?post=3224"}],"version-history":[{"count":4,"href":"https:\/\/www.concyl.es\/index.php\/wp-json\/wp\/v2\/posts\/3224\/revisions"}],"predecessor-version":[{"id":3238,"href":"https:\/\/www.concyl.es\/index.php\/wp-json\/wp\/v2\/posts\/3224\/revisions\/3238"}],"wp:featuredmedia":[{"embeddable":true,"href":"https:\/\/www.concyl.es\/index.php\/wp-json\/wp\/v2\/media\/3225"}],"wp:attachment":[{"href":"https:\/\/www.concyl.es\/index.php\/wp-json\/wp\/v2\/media?parent=3224"}],"wp:term":[{"taxonomy":"category","embeddable":true,"href":"https:\/\/www.concyl.es\/index.php\/wp-json\/wp\/v2\/categories?post=3224"},{"taxonomy":"post_tag","embeddable":true,"href":"https:\/\/www.concyl.es\/index.php\/wp-json\/wp\/v2\/tags?post=3224"}],"curies":[{"name":"wp","href":"https:\/\/api.w.org\/{rel}","templated":true}]}}