 {"id":3013,"date":"2022-09-26T08:34:40","date_gmt":"2022-09-26T08:34:40","guid":{"rendered":"https:\/\/www.concyl.es\/?p=3013"},"modified":"2023-01-16T11:31:27","modified_gmt":"2023-01-16T11:31:27","slug":"los-mas-de-4-000-farmaceuticos-de-cyl-celebran-su-dia-mundial","status":"publish","type":"post","link":"https:\/\/www.concyl.es\/index.php\/2022\/09\/26\/los-mas-de-4-000-farmaceuticos-de-cyl-celebran-su-dia-mundial\/","title":{"rendered":"Los m\u00e1s de 4.000 farmac\u00e9uticos de CyL celebran su D\u00eda Mundial"},"content":{"rendered":"\n<h3 class=\"wp-block-heading\" id=\"block-3404e5fd-a67a-466f-86b8-7b37dcaad642\"><br>Los m\u00e1s de 4.000 farmac\u00e9uticos de CyL celebran su D\u00eda Mundial<\/h3>\n\n\n\n<p id=\"block-cc2ec38e-03af-40c1-b6ef-a0e789ff087b\"><div class=\"sfsi_widget sfsi_shortcode_container\"><div class=\"norm_row sfsi_wDiv \"  style=\"width:225px;text-align:left;\"><div style='width:40px; height:40px;margin-left:5px;margin-bottom:5px; ' class='sfsi_wicons shuffeldiv ' ><div class='inerCnt'><a class=' sficn' data-effect='' target='_blank'  href='https:\/\/api.follow.it\/widgets\/icon\/b2dJdDRZbEpMdVlFM2xwQ2JYSm9SVklJS2pKY3c1RkZaekJaL0l0L0xmSGxRTUkzbCtQQ1pkY3VObFJwNVZaREM2YjZWbnVqNitrdEQ1S01ka2lqb3ZEcU5iOTR5NThiL1RoV2dNN0FNSEVIS0dsMDNkT1pUZnNWM1V1bU5acGh8ZlNMOFVweHJpQUd6RmxvcVAveVRFZ2NwUHhMSlkxMTMzNnpQMGM3WlhLOD0=\/OA==\/' id='sfsiid_email_icon' style='width:40px;height:40px;opacity:1;'  ><img data-pin-nopin='true' alt='Follow by Email' title='Follow by Email' src='https:\/\/www.concyl.es\/wp-content\/plugins\/ultimate-social-media-icons\/images\/icons_theme\/default\/default_email.png' width='40' height='40' style='' class='sfcm sfsi_wicon ' data-effect=''   \/><\/a><\/div><\/div><div style='width:40px; height:40px;margin-left:5px;margin-bottom:5px; ' class='sfsi_wicons shuffeldiv ' ><div class='inerCnt'><a class=' sficn' data-effect='' target='_blank'  href='' id='sfsiid_facebook_icon' style='width:40px;height:40px;opacity:1;'  ><img data-pin-nopin='true' alt='Facebook' title='Facebook' src='https:\/\/www.concyl.es\/wp-content\/plugins\/ultimate-social-media-icons\/images\/icons_theme\/default\/default_facebook.png' width='40' height='40' style='' class='sfcm sfsi_wicon ' data-effect=''   \/><\/a><div class=\"sfsi_tool_tip_2 fb_tool_bdr sfsiTlleft\" style=\"opacity:0;z-index:-1;\" id=\"sfsiid_facebook\"><span class=\"bot_arow bot_fb_arow\"><\/span><div class=\"sfsi_inside\"><div  class='icon2'><div class=\"fb-like\" width=\"200\" data-href=\"https:\/\/www.concyl.es\/index.php\/2022\/09\/26\/los-mas-de-4-000-farmaceuticos-de-cyl-celebran-su-dia-mundial\/\"  data-send=\"false\" data-layout=\"button_count\" data-action=\"like\"><\/div><\/div><div  class='icon3'><a target='_blank' href='https:\/\/www.facebook.com\/sharer\/sharer.php?u=https%3A%2F%2Fwww.concyl.es%2Fwp-json%2Fwp%2Fv2%2Fposts%2F3013' style='display:inline-block;'  > <img class='sfsi_wicon'  data-pin-nopin='true' alt='fb-share-icon' title='Facebook Share' src='https:\/\/www.concyl.es\/wp-content\/plugins\/ultimate-social-media-icons\/images\/share_icons\/fb_icons\/en_US.svg' \/><\/a><\/div><\/div><\/div><\/div><\/div><div style='width:40px; height:40px;margin-left:5px;margin-bottom:5px; ' class='sfsi_wicons shuffeldiv ' ><div class='inerCnt'><a class=' sficn' data-effect='' target='_blank'  href='' id='sfsiid_twitter_icon' style='width:40px;height:40px;opacity:1;'  ><img data-pin-nopin='true' alt='Twitter' title='Twitter' src='https:\/\/www.concyl.es\/wp-content\/plugins\/ultimate-social-media-icons\/images\/icons_theme\/default\/default_twitter.png' width='40' height='40' style='' class='sfcm sfsi_wicon ' data-effect=''   \/><\/a><div class=\"sfsi_tool_tip_2 twt_tool_bdr sfsiTlleft\" style=\"opacity:0;z-index:-1;\" id=\"sfsiid_twitter\"><span class=\"bot_arow bot_twt_arow\"><\/span><div class=\"sfsi_inside\"><div  class='icon2'><div class='sf_twiter' style='display: inline-block;vertical-align: middle;width: auto;'>\r\n\t\t\t\t\t\t<a target='_blank' href='https:\/\/x.com\/intent\/post?text=Mira+lo+que+he+encontrado+en+www.concyl.es+https%3A%2F%2Fwww.concyl.es%2Fwp-json%2Fwp%2Fv2%2Fposts%2F3013' style='display:inline-block' >\r\n\t\t\t\t\t\t\t<img data-pin-nopin= true class='sfsi_wicon' src='https:\/\/www.concyl.es\/wp-content\/plugins\/ultimate-social-media-icons\/images\/share_icons\/Twitter_Tweet\/en_US_Tweet.svg' alt='Post on X' title='Post on X' >\r\n\t\t\t\t\t\t<\/a>\r\n\t\t\t\t\t<\/div><\/div><\/div><\/div><\/div><\/div><div style='width:40px; height:40px;margin-left:5px;margin-bottom:5px; ' class='sfsi_wicons shuffeldiv ' ><div class='inerCnt'><a class=' sficn' data-effect='' target='_blank'  href='https:\/\/api.whatsapp.com\/send?text=https%3A%2F%2Fwww.concyl.es%2Findex.php%2F2022%2F09%2F26%2Flos-mas-de-4-000-farmaceuticos-de-cyl-celebran-su-dia-mundial%2F' id='sfsiid_whatsapp_icon' style='width:40px;height:40px;opacity:1;'  ><img data-pin-nopin='true' alt='WhatsApp' title='WhatsApp' src='https:\/\/www.concyl.es\/wp-content\/plugins\/ultimate-social-media-icons\/images\/icons_theme\/default\/default_whatsapp.png' width='40' height='40' style='' class='sfcm sfsi_wicon ' data-effect=''   \/><\/a><\/div><\/div><\/div ><div id=\"sfsi_holder\" class=\"sfsi_holders\" style=\"position: relative; float: left;width:100%;z-index:-1;\"><\/div ><script>window.addEventListener(\"sfsi_functions_loaded\", function()\n\t\t\t{\n\t\t\t\tif (typeof sfsi_widget_set == \"function\") {\n\t\t\t\t\tsfsi_widget_set();\n\t\t\t\t}\n\t\t\t}); <\/script><div style=\"clear: both;\"><\/div><\/div><strong>25\/09\/2022<\/strong>&nbsp;&nbsp;<\/p>\n\n\n\n<p id=\"block-6da71fc7-5fa7-464b-9cbb-71fd15f1ed16\">Los 4.192 farmac\u00e9uticos colegiados en Castilla y Le\u00f3n celebrar\u00e1n este domingo su D\u00eda Mundial con el lema \u201cLa Farmacia, unida por un mundo m\u00e1s saludable\u201d; con el que quieren destacar la labor que desarrollan para favorecer un mundo m\u00e1s saludable, y lo hacen unidos desde los m\u00faltiples \u00e1mbitos en los que ejercen su profesi\u00f3n. <\/p>\n\n\n\n<!--more-->\n\n\n\n<figure class=\"wp-block-image size-large\"><img loading=\"lazy\" decoding=\"async\" width=\"1024\" height=\"576\" src=\"https:\/\/www.concyl.es\/wp-content\/uploads\/2022\/09\/DMF_1920x1080-TWFB-1024x576-1.png\" alt=\"\" class=\"wp-image-3014\" srcset=\"https:\/\/www.concyl.es\/wp-content\/uploads\/2022\/09\/DMF_1920x1080-TWFB-1024x576-1.png 1024w, https:\/\/www.concyl.es\/wp-content\/uploads\/2022\/09\/DMF_1920x1080-TWFB-1024x576-1-300x169.png 300w, https:\/\/www.concyl.es\/wp-content\/uploads\/2022\/09\/DMF_1920x1080-TWFB-1024x576-1-768x432.png 768w\" sizes=\"auto, (max-width: 1024px) 100vw, 1024px\" \/><\/figure>\n\n\n\n<p id=\"block-6da71fc7-5fa7-464b-9cbb-71fd15f1ed16\">En Espa\u00f1a, este lema se ha reforzado con la leyenda \u201cTodos para uno\u201d, que quiere subrayar que \u201ctodos\u201d los farmac\u00e9uticos tienen como objetivo cuidar de la salud de \u201cuno\u201d: el paciente. Un compromiso que se ha visto reflejado en la Declaraci\u00f3n Institucional que ha presentado el Consejo General de Farmac\u00e9uticos y en la que la profesi\u00f3n renueva su vocaci\u00f3n de servicio p\u00fablico sanitario y social, as\u00ed como el compromiso de trabajar por la salud y el bienestar de los ciudadanos de Castilla y Le\u00f3n.<\/p>\n\n\n\n<p>El presidente del CONCYL-Consejo de Colegios Profesionales de Farmac\u00e9uticos de Castilla y Le\u00f3n, Javier Herrad\u00f3n, ha querido destacar que \u201cla capacitaci\u00f3n profesional del farmac\u00e9utico, como sanitario experto en el medicamento, le permite llegar donde otros no llegan y mejorar su labor asistencial coordinado con otros profesionales sanitarios\u201d.<\/p>\n\n\n\n<p>En Castilla y Le\u00f3n, recuerda Herrad\u00f3n, \u00abesta cualificaci\u00f3n del farmac\u00e9utico le hace presente en numerosos proyectos sanitarios: en labores de farmacovigilancia, como red de respuesta r\u00e1pida ante situaciones sanitarias como la pandemia vivida recientemente,&nbsp;en campa\u00f1as sanitarias,&nbsp;en trabajos de investigaci\u00f3n sobre nuevos medicamentos, como ocurri\u00f3 con la vacuna COVID, en programas de cribado de enfermedades y detecci\u00f3n precoz o en proyectos de Salud P\u00fablica tan importantes como la participaci\u00f3n de la farmacia en la \u00faltima Campa\u00f1a de Vacunaci\u00f3n de la Gripe, que ha permitido incrementar la inmunizaci\u00f3n de la poblaci\u00f3n de Castilla y Le\u00f3n y obtener datos sanitarios de gran relevancia, como son las reacciones adversas o los motivos que se esgrimen para no vacunarse\u00bb.<\/p>\n\n\n\n<p>En relaci\u00f3n al lema de esta edici\u00f3n, Herrad\u00f3n destaca que \u201cla misi\u00f3n que compartimos todos los farmac\u00e9uticos es trabajar, juntos, desde la multitud de \u00e1mbitos de actuaci\u00f3n, por un \u00fanico objetivo: la salud y bienestar de los pacientes\u201d.<\/p>\n\n\n\n<p>En Castilla y Le\u00f3n <strong>hay 4.192 farmac\u00e9uticos colegiados (un total de 3.094 son mujeres) con una edad media en la profesi\u00f3n de 50 a\u00f1os. <\/strong>Los \u00e1mbitos profesionales son diversos: 2.978 profesionales en activo ejercen en Farmacia Comunitaria; 677 en Dermofarmacia; 406 en Ortopedia; 591 en Alimentaci\u00f3n; 145 en Farmacia Hospitalaria; 131 en Admon. y Salud P\u00fablica; 67 en An\u00e1lisis Cl\u00ednicos; 51 en Industria; 42 en Distribuci\u00f3n; 13 en Docencia e Investigaci\u00f3n; 10 en \u00d3ptica y Ac\u00fastica; y 91 en otras actividades.<\/p>\n\n\n\n<p>La Comunidad cuenta con <strong>1.600 oficinas de farmacia. M\u00e1s de la mitad (50,88%) se encuentran en zonas rurales. Asimismo, hay 274 botiquines repartidos en el territorio de Castilla y Le\u00f3n.<\/strong><\/p>\n","protected":false},"excerpt":{"rendered":"<p>Los m\u00e1s de 4.000 farmac\u00e9uticos de CyL celebran su D\u00eda Mundial 25\/09\/2022&nbsp;&nbsp; Los 4.192 farmac\u00e9uticos colegiados en Castilla y Le\u00f3n celebrar\u00e1n este domingo su D\u00eda Mundial con el lema \u201cLa Farmacia, unida por un mundo m\u00e1s saludable\u201d; con el que quieren destacar la labor que desarrollan para favorecer un mundo m\u00e1s saludable, y lo hacen [&hellip;]<\/p>\n","protected":false},"author":2,"featured_media":0,"comment_status":"closed","ping_status":"closed","sticky":false,"template":"","format":"standard","meta":{"footnotes":""},"categories":[9],"tags":[],"class_list":["post-3013","post","type-post","status-publish","format-standard","hentry","category-comunicados"],"_links":{"self":[{"href":"https:\/\/www.concyl.es\/index.php\/wp-json\/wp\/v2\/posts\/3013","targetHints":{"allow":["GET"]}}],"collection":[{"href":"https:\/\/www.concyl.es\/index.php\/wp-json\/wp\/v2\/posts"}],"about":[{"href":"https:\/\/www.concyl.es\/index.php\/wp-json\/wp\/v2\/types\/post"}],"author":[{"embeddable":true,"href":"https:\/\/www.concyl.es\/index.php\/wp-json\/wp\/v2\/users\/2"}],"replies":[{"embeddable":true,"href":"https:\/\/www.concyl.es\/index.php\/wp-json\/wp\/v2\/comments?post=3013"}],"version-history":[{"count":5,"href":"https:\/\/www.concyl.es\/index.php\/wp-json\/wp\/v2\/posts\/3013\/revisions"}],"predecessor-version":[{"id":3033,"href":"https:\/\/www.concyl.es\/index.php\/wp-json\/wp\/v2\/posts\/3013\/revisions\/3033"}],"wp:attachment":[{"href":"https:\/\/www.concyl.es\/index.php\/wp-json\/wp\/v2\/media?parent=3013"}],"wp:term":[{"taxonomy":"category","embeddable":true,"href":"https:\/\/www.concyl.es\/index.php\/wp-json\/wp\/v2\/categories?post=3013"},{"taxonomy":"post_tag","embeddable":true,"href":"https:\/\/www.concyl.es\/index.php\/wp-json\/wp\/v2\/tags?post=3013"}],"curies":[{"name":"wp","href":"https:\/\/api.w.org\/{rel}","templated":true}]}}