 {"id":2797,"date":"2022-02-18T14:46:00","date_gmt":"2022-02-18T14:46:00","guid":{"rendered":"https:\/\/www.concyl.es\/?p=2797"},"modified":"2023-01-16T11:33:36","modified_gmt":"2023-01-16T11:33:36","slug":"las-farmacias-muestran-su-capacidad-como-red-rapida-de-alerta-en-un-estudio-pionero-en-vacunacion-covid","status":"publish","type":"post","link":"https:\/\/www.concyl.es\/index.php\/2022\/02\/18\/las-farmacias-muestran-su-capacidad-como-red-rapida-de-alerta-en-un-estudio-pionero-en-vacunacion-covid\/","title":{"rendered":"Las farmacias muestran su capacidad como red r\u00e1pida de alerta en un estudio pionero en vacunaci\u00f3n COVID"},"content":{"rendered":"\n<h3 class=\"wp-block-heading\" id=\"block-a706d757-69f8-4316-9682-e74a945bfaf5\">Las farmacias muestran su capacidad como red r\u00e1pida de alerta en un estudio pionero en vacunaci\u00f3n COVID <\/h3>\n\n\n\n<p id=\"block-6860b9e4-aba6-435e-a939-6b1ba35ab836\"><div class=\"sfsi_widget sfsi_shortcode_container\"><div class=\"norm_row sfsi_wDiv \"  style=\"width:225px;text-align:left;\"><div style='width:40px; height:40px;margin-left:5px;margin-bottom:5px; ' class='sfsi_wicons shuffeldiv ' ><div class='inerCnt'><a class=' sficn' data-effect='' target='_blank'  href='https:\/\/api.follow.it\/widgets\/icon\/b2dJdDRZbEpMdVlFM2xwQ2JYSm9SVklJS2pKY3c1RkZaekJaL0l0L0xmSGxRTUkzbCtQQ1pkY3VObFJwNVZaREM2YjZWbnVqNitrdEQ1S01ka2lqb3ZEcU5iOTR5NThiL1RoV2dNN0FNSEVIS0dsMDNkT1pUZnNWM1V1bU5acGh8ZlNMOFVweHJpQUd6RmxvcVAveVRFZ2NwUHhMSlkxMTMzNnpQMGM3WlhLOD0=\/OA==\/' id='sfsiid_email_icon' style='width:40px;height:40px;opacity:1;'  ><img data-pin-nopin='true' alt='Follow by Email' title='Follow by Email' src='https:\/\/www.concyl.es\/wp-content\/plugins\/ultimate-social-media-icons\/images\/icons_theme\/default\/default_email.png' width='40' height='40' style='' class='sfcm sfsi_wicon ' data-effect=''   \/><\/a><\/div><\/div><div style='width:40px; height:40px;margin-left:5px;margin-bottom:5px; ' class='sfsi_wicons shuffeldiv ' ><div class='inerCnt'><a class=' sficn' data-effect='' target='_blank'  href='' id='sfsiid_facebook_icon' style='width:40px;height:40px;opacity:1;'  ><img data-pin-nopin='true' alt='Facebook' title='Facebook' src='https:\/\/www.concyl.es\/wp-content\/plugins\/ultimate-social-media-icons\/images\/icons_theme\/default\/default_facebook.png' width='40' height='40' style='' class='sfcm sfsi_wicon ' data-effect=''   \/><\/a><div class=\"sfsi_tool_tip_2 fb_tool_bdr sfsiTlleft\" style=\"opacity:0;z-index:-1;\" id=\"sfsiid_facebook\"><span class=\"bot_arow bot_fb_arow\"><\/span><div class=\"sfsi_inside\"><div  class='icon2'><div class=\"fb-like\" width=\"200\" data-href=\"https:\/\/www.concyl.es\/index.php\/2022\/02\/18\/las-farmacias-muestran-su-capacidad-como-red-rapida-de-alerta-en-un-estudio-pionero-en-vacunacion-covid\/\"  data-send=\"false\" data-layout=\"button_count\" data-action=\"like\"><\/div><\/div><div  class='icon3'><a target='_blank' href='https:\/\/www.facebook.com\/sharer\/sharer.php?u=https%3A%2F%2Fwww.concyl.es%2Fwp-json%2Fwp%2Fv2%2Fposts%2F2797' style='display:inline-block;'  > <img class='sfsi_wicon'  data-pin-nopin='true' alt='fb-share-icon' title='Facebook Share' src='https:\/\/www.concyl.es\/wp-content\/plugins\/ultimate-social-media-icons\/images\/share_icons\/fb_icons\/en_US.svg' \/><\/a><\/div><\/div><\/div><\/div><\/div><div style='width:40px; height:40px;margin-left:5px;margin-bottom:5px; ' class='sfsi_wicons shuffeldiv ' ><div class='inerCnt'><a class=' sficn' data-effect='' target='_blank'  href='' id='sfsiid_twitter_icon' style='width:40px;height:40px;opacity:1;'  ><img data-pin-nopin='true' alt='Twitter' title='Twitter' src='https:\/\/www.concyl.es\/wp-content\/plugins\/ultimate-social-media-icons\/images\/icons_theme\/default\/default_twitter.png' width='40' height='40' style='' class='sfcm sfsi_wicon ' data-effect=''   \/><\/a><div class=\"sfsi_tool_tip_2 twt_tool_bdr sfsiTlleft\" style=\"opacity:0;z-index:-1;\" id=\"sfsiid_twitter\"><span class=\"bot_arow bot_twt_arow\"><\/span><div class=\"sfsi_inside\"><div  class='icon2'><div class='sf_twiter' style='display: inline-block;vertical-align: middle;width: auto;'>\r\n\t\t\t\t\t\t<a target='_blank' href='https:\/\/x.com\/intent\/post?text=Mira+lo+que+he+encontrado+en+www.concyl.es+https%3A%2F%2Fwww.concyl.es%2Fwp-json%2Fwp%2Fv2%2Fposts%2F2797' style='display:inline-block' >\r\n\t\t\t\t\t\t\t<img data-pin-nopin= true class='sfsi_wicon' src='https:\/\/www.concyl.es\/wp-content\/plugins\/ultimate-social-media-icons\/images\/share_icons\/Twitter_Tweet\/en_US_Tweet.svg' alt='Post on X' title='Post on X' >\r\n\t\t\t\t\t\t<\/a>\r\n\t\t\t\t\t<\/div><\/div><\/div><\/div><\/div><\/div><div style='width:40px; height:40px;margin-left:5px;margin-bottom:5px; ' class='sfsi_wicons shuffeldiv ' ><div class='inerCnt'><a class=' sficn' data-effect='' target='_blank'  href='https:\/\/api.whatsapp.com\/send?text=https%3A%2F%2Fwww.concyl.es%2Findex.php%2F2022%2F02%2F18%2Flas-farmacias-muestran-su-capacidad-como-red-rapida-de-alerta-en-un-estudio-pionero-en-vacunacion-covid%2F' id='sfsiid_whatsapp_icon' style='width:40px;height:40px;opacity:1;'  ><img data-pin-nopin='true' alt='WhatsApp' title='WhatsApp' src='https:\/\/www.concyl.es\/wp-content\/plugins\/ultimate-social-media-icons\/images\/icons_theme\/default\/default_whatsapp.png' width='40' height='40' style='' class='sfcm sfsi_wicon ' data-effect=''   \/><\/a><\/div><\/div><\/div ><div id=\"sfsi_holder\" class=\"sfsi_holders\" style=\"position: relative; float: left;width:100%;z-index:-1;\"><\/div ><script>window.addEventListener(\"sfsi_functions_loaded\", function()\n\t\t\t{\n\t\t\t\tif (typeof sfsi_widget_set == \"function\") {\n\t\t\t\t\tsfsi_widget_set();\n\t\t\t\t}\n\t\t\t}); <\/script><div style=\"clear: both;\"><\/div><\/div>18\/02\/2022&nbsp;&nbsp;<\/p>\n\n\n\n<p>Esta ma\u00f1ana se han presentado en rueda de prensa los resultados del estudio \u201cSeguridad y Seroprevalencia en poblaci\u00f3n vacunada frente a la COVID-19 de la Red de Farmacias Centinela de Castilla y Le\u00f3n\u201d. Dicho estudio ha sido desarrollado en dos fases, por 121 farmacias de Castilla y Le\u00f3n y 4.000 ciudadanos.<!--more--><\/p>\n<p>El objetivo ha sido conocer en profundidad lo que ocurre en la poblaci\u00f3n general vacunada, poner en porcentajes la tan ansiada inmunidad humoral (respuesta de anticuerpos) y su duraci\u00f3n. Este estudio ha permitido registrar acontecimientos adversos, identificar el protocolo de vacunaci\u00f3n m\u00e1s seguro y eficaz, adem\u00e1s de conocer c\u00f3mo \u00a0factores como la edad, el protocolo de vacunaci\u00f3n o haber pasado previamente la enfermedad influye en la respuesta inmune o en su duraci\u00f3n.<\/p>\n<p><img loading=\"lazy\" decoding=\"async\" class=\"alignnone size-medium wp-image-2798 aligncenter\" src=\"https:\/\/www.concyl.es\/wp-content\/uploads\/2022\/02\/DSC-9323-300x200.jpg\" alt=\"\" width=\"300\" height=\"200\" srcset=\"https:\/\/www.concyl.es\/wp-content\/uploads\/2022\/02\/DSC-9323-300x200.jpg 300w, https:\/\/www.concyl.es\/wp-content\/uploads\/2022\/02\/DSC-9323-1024x683.jpg 1024w, https:\/\/www.concyl.es\/wp-content\/uploads\/2022\/02\/DSC-9323-768x512.jpg 768w, https:\/\/www.concyl.es\/wp-content\/uploads\/2022\/02\/DSC-9323-1536x1024.jpg 1536w, https:\/\/www.concyl.es\/wp-content\/uploads\/2022\/02\/DSC-9323-2048x1365.jpg 2048w\" sizes=\"auto, (max-width: 300px) 100vw, 300px\" \/><\/p>\n<p>Durante la rueda de prensa, el presidente del Consejo General de Colegios Oficiales de Farmac\u00e9uticos, <strong>Jes\u00fas Aguilar<\/strong>, ha se\u00f1alado durante la rueda de prensa la importancia de la red de farmacias en la vigilancia de la Salud P\u00fablica, afirmando que <em>\u201c<\/em>somos una de las mayores infraestructuras y redes de talento sanitario de Espa\u00f1a y queremos ponerla al servicio de la sociedad. E<em>s fundamental integrar a las farmacias en la Red de Vigilancia de Salud P\u00fablica, adem\u00e1s de en programas de cribado, detecci\u00f3n precoz o educaci\u00f3n sanitaria\u201d. <\/em><\/p>\n<p>Por su parte, <strong>Javier Herrad\u00f3n<\/strong>, presidente del Consejo de Colegios Profesionales Farmac\u00e9uticos de Castilla y Le\u00f3n (CONCYL), ha hecho hincapi\u00e9 en que <em>\u201clos resultados de la investigaci\u00f3n han convertido a las Farmacias Centinela de Castilla y Le\u00f3n en una pieza sanitaria estrat\u00e9gica en el \u00e1mbito nacional, gracias a su condici\u00f3n de red de respuesta r\u00e1pida que aporta con gran fluidez y casi en tiempo real datos epidemiol\u00f3gicos y evidencias ante un problema de Salud P\u00fablica<\/em>\u201d. <em>\u201cNo en vano esta red desarrolla habitualmente una labor clave en la vigilancia de la seguridad de los medicamentos mediante la detecci\u00f3n, notificaci\u00f3n y prevenci\u00f3n de problemas relacionados con su uso, como reacciones adversas y errores de medicaci\u00f3n\u201d<\/em>, ha a\u00f1adido Herrad\u00f3n<em>. <\/em>Cabe destacar que los resultados de este estudio, en sus dos fases, han sido aportados en estos meses a la Agencia Espa\u00f1ola de Medicamentos y a la Consejer\u00eda de Sanidad de Castilla y Le\u00f3n para contribuir en la toma de decisiones m\u00e1s certeras en el \u00e1mbito de la vacunaci\u00f3n, ha recalcado.<\/p>\n<p>Por \u00faltimo, <strong>Jos\u00e9 Luis N\u00e1jera<\/strong>, secretario del CONCYL, miembro de la comisi\u00f3n de seguimiento de la Red de Farmacias Centinela de CyL y uno de los autores del proyecto, ha sido el encargado de detallar los datos del estudio, desarrollado en una primera fase entre el 19 y el 29 de julio de 2021, y entre el 26 de noviembre y el 3 de diciembre, en la segunda. <em>\u201cDos periodos de reclutamiento de pacientes de apenas 10 d\u00edas cada uno que han sido suficientes para analizar a m\u00e1s de 4.000 ciudadanos voluntarios, vacunados y no vacunados, y extraer una radiograf\u00eda de situaci\u00f3n. La especial condici\u00f3n de las farmacias permite desarrollar estrategias sanitarias de este tipo, con informaci\u00f3n temprana y verificada, de gran valor en Salud P\u00fablica\u201d, <\/em>ha manifestado N\u00e1jera.<\/p>\n<p>\u00a0<\/p>\n<h3>Todas las vacunas administradas en Espa\u00f1a son seguras y eficaces<\/h3>\n<p>A diferencia de otros, este estudio eval\u00faa la eficacia de la vacunaci\u00f3n sobre la poblaci\u00f3n general y en distintos tramos de edad. Mientras que normalmente las evaluaciones conocidas se basan en la eficacia de la vacunaci\u00f3n seg\u00fan el n\u00famero de ingresos hospitalarios o por la gravedad de los s\u00edntomas de las personas infectadas cuando ingresan o acuden al centro de salud.<\/p>\n<p>Los datos de este estudio confirman que todas las vacunas administradas en Espa\u00f1a son seguras y eficaces en la poblaci\u00f3n general. Sin embargo, la respuesta inmunitaria que generan no es constante, no se mantiene en el tiempo y depende de diferentes variables, como es el protocolo de vacunaci\u00f3n o la edad de los individuos.<\/p>\n<table width=\"100%\">\n<tbody>\n<tr>\n<td>\n<p>\u201cLa respuesta inmunitaria que generan las vacunas de la COVID-19 no es constante, no se mantiene en el tiempo y depende de diferentes variables\u201d<\/p>\n<\/td>\n<\/tr>\n<\/tbody>\n<\/table>\n<p>Los test realizados a la poblaci\u00f3n analizada desvelan que la producci\u00f3n de anticuerpos es elevada: las vacunas generan anticuerpos en m\u00e1s del 85% de los vacunados. Este porcentaje sube al 97% cuando los individuos han pasado previamente la infecci\u00f3n.<\/p>\n<p>Adem\u00e1s, hay determinados protocolos de vacunaci\u00f3n, especialmente aquellos basados en vacunas de vectores virales (AstraZeneca y Janssen), que generan una respuesta inmunitaria m\u00e1s baja. Esto se ha comprobado en la vacunaci\u00f3n con Janssen, que ofrece una respuesta significativamente m\u00e1s baja que con el resto de las vacunas y a\u00fan m\u00e1s baja si el individuo no ha pasado previamente la enfermedad. Ocurre lo mismo con los individuos inmunizados con dos dosis de AstraZeneca. De ah\u00ed que se haya establecido la necesidad de poner una nueva inmunizaci\u00f3n a este sector de la poblaci\u00f3n, reforzando la vacunaci\u00f3n con sueros basados en ARN mensajero (Pfizer y Moderna).<\/p>\n<p>Asimismo, la investigaci\u00f3n determina que no existen diferencias significativas en la generaci\u00f3n de anticuerpos en el estudio entre hombres y mujeres, respondiendo ambos g\u00e9nero de la misma forma. Tambi\u00e9n se identifica que la exposici\u00f3n al virus influye de forma significativa en la duraci\u00f3n de la respuesta. En los individuos que han pasado la enfermedad, la inmunidad que proporcionan las vacunas de ARNm (Pfizer y Moderna) se mantiene de forma estable en el tiempo, incluso por encima de los 11 meses. Sin embargo, en las vacunas basadas en vectores virales (AstraZeneca y Janssen), a partir de los 7 meses ya se observa una reducci\u00f3n en la respuesta.<\/p>\n<p>Por el contrario, en los individuos que no han pasado previamente la COVID-19, las vacunas disminuyen su eficacia en la producci\u00f3n de anticuerpos a partir de los 6 meses para las vacunas de Pfizer y Moderna y a partir de los 3 meses para los vacunados con AstraZeneca y Janssen.<\/p>\n<p>\u00a0<\/p>\n<h3>La edad influye<\/h3>\n<p>Mientras que en los vacunados con Pfizer y Moderna la respuesta inmunitaria se mantiene por encima del 80% en todos los rangos de edad, no ocurre lo mismo en las vacunas basadas en vectores virales (AstraZeneca y Janssen), donde se observa un significativo descenso cuanto m\u00e1s joven es la poblaci\u00f3n. De ah\u00ed que sea recomendable una tercera dosis.<\/p>\n<p>En cuanto a la seguridad, el estudio indica que el protocolo de vacunaci\u00f3n, la edad o el sexo tambi\u00e9n influyen en los acontecimientos adversos notificados. En este sentido, la vacuna de Pfizer se ha revelado como la m\u00e1s segura y la que menos notificaciones de reacciones adversas ha propiciado entre los pacientes. Mientras, las vacunas basadas en vectores virales, especialmente AstraZeneca, es la que m\u00e1s notificaciones de acontecimientos adversos ha generado. La mayor\u00eda de los acontecimientos adversos notificados a las vacunas son leves y ya conocidos. Los grupos m\u00e1s afectados son mujeres y j\u00f3venes.<\/p>\n<p>Destaca tambi\u00e9n el dato de que la tercera dosis de vacuna mejora la respuesta en los individuos vacunados, independientemente de si han pasado previamente la enfermedad o no. Este punto seguir\u00e1 siendo analizado por la Red de Farmacias Centinela de Castilla y Le\u00f3n para su valoraci\u00f3n cuando se hayan producido periodos m\u00e1s extensos de inmunizaci\u00f3n.<\/p>\n<p>Este estudio ha sido fruto de un convenio de colaboraci\u00f3n entre CONCYL-Consejo de Colegios Profesionales de Farmac\u00e9uticos de Castilla y Le\u00f3n y la Consejer\u00eda de Sanidad. Cuenta con el respaldo de Cofares y de la Federaci\u00f3n de Cajas Rurales de Castilla y Le\u00f3n (Caja Viva y Cajas Rurales de Salamanca, Soria y Zamora-Valladolid-Le\u00f3n).<\/p>\n","protected":false},"excerpt":{"rendered":"<p>Las farmacias muestran su capacidad como red r\u00e1pida de alerta en un estudio pionero en vacunaci\u00f3n COVID 18\/02\/2022&nbsp;&nbsp; Esta ma\u00f1ana se han presentado en rueda de prensa los resultados del estudio \u201cSeguridad y Seroprevalencia en poblaci\u00f3n vacunada frente a la COVID-19 de la Red de Farmacias Centinela de Castilla y Le\u00f3n\u201d. Dicho estudio ha sido [&hellip;]<\/p>\n","protected":false},"author":2,"featured_media":0,"comment_status":"closed","ping_status":"closed","sticky":false,"template":"","format":"standard","meta":{"footnotes":""},"categories":[9],"tags":[78,49,51,60,73,76],"class_list":["post-2797","post","type-post","status-publish","format-standard","hentry","category-comunicados","tag-concyl","tag-covid","tag-covid19","tag-farmacias","tag-investigacion","tag-vacunas"],"_links":{"self":[{"href":"https:\/\/www.concyl.es\/index.php\/wp-json\/wp\/v2\/posts\/2797","targetHints":{"allow":["GET"]}}],"collection":[{"href":"https:\/\/www.concyl.es\/index.php\/wp-json\/wp\/v2\/posts"}],"about":[{"href":"https:\/\/www.concyl.es\/index.php\/wp-json\/wp\/v2\/types\/post"}],"author":[{"embeddable":true,"href":"https:\/\/www.concyl.es\/index.php\/wp-json\/wp\/v2\/users\/2"}],"replies":[{"embeddable":true,"href":"https:\/\/www.concyl.es\/index.php\/wp-json\/wp\/v2\/comments?post=2797"}],"version-history":[{"count":3,"href":"https:\/\/www.concyl.es\/index.php\/wp-json\/wp\/v2\/posts\/2797\/revisions"}],"predecessor-version":[{"id":2807,"href":"https:\/\/www.concyl.es\/index.php\/wp-json\/wp\/v2\/posts\/2797\/revisions\/2807"}],"wp:attachment":[{"href":"https:\/\/www.concyl.es\/index.php\/wp-json\/wp\/v2\/media?parent=2797"}],"wp:term":[{"taxonomy":"category","embeddable":true,"href":"https:\/\/www.concyl.es\/index.php\/wp-json\/wp\/v2\/categories?post=2797"},{"taxonomy":"post_tag","embeddable":true,"href":"https:\/\/www.concyl.es\/index.php\/wp-json\/wp\/v2\/tags?post=2797"}],"curies":[{"name":"wp","href":"https:\/\/api.w.org\/{rel}","templated":true}]}}