 {"id":2727,"date":"2021-05-06T11:29:00","date_gmt":"2021-05-06T11:29:00","guid":{"rendered":"https:\/\/www.concyl.es\/?p=2727"},"modified":"2023-02-27T08:45:38","modified_gmt":"2023-02-27T08:45:38","slug":"los-farmaceuticos-de-castilla-y-leon-piden-a-la-consejeria-de-sanidad-que-exija-al-ministerio-completar-con-urgencia-la-inmunizacion-del-personal-de-farmacias","status":"publish","type":"post","link":"https:\/\/www.concyl.es\/index.php\/2021\/05\/06\/los-farmaceuticos-de-castilla-y-leon-piden-a-la-consejeria-de-sanidad-que-exija-al-ministerio-completar-con-urgencia-la-inmunizacion-del-personal-de-farmacias\/","title":{"rendered":"Los farmac\u00e9uticos de Castilla y Le\u00f3n piden a la Consejer\u00eda de Sanidad que exija al Ministerio completar con urgencia la inmunizaci\u00f3n del personal de farmacias"},"content":{"rendered":"\n<h3 class=\"wp-block-heading\">Los farmac\u00e9uticos de Castilla y Le\u00f3n piden a la Consejer\u00eda de Sanidad que exija al Ministerio completar con urgencia la inmunizaci\u00f3n del personal de farmacias<\/h3>\n\n\n\n<p id=\"block-6860b9e4-aba6-435e-a939-6b1ba35ab836\"><div class=\"sfsi_widget sfsi_shortcode_container\"><div class=\"norm_row sfsi_wDiv \"  style=\"width:225px;text-align:left;\"><div style='width:40px; height:40px;margin-left:5px;margin-bottom:5px; ' class='sfsi_wicons shuffeldiv ' ><div class='inerCnt'><a class=' sficn' data-effect='' target='_blank'  href='https:\/\/api.follow.it\/widgets\/icon\/b2dJdDRZbEpMdVlFM2xwQ2JYSm9SVklJS2pKY3c1RkZaekJaL0l0L0xmSGxRTUkzbCtQQ1pkY3VObFJwNVZaREM2YjZWbnVqNitrdEQ1S01ka2lqb3ZEcU5iOTR5NThiL1RoV2dNN0FNSEVIS0dsMDNkT1pUZnNWM1V1bU5acGh8ZlNMOFVweHJpQUd6RmxvcVAveVRFZ2NwUHhMSlkxMTMzNnpQMGM3WlhLOD0=\/OA==\/' id='sfsiid_email_icon' style='width:40px;height:40px;opacity:1;'  ><img data-pin-nopin='true' alt='Follow by Email' title='Follow by Email' src='https:\/\/www.concyl.es\/wp-content\/plugins\/ultimate-social-media-icons\/images\/icons_theme\/default\/default_email.png' width='40' height='40' style='' class='sfcm sfsi_wicon ' data-effect=''   \/><\/a><\/div><\/div><div style='width:40px; height:40px;margin-left:5px;margin-bottom:5px; ' class='sfsi_wicons shuffeldiv ' ><div class='inerCnt'><a class=' sficn' data-effect='' target='_blank'  href='' id='sfsiid_facebook_icon' style='width:40px;height:40px;opacity:1;'  ><img data-pin-nopin='true' alt='Facebook' title='Facebook' src='https:\/\/www.concyl.es\/wp-content\/plugins\/ultimate-social-media-icons\/images\/icons_theme\/default\/default_facebook.png' width='40' height='40' style='' class='sfcm sfsi_wicon ' data-effect=''   \/><\/a><div class=\"sfsi_tool_tip_2 fb_tool_bdr sfsiTlleft\" style=\"opacity:0;z-index:-1;\" id=\"sfsiid_facebook\"><span class=\"bot_arow bot_fb_arow\"><\/span><div class=\"sfsi_inside\"><div  class='icon2'><div class=\"fb-like\" width=\"200\" data-href=\"https:\/\/www.concyl.es\/index.php\/2021\/05\/06\/los-farmaceuticos-de-castilla-y-leon-piden-a-la-consejeria-de-sanidad-que-exija-al-ministerio-completar-con-urgencia-la-inmunizacion-del-personal-de-farmacias\/\"  data-send=\"false\" data-layout=\"button_count\" data-action=\"like\"><\/div><\/div><div  class='icon3'><a target='_blank' href='https:\/\/www.facebook.com\/sharer\/sharer.php?u=https%3A%2F%2Fwww.concyl.es%2Fwp-json%2Fwp%2Fv2%2Fposts%2F2727' style='display:inline-block;'  > <img class='sfsi_wicon'  data-pin-nopin='true' alt='fb-share-icon' title='Facebook Share' src='https:\/\/www.concyl.es\/wp-content\/plugins\/ultimate-social-media-icons\/images\/share_icons\/fb_icons\/en_US.svg' \/><\/a><\/div><\/div><\/div><\/div><\/div><div style='width:40px; height:40px;margin-left:5px;margin-bottom:5px; ' class='sfsi_wicons shuffeldiv ' ><div class='inerCnt'><a class=' sficn' data-effect='' target='_blank'  href='' id='sfsiid_twitter_icon' style='width:40px;height:40px;opacity:1;'  ><img data-pin-nopin='true' alt='Twitter' title='Twitter' src='https:\/\/www.concyl.es\/wp-content\/plugins\/ultimate-social-media-icons\/images\/icons_theme\/default\/default_twitter.png' width='40' height='40' style='' class='sfcm sfsi_wicon ' data-effect=''   \/><\/a><div class=\"sfsi_tool_tip_2 twt_tool_bdr sfsiTlleft\" style=\"opacity:0;z-index:-1;\" id=\"sfsiid_twitter\"><span class=\"bot_arow bot_twt_arow\"><\/span><div class=\"sfsi_inside\"><div  class='icon2'><div class='sf_twiter' style='display: inline-block;vertical-align: middle;width: auto;'>\r\n\t\t\t\t\t\t<a target='_blank' href='https:\/\/x.com\/intent\/post?text=Mira+lo+que+he+encontrado+en+www.concyl.es+https%3A%2F%2Fwww.concyl.es%2Fwp-json%2Fwp%2Fv2%2Fposts%2F2727' style='display:inline-block' >\r\n\t\t\t\t\t\t\t<img data-pin-nopin= true class='sfsi_wicon' src='https:\/\/www.concyl.es\/wp-content\/plugins\/ultimate-social-media-icons\/images\/share_icons\/Twitter_Tweet\/en_US_Tweet.svg' alt='Post on X' title='Post on X' >\r\n\t\t\t\t\t\t<\/a>\r\n\t\t\t\t\t<\/div><\/div><\/div><\/div><\/div><\/div><div style='width:40px; height:40px;margin-left:5px;margin-bottom:5px; ' class='sfsi_wicons shuffeldiv ' ><div class='inerCnt'><a class=' sficn' data-effect='' target='_blank'  href='https:\/\/api.whatsapp.com\/send?text=https%3A%2F%2Fwww.concyl.es%2Findex.php%2F2021%2F05%2F06%2Flos-farmaceuticos-de-castilla-y-leon-piden-a-la-consejeria-de-sanidad-que-exija-al-ministerio-completar-con-urgencia-la-inmunizacion-del-personal-de-farmacias%2F' id='sfsiid_whatsapp_icon' style='width:40px;height:40px;opacity:1;'  ><img data-pin-nopin='true' alt='WhatsApp' title='WhatsApp' src='https:\/\/www.concyl.es\/wp-content\/plugins\/ultimate-social-media-icons\/images\/icons_theme\/default\/default_whatsapp.png' width='40' height='40' style='' class='sfcm sfsi_wicon ' data-effect=''   \/><\/a><\/div><\/div><\/div ><div id=\"sfsi_holder\" class=\"sfsi_holders\" style=\"position: relative; float: left;width:100%;z-index:-1;\"><\/div ><script>window.addEventListener(\"sfsi_functions_loaded\", function()\n\t\t\t{\n\t\t\t\tif (typeof sfsi_widget_set == \"function\") {\n\t\t\t\t\tsfsi_widget_set();\n\t\t\t\t}\n\t\t\t}); <\/script><div style=\"clear: both;\"><\/div><\/div><strong>06\/05\/2021<\/strong>\u00a0\u00a0<\/p>\n\n\n\n<p><strong>Los farmac\u00e9uticos de Castilla y Le\u00f3n<\/strong> comparten el posicionamiento del Consejo General de Farmac\u00e9uticos y se adhieren al comunicado emitido hoy por dicha Corporaci\u00f3n profesional en la que reclaman al Ministerio de Sanidad que complete con urgencia la inmunizaci\u00f3n del personal de las oficinas de farmacia.<!--more--><\/p>\n<p>A este respecto, desde el CONCYL-Consejo de Colegios Profesionales de Farmac\u00e9uticos de Castilla y Le\u00f3n solicitan a la Consejer\u00eda de Sanidad de la Junta de Castilla y Le\u00f3n que tome cartas en el asunto y que, como interlocutor con el Ministerio de Sanidad en materia de vacunaci\u00f3n, informe de cu\u00e1les ser\u00e1n las pautas a seguir para que el colectivo farmac\u00e9utico de la Comunidad termine su inmunizaci\u00f3n.<\/p>\n<p>Tanto desde el CONCYL como desde el Consejo General de Farmac\u00e9uticos recuerdan a las autoridades sanitarias que se trata de profesionales sanitarios de alto riesgo que est\u00e1n en primera l\u00ednea. De ah\u00ed que insten a Sanidad a que los farmac\u00e9uticos con edad inferior a los 60 a\u00f1os y que voluntariamente lo deseen reciban, en el periodo entre 4 y 12 semanas, la segunda dosis de la misma compa\u00f1\u00eda de la primera, tal y como recomienda la EMA.<\/p>\n<p>Los farmac\u00e9uticos recalcan que a d\u00eda de hoy no existe evidencia cient\u00edfica suficiente que permita administrar una segunda dosis de un laboratorio diferente. En consecuencia, los farmac\u00e9uticos y personal de farmacias que no quieran recibir la segunda dosis de AstraZeneca deber\u00edan esperar a que se tengan evidencias cient\u00edficas testadas convenientemente de otras posibles combinaciones para completar su vacunaci\u00f3n de forma segura y efectiva.<\/p>\n<p>Desde el Consejo auton\u00f3mico recuerdan a la Consejer\u00eda de Sanidad \u201cque debe seguir apostando por la inmunizaci\u00f3n de los sanitarios. Es una vacunaci\u00f3n imprescindible que se debe completar, porque es la \u00fanica v\u00eda de garantizar servicios b\u00e1sicos para la poblaci\u00f3n como son las farmacias, un referente sanitario de primer orden\u201d.<\/p>\n\n\n\n<p><\/p>\n","protected":false},"excerpt":{"rendered":"<p>Los farmac\u00e9uticos de Castilla y Le\u00f3n piden a la Consejer\u00eda de Sanidad que exija al Ministerio completar con urgencia la inmunizaci\u00f3n del personal de farmacias 06\/05\/2021\u00a0\u00a0 Los farmac\u00e9uticos de Castilla y Le\u00f3n comparten el posicionamiento del Consejo General de Farmac\u00e9uticos y se adhieren al comunicado emitido hoy por dicha Corporaci\u00f3n profesional en la que reclaman [&hellip;]<\/p>\n","protected":false},"author":2,"featured_media":0,"comment_status":"closed","ping_status":"closed","sticky":false,"template":"","format":"standard","meta":{"footnotes":""},"categories":[9],"tags":[],"class_list":["post-2727","post","type-post","status-publish","format-standard","hentry","category-comunicados"],"_links":{"self":[{"href":"https:\/\/www.concyl.es\/index.php\/wp-json\/wp\/v2\/posts\/2727","targetHints":{"allow":["GET"]}}],"collection":[{"href":"https:\/\/www.concyl.es\/index.php\/wp-json\/wp\/v2\/posts"}],"about":[{"href":"https:\/\/www.concyl.es\/index.php\/wp-json\/wp\/v2\/types\/post"}],"author":[{"embeddable":true,"href":"https:\/\/www.concyl.es\/index.php\/wp-json\/wp\/v2\/users\/2"}],"replies":[{"embeddable":true,"href":"https:\/\/www.concyl.es\/index.php\/wp-json\/wp\/v2\/comments?post=2727"}],"version-history":[{"count":2,"href":"https:\/\/www.concyl.es\/index.php\/wp-json\/wp\/v2\/posts\/2727\/revisions"}],"predecessor-version":[{"id":2730,"href":"https:\/\/www.concyl.es\/index.php\/wp-json\/wp\/v2\/posts\/2727\/revisions\/2730"}],"wp:attachment":[{"href":"https:\/\/www.concyl.es\/index.php\/wp-json\/wp\/v2\/media?parent=2727"}],"wp:term":[{"taxonomy":"category","embeddable":true,"href":"https:\/\/www.concyl.es\/index.php\/wp-json\/wp\/v2\/categories?post=2727"},{"taxonomy":"post_tag","embeddable":true,"href":"https:\/\/www.concyl.es\/index.php\/wp-json\/wp\/v2\/tags?post=2727"}],"curies":[{"name":"wp","href":"https:\/\/api.w.org\/{rel}","templated":true}]}}