 {"id":2724,"date":"2021-07-21T11:20:00","date_gmt":"2021-07-21T11:20:00","guid":{"rendered":"https:\/\/www.concyl.es\/?p=2724"},"modified":"2023-02-27T08:45:07","modified_gmt":"2023-02-27T08:45:07","slug":"las-farmacias-de-castilla-y-leon-colaboran-con-sanidad-en-la-dispensacion-informada-sin-receta-de-test-de-autodiagnostico-para-covid-que-arranca-manana","status":"publish","type":"post","link":"https:\/\/www.concyl.es\/index.php\/2021\/07\/21\/las-farmacias-de-castilla-y-leon-colaboran-con-sanidad-en-la-dispensacion-informada-sin-receta-de-test-de-autodiagnostico-para-covid-que-arranca-manana\/","title":{"rendered":"Las farmacias de Castilla y Le\u00f3n colaboran con Sanidad en la dispensaci\u00f3n informada sin receta de test de autodiagn\u00f3stico para COVID que arranca ma\u00f1ana"},"content":{"rendered":"\n<h3 class=\"wp-block-heading\" id=\"block-bb844084-7ec6-45f2-b9df-2f10d8eeaea1\">Las farmacias de Castilla y Le\u00f3n colaboran con Sanidad en la dispensaci\u00f3n informada sin receta de test de autodiagn\u00f3stico para COVID que arranca ma\u00f1ana<\/h3>\n\n\n\n<p id=\"block-e26c1958-dba2-49f9-88e4-371da75a9169\"><div class=\"sfsi_widget sfsi_shortcode_container\"><div class=\"norm_row sfsi_wDiv \"  style=\"width:225px;text-align:left;\"><div style='width:40px; height:40px;margin-left:5px;margin-bottom:5px; ' class='sfsi_wicons shuffeldiv ' ><div class='inerCnt'><a class=' sficn' data-effect='' target='_blank'  href='https:\/\/api.follow.it\/widgets\/icon\/b2dJdDRZbEpMdVlFM2xwQ2JYSm9SVklJS2pKY3c1RkZaekJaL0l0L0xmSGxRTUkzbCtQQ1pkY3VObFJwNVZaREM2YjZWbnVqNitrdEQ1S01ka2lqb3ZEcU5iOTR5NThiL1RoV2dNN0FNSEVIS0dsMDNkT1pUZnNWM1V1bU5acGh8ZlNMOFVweHJpQUd6RmxvcVAveVRFZ2NwUHhMSlkxMTMzNnpQMGM3WlhLOD0=\/OA==\/' id='sfsiid_email_icon' style='width:40px;height:40px;opacity:1;'  ><img data-pin-nopin='true' alt='Follow by Email' title='Follow by Email' src='https:\/\/www.concyl.es\/wp-content\/plugins\/ultimate-social-media-icons\/images\/icons_theme\/default\/default_email.png' width='40' height='40' style='' class='sfcm sfsi_wicon ' data-effect=''   \/><\/a><\/div><\/div><div style='width:40px; height:40px;margin-left:5px;margin-bottom:5px; ' class='sfsi_wicons shuffeldiv ' ><div class='inerCnt'><a class=' sficn' data-effect='' target='_blank'  href='' id='sfsiid_facebook_icon' style='width:40px;height:40px;opacity:1;'  ><img data-pin-nopin='true' alt='Facebook' title='Facebook' src='https:\/\/www.concyl.es\/wp-content\/plugins\/ultimate-social-media-icons\/images\/icons_theme\/default\/default_facebook.png' width='40' height='40' style='' class='sfcm sfsi_wicon ' data-effect=''   \/><\/a><div class=\"sfsi_tool_tip_2 fb_tool_bdr sfsiTlleft\" style=\"opacity:0;z-index:-1;\" id=\"sfsiid_facebook\"><span class=\"bot_arow bot_fb_arow\"><\/span><div class=\"sfsi_inside\"><div  class='icon2'><div class=\"fb-like\" width=\"200\" data-href=\"https:\/\/www.concyl.es\/index.php\/2021\/07\/21\/las-farmacias-de-castilla-y-leon-colaboran-con-sanidad-en-la-dispensacion-informada-sin-receta-de-test-de-autodiagnostico-para-covid-que-arranca-manana\/\"  data-send=\"false\" data-layout=\"button_count\" data-action=\"like\"><\/div><\/div><div  class='icon3'><a target='_blank' href='https:\/\/www.facebook.com\/sharer\/sharer.php?u=https%3A%2F%2Fwww.concyl.es%2Fwp-json%2Fwp%2Fv2%2Fposts%2F2724' style='display:inline-block;'  > <img class='sfsi_wicon'  data-pin-nopin='true' alt='fb-share-icon' title='Facebook Share' src='https:\/\/www.concyl.es\/wp-content\/plugins\/ultimate-social-media-icons\/images\/share_icons\/fb_icons\/en_US.svg' \/><\/a><\/div><\/div><\/div><\/div><\/div><div style='width:40px; height:40px;margin-left:5px;margin-bottom:5px; ' class='sfsi_wicons shuffeldiv ' ><div class='inerCnt'><a class=' sficn' data-effect='' target='_blank'  href='' id='sfsiid_twitter_icon' style='width:40px;height:40px;opacity:1;'  ><img data-pin-nopin='true' alt='Twitter' title='Twitter' src='https:\/\/www.concyl.es\/wp-content\/plugins\/ultimate-social-media-icons\/images\/icons_theme\/default\/default_twitter.png' width='40' height='40' style='' class='sfcm sfsi_wicon ' data-effect=''   \/><\/a><div class=\"sfsi_tool_tip_2 twt_tool_bdr sfsiTlleft\" style=\"opacity:0;z-index:-1;\" id=\"sfsiid_twitter\"><span class=\"bot_arow bot_twt_arow\"><\/span><div class=\"sfsi_inside\"><div  class='icon2'><div class='sf_twiter' style='display: inline-block;vertical-align: middle;width: auto;'>\r\n\t\t\t\t\t\t<a target='_blank' href='https:\/\/x.com\/intent\/post?text=Mira+lo+que+he+encontrado+en+www.concyl.es+https%3A%2F%2Fwww.concyl.es%2Fwp-json%2Fwp%2Fv2%2Fposts%2F2724' style='display:inline-block' >\r\n\t\t\t\t\t\t\t<img data-pin-nopin= true class='sfsi_wicon' src='https:\/\/www.concyl.es\/wp-content\/plugins\/ultimate-social-media-icons\/images\/share_icons\/Twitter_Tweet\/en_US_Tweet.svg' alt='Post on X' title='Post on X' >\r\n\t\t\t\t\t\t<\/a>\r\n\t\t\t\t\t<\/div><\/div><\/div><\/div><\/div><\/div><div style='width:40px; height:40px;margin-left:5px;margin-bottom:5px; ' class='sfsi_wicons shuffeldiv ' ><div class='inerCnt'><a class=' sficn' data-effect='' target='_blank'  href='https:\/\/api.whatsapp.com\/send?text=https%3A%2F%2Fwww.concyl.es%2Findex.php%2F2021%2F07%2F21%2Flas-farmacias-de-castilla-y-leon-colaboran-con-sanidad-en-la-dispensacion-informada-sin-receta-de-test-de-autodiagnostico-para-covid-que-arranca-manana%2F' id='sfsiid_whatsapp_icon' style='width:40px;height:40px;opacity:1;'  ><img data-pin-nopin='true' alt='WhatsApp' title='WhatsApp' src='https:\/\/www.concyl.es\/wp-content\/plugins\/ultimate-social-media-icons\/images\/icons_theme\/default\/default_whatsapp.png' width='40' height='40' style='' class='sfcm sfsi_wicon ' data-effect=''   \/><\/a><\/div><\/div><\/div ><div id=\"sfsi_holder\" class=\"sfsi_holders\" style=\"position: relative; float: left;width:100%;z-index:-1;\"><\/div ><script>window.addEventListener(\"sfsi_functions_loaded\", function()\n\t\t\t{\n\t\t\t\tif (typeof sfsi_widget_set == \"function\") {\n\t\t\t\t\tsfsi_widget_set();\n\t\t\t\t}\n\t\t\t}); <\/script><div style=\"clear: both;\"><\/div><\/div><strong>21\/07\/2021<\/strong>\u00a0\u00a0<\/p>\n\n\n\n<p>Las farmacias de Castilla y Le\u00f3n colaboran con la Consejer\u00eda de Sanidad a partir de ma\u00f1ana en la dispensaci\u00f3n informada sin receta de test de autodiagn\u00f3stico COVID en estos establecimientos sanitarios de la Comunidad.<\/p>\n<p>Se activa as\u00ed su venta sin prescripci\u00f3n m\u00e9dica tras aprobarse el Real Decreto que regula esta medida en el Consejo de Ministros de ayer y publicarse hoy en el BOE.<!--more--><\/p>\n<p>Los farmac\u00e9uticos ser\u00e1n los encargados de asesorar al paciente sobre los tipos de test disponibles, qu\u00e9 protocolo seguir para realizarse la prueba y c\u00f3mo interpretar los resultados. Para que esta dispensaci\u00f3n informada que se realizar\u00e1 en las farmacias sirva como herramienta epidemiol\u00f3gica de primer orden en el control de la pandemia, ser\u00e1 clave el registro y notificaci\u00f3n de los datos para que los posibles positivos se canalicen al sistema sanitario.<\/p>\n<p>De ah\u00ed que desde el CONCYL-Consejo de Colegios Profesionales de Farmac\u00e9uticos de Castilla y Le\u00f3n se reitere la disposici\u00f3n de los farmac\u00e9uticos de la Comunidad a trabajar en el desarrollo de protocolos conjuntos con la Consejer\u00eda de Sanidad que permitan la recogida y explotaci\u00f3n de estos datos con la colaboraci\u00f3n de los pacientes.<\/p>\n<p>El presidente del CONCYL, Javier Herrad\u00f3n, se\u00f1ala que, una vez facilitado el acceso a estas pruebas sin receta, es importante ayudar al ciudadano en el conocimiento y manejo de estos test y en la importancia de notificar sus resultados. En este sentido, considera importante dar un paso m\u00e1s y crear herramientas para que el farmac\u00e9utico pueda incorporar los resultados al sistema de vigilancia epidemiol\u00f3gica para aumentar as\u00ed la eficacia de la detecci\u00f3n precoz y avanzar en la gesti\u00f3n de la pandemia.<\/p>\n<p>\u00a0<\/p>\n","protected":false},"excerpt":{"rendered":"<p>Las farmacias de Castilla y Le\u00f3n colaboran con Sanidad en la dispensaci\u00f3n informada sin receta de test de autodiagn\u00f3stico para COVID que arranca ma\u00f1ana 21\/07\/2021\u00a0\u00a0 Las farmacias de Castilla y Le\u00f3n colaboran con la Consejer\u00eda de Sanidad a partir de ma\u00f1ana en la dispensaci\u00f3n informada sin receta de test de autodiagn\u00f3stico COVID en estos establecimientos [&hellip;]<\/p>\n","protected":false},"author":2,"featured_media":0,"comment_status":"closed","ping_status":"closed","sticky":false,"template":"","format":"standard","meta":{"footnotes":""},"categories":[9],"tags":[],"class_list":["post-2724","post","type-post","status-publish","format-standard","hentry","category-comunicados"],"_links":{"self":[{"href":"https:\/\/www.concyl.es\/index.php\/wp-json\/wp\/v2\/posts\/2724","targetHints":{"allow":["GET"]}}],"collection":[{"href":"https:\/\/www.concyl.es\/index.php\/wp-json\/wp\/v2\/posts"}],"about":[{"href":"https:\/\/www.concyl.es\/index.php\/wp-json\/wp\/v2\/types\/post"}],"author":[{"embeddable":true,"href":"https:\/\/www.concyl.es\/index.php\/wp-json\/wp\/v2\/users\/2"}],"replies":[{"embeddable":true,"href":"https:\/\/www.concyl.es\/index.php\/wp-json\/wp\/v2\/comments?post=2724"}],"version-history":[{"count":1,"href":"https:\/\/www.concyl.es\/index.php\/wp-json\/wp\/v2\/posts\/2724\/revisions"}],"predecessor-version":[{"id":2725,"href":"https:\/\/www.concyl.es\/index.php\/wp-json\/wp\/v2\/posts\/2724\/revisions\/2725"}],"wp:attachment":[{"href":"https:\/\/www.concyl.es\/index.php\/wp-json\/wp\/v2\/media?parent=2724"}],"wp:term":[{"taxonomy":"category","embeddable":true,"href":"https:\/\/www.concyl.es\/index.php\/wp-json\/wp\/v2\/categories?post=2724"},{"taxonomy":"post_tag","embeddable":true,"href":"https:\/\/www.concyl.es\/index.php\/wp-json\/wp\/v2\/tags?post=2724"}],"curies":[{"name":"wp","href":"https:\/\/api.w.org\/{rel}","templated":true}]}}