 {"id":2707,"date":"2021-08-06T10:22:00","date_gmt":"2021-08-06T10:22:00","guid":{"rendered":"https:\/\/www.concyl.es\/?p=2707"},"modified":"2023-02-27T08:45:07","modified_gmt":"2023-02-27T08:45:07","slug":"se-presenta-la-campana-no-caminas-sola-de-prevencion-de-violencia-machista-en-el-camino-de-santiago","status":"publish","type":"post","link":"https:\/\/www.concyl.es\/index.php\/2021\/08\/06\/se-presenta-la-campana-no-caminas-sola-de-prevencion-de-violencia-machista-en-el-camino-de-santiago\/","title":{"rendered":"Se presenta la campa\u00f1a \u201cNo caminas sola\u201d de prevenci\u00f3n de violencia machista en el Camino de Santiago"},"content":{"rendered":"\n<h3 class=\"wp-block-heading\" id=\"block-bb844084-7ec6-45f2-b9df-2f10d8eeaea1\">Se presenta la campa\u00f1a \u201cNo caminas sola\u201d de prevenci\u00f3n de violencia machista en el Camino de Santiago<\/h3>\n\n\n\n<p id=\"block-e26c1958-dba2-49f9-88e4-371da75a9169\"><div class=\"sfsi_widget sfsi_shortcode_container\"><div class=\"norm_row sfsi_wDiv \"  style=\"width:225px;text-align:left;\"><div style='width:40px; height:40px;margin-left:5px;margin-bottom:5px; ' class='sfsi_wicons shuffeldiv ' ><div class='inerCnt'><a class=' sficn' data-effect='' target='_blank'  href='https:\/\/api.follow.it\/widgets\/icon\/b2dJdDRZbEpMdVlFM2xwQ2JYSm9SVklJS2pKY3c1RkZaekJaL0l0L0xmSGxRTUkzbCtQQ1pkY3VObFJwNVZaREM2YjZWbnVqNitrdEQ1S01ka2lqb3ZEcU5iOTR5NThiL1RoV2dNN0FNSEVIS0dsMDNkT1pUZnNWM1V1bU5acGh8ZlNMOFVweHJpQUd6RmxvcVAveVRFZ2NwUHhMSlkxMTMzNnpQMGM3WlhLOD0=\/OA==\/' id='sfsiid_email_icon' style='width:40px;height:40px;opacity:1;'  ><img data-pin-nopin='true' alt='Follow by Email' title='Follow by Email' src='https:\/\/www.concyl.es\/wp-content\/plugins\/ultimate-social-media-icons\/images\/icons_theme\/default\/default_email.png' width='40' height='40' style='' class='sfcm sfsi_wicon ' data-effect=''   \/><\/a><\/div><\/div><div style='width:40px; height:40px;margin-left:5px;margin-bottom:5px; ' class='sfsi_wicons shuffeldiv ' ><div class='inerCnt'><a class=' sficn' data-effect='' target='_blank'  href='' id='sfsiid_facebook_icon' style='width:40px;height:40px;opacity:1;'  ><img data-pin-nopin='true' alt='Facebook' title='Facebook' src='https:\/\/www.concyl.es\/wp-content\/plugins\/ultimate-social-media-icons\/images\/icons_theme\/default\/default_facebook.png' width='40' height='40' style='' class='sfcm sfsi_wicon ' data-effect=''   \/><\/a><div class=\"sfsi_tool_tip_2 fb_tool_bdr sfsiTlleft\" style=\"opacity:0;z-index:-1;\" id=\"sfsiid_facebook\"><span class=\"bot_arow bot_fb_arow\"><\/span><div class=\"sfsi_inside\"><div  class='icon2'><div class=\"fb-like\" width=\"200\" data-href=\"https:\/\/www.concyl.es\/index.php\/2021\/08\/06\/se-presenta-la-campana-no-caminas-sola-de-prevencion-de-violencia-machista-en-el-camino-de-santiago\/\"  data-send=\"false\" data-layout=\"button_count\" data-action=\"like\"><\/div><\/div><div  class='icon3'><a target='_blank' href='https:\/\/www.facebook.com\/sharer\/sharer.php?u=https%3A%2F%2Fwww.concyl.es%2Fwp-json%2Fwp%2Fv2%2Fposts%2F2707' style='display:inline-block;'  > <img class='sfsi_wicon'  data-pin-nopin='true' alt='fb-share-icon' title='Facebook Share' src='https:\/\/www.concyl.es\/wp-content\/plugins\/ultimate-social-media-icons\/images\/share_icons\/fb_icons\/en_US.svg' \/><\/a><\/div><\/div><\/div><\/div><\/div><div style='width:40px; height:40px;margin-left:5px;margin-bottom:5px; ' class='sfsi_wicons shuffeldiv ' ><div class='inerCnt'><a class=' sficn' data-effect='' target='_blank'  href='' id='sfsiid_twitter_icon' style='width:40px;height:40px;opacity:1;'  ><img data-pin-nopin='true' alt='Twitter' title='Twitter' src='https:\/\/www.concyl.es\/wp-content\/plugins\/ultimate-social-media-icons\/images\/icons_theme\/default\/default_twitter.png' width='40' height='40' style='' class='sfcm sfsi_wicon ' data-effect=''   \/><\/a><div class=\"sfsi_tool_tip_2 twt_tool_bdr sfsiTlleft\" style=\"opacity:0;z-index:-1;\" id=\"sfsiid_twitter\"><span class=\"bot_arow bot_twt_arow\"><\/span><div class=\"sfsi_inside\"><div  class='icon2'><div class='sf_twiter' style='display: inline-block;vertical-align: middle;width: auto;'>\r\n\t\t\t\t\t\t<a target='_blank' href='https:\/\/x.com\/intent\/post?text=Mira+lo+que+he+encontrado+en+www.concyl.es+https%3A%2F%2Fwww.concyl.es%2Fwp-json%2Fwp%2Fv2%2Fposts%2F2707' style='display:inline-block' >\r\n\t\t\t\t\t\t\t<img data-pin-nopin= true class='sfsi_wicon' src='https:\/\/www.concyl.es\/wp-content\/plugins\/ultimate-social-media-icons\/images\/share_icons\/Twitter_Tweet\/en_US_Tweet.svg' alt='Post on X' title='Post on X' >\r\n\t\t\t\t\t\t<\/a>\r\n\t\t\t\t\t<\/div><\/div><\/div><\/div><\/div><\/div><div style='width:40px; height:40px;margin-left:5px;margin-bottom:5px; ' class='sfsi_wicons shuffeldiv ' ><div class='inerCnt'><a class=' sficn' data-effect='' target='_blank'  href='https:\/\/api.whatsapp.com\/send?text=https%3A%2F%2Fwww.concyl.es%2Findex.php%2F2021%2F08%2F06%2Fse-presenta-la-campana-no-caminas-sola-de-prevencion-de-violencia-machista-en-el-camino-de-santiago%2F' id='sfsiid_whatsapp_icon' style='width:40px;height:40px;opacity:1;'  ><img data-pin-nopin='true' alt='WhatsApp' title='WhatsApp' src='https:\/\/www.concyl.es\/wp-content\/plugins\/ultimate-social-media-icons\/images\/icons_theme\/default\/default_whatsapp.png' width='40' height='40' style='' class='sfcm sfsi_wicon ' data-effect=''   \/><\/a><\/div><\/div><\/div ><div id=\"sfsi_holder\" class=\"sfsi_holders\" style=\"position: relative; float: left;width:100%;z-index:-1;\"><\/div ><script>window.addEventListener(\"sfsi_functions_loaded\", function()\n\t\t\t{\n\t\t\t\tif (typeof sfsi_widget_set == \"function\") {\n\t\t\t\t\tsfsi_widget_set();\n\t\t\t\t}\n\t\t\t}); <\/script><div style=\"clear: both;\"><\/div><\/div><strong>06\/08\/2021<\/strong>&nbsp;&nbsp;<\/p>\n\n\n\n<p id=\"block-ab2919ad-9939-463a-9fe5-350d10214c1f\">El delegado del Gobierno en Castilla y Le\u00f3n, Javier Izquierdo en su compromiso en la lucha contra la violencia sobre las mujeres, siendo esta una de sus acciones prioritarias desde que lleg\u00f3 al cargo, <em>est\u00e1 desarrollando una nueva Campa\u00f1a esta vez centrada en la difusi\u00f3n de recursos para mujeres en el Camino de Santiago.<\/em><!--more--><\/p>\n\n\n\n<p>Anualmente, las Fuerzas y Cuerpos de Seguridad del Estado dise\u00f1an e implantan planes espec\u00edficos para garantizar la protecci\u00f3n y seguridad de las personas que en su peregrinaje transitan por el Camino de Santiago, haciendo de \u00e9l un lugar seguro.<\/p>\n\n\n\n<p>Este a\u00f1o 2021, al Plan de Prevenci\u00f3n y Seguridad de Polic\u00eda Nacional y al Plan Guardianes del Camino de Guardia Civil, se suma esta Campa\u00f1a dirigida a las peregrinas para darles a conocer los recursos&nbsp; que pueden utilizar en caso de sufrir cualquier tipo de violencia.<\/p>\n\n\n\n<p>Sumando estrategias de acci\u00f3n y teniendo en cuenta el incremento del n\u00famero de mujeres peregrinas que deciden realizar el Camino de Santiago en soledad, se ha dise\u00f1ado una Campa\u00f1a con recursos p\u00fablicos creados para la protecci\u00f3n de las mujeres as\u00ed como las novedades desarrolladas por el Ministerio de Igualdad.<\/p>\n\n\n\n<p>Se necesita implicaci\u00f3n de toda la sociedad para erradicar la violencia machista, y uno de los objetivos que se desarrollar\u00e1 por parte de la Delegaci\u00f3n del Gobierno en Castilla y Le\u00f3n ser\u00e1 la formaci\u00f3n masiva sobre recursos y formas de actuar en un caso de violencia contra las mujeres.<\/p>\n\n\n\n<p>Con este objetivo compartido, y el compromiso con la igualdad y la lucha contra la violencia machista, se pretende colaborar para que las mujeres puedan encontrar en la sociedad herramientas para afrontar situaciones de violencia.<\/p>\n\n\n\n<p><strong>Nueva colaboraci\u00f3n con el Consejo de Colegios Profesionales de Farmac\u00e9uticos de Castilla y Le\u00f3n.<\/strong><\/p>\n\n\n\n<p>La delegaci\u00f3n del Gobierno en Castilla y Le\u00f3n apuesta una vez m\u00e1s por colaborar en esta campa\u00f1a con el Consejo de Colegios Profesionales de Farmac\u00e9uticos de Castilla y Le\u00f3n. Ya lo hizo a principios de a\u00f1o con la colaboraci\u00f3n de las farmacias de la Comunidad en la difusi\u00f3n de informaci\u00f3n dirigida a v\u00edctimas de violencia de g\u00e9nero, un \u00e1mbito \u00e9ste en el que las boticas de Castilla y Le\u00f3n desarrollan desde 2017 y con distintas administraciones un activo papel como punto de detecci\u00f3n y asesoramiento.&nbsp;<\/p>\n\n\n\n<p>En la campa\u00f1a actual, la colaboraci\u00f3n de la delegaci\u00f3n del Gobierno en CyL y de CONCYL convertir\u00e1 las farmacias del Camino en puntos de referencia para las peregrinas, que encontrar\u00e1n en estos establecimientos sanitarios toda la informaci\u00f3n sobre los recursos disponibles para su atenci\u00f3n. En total, son cerca de 180 las oficinas de farmacia que est\u00e1n en el \u00e1rea de influencia del Camino en Castilla y Le\u00f3n. Estas farmacias estar\u00e1n provistas de carteles informativos y tarjetas con todos los recursos de atenci\u00f3n, ayuda y emergencias disponibles en la Comunidad: tel\u00e9fono contra la violencia de g\u00e9nero, contactos de Guardia Civil, Polic\u00eda Nacional y Emergencias y Aplicaci\u00f3n AlertCops.<\/p>\n\n\n\n<p>Se apuesta una vez m\u00e1s por la farmacia como punto sanitario de gran valor por su cercan\u00eda, accesibilidad y confianza con la ciudadan\u00eda, as\u00ed como por la implicaci\u00f3n social demostrada por los profesionales de las oficinas de farmacia. La capilaridad de las farmacias les permite llegar a toda la poblaci\u00f3n de Castilla y Le\u00f3n, incluidas las zonas m\u00e1s aisladas. Esto, sumado a la confidencialidad que impera en la relaci\u00f3n paciente-farmac\u00e9utico, coloca a estos establecimientos sanitarios en una situaci\u00f3n privilegiada para impulsar iniciativas de este calado.<\/p>\n\n\n\n<figure class=\"wp-block-image size-large\"><img loading=\"lazy\" decoding=\"async\" width=\"724\" height=\"1024\" src=\"https:\/\/www.concyl.es\/wp-content\/uploads\/2022\/02\/NO-CAMINAS-SOLA-CARTEL-724x1024.jpeg\" alt=\"\" class=\"wp-image-2708\" srcset=\"https:\/\/www.concyl.es\/wp-content\/uploads\/2022\/02\/NO-CAMINAS-SOLA-CARTEL-724x1024.jpeg 724w, https:\/\/www.concyl.es\/wp-content\/uploads\/2022\/02\/NO-CAMINAS-SOLA-CARTEL-212x300.jpeg 212w, https:\/\/www.concyl.es\/wp-content\/uploads\/2022\/02\/NO-CAMINAS-SOLA-CARTEL-768x1086.jpeg 768w, https:\/\/www.concyl.es\/wp-content\/uploads\/2022\/02\/NO-CAMINAS-SOLA-CARTEL-1086x1536.jpeg 1086w, https:\/\/www.concyl.es\/wp-content\/uploads\/2022\/02\/NO-CAMINAS-SOLA-CARTEL-1448x2048.jpeg 1448w, https:\/\/www.concyl.es\/wp-content\/uploads\/2022\/02\/NO-CAMINAS-SOLA-CARTEL.jpeg 1754w\" sizes=\"auto, (max-width: 724px) 100vw, 724px\" \/><\/figure>\n","protected":false},"excerpt":{"rendered":"<p>Se presenta la campa\u00f1a \u201cNo caminas sola\u201d de prevenci\u00f3n de violencia machista en el Camino de Santiago 06\/08\/2021&nbsp;&nbsp; El delegado del Gobierno en Castilla y Le\u00f3n, Javier Izquierdo en su compromiso en la lucha contra la violencia sobre las mujeres, siendo esta una de sus acciones prioritarias desde que lleg\u00f3 al cargo, est\u00e1 desarrollando una [&hellip;]<\/p>\n","protected":false},"author":2,"featured_media":0,"comment_status":"closed","ping_status":"closed","sticky":false,"template":"","format":"standard","meta":{"footnotes":""},"categories":[9],"tags":[],"class_list":["post-2707","post","type-post","status-publish","format-standard","hentry","category-comunicados"],"_links":{"self":[{"href":"https:\/\/www.concyl.es\/index.php\/wp-json\/wp\/v2\/posts\/2707","targetHints":{"allow":["GET"]}}],"collection":[{"href":"https:\/\/www.concyl.es\/index.php\/wp-json\/wp\/v2\/posts"}],"about":[{"href":"https:\/\/www.concyl.es\/index.php\/wp-json\/wp\/v2\/types\/post"}],"author":[{"embeddable":true,"href":"https:\/\/www.concyl.es\/index.php\/wp-json\/wp\/v2\/users\/2"}],"replies":[{"embeddable":true,"href":"https:\/\/www.concyl.es\/index.php\/wp-json\/wp\/v2\/comments?post=2707"}],"version-history":[{"count":3,"href":"https:\/\/www.concyl.es\/index.php\/wp-json\/wp\/v2\/posts\/2707\/revisions"}],"predecessor-version":[{"id":2711,"href":"https:\/\/www.concyl.es\/index.php\/wp-json\/wp\/v2\/posts\/2707\/revisions\/2711"}],"wp:attachment":[{"href":"https:\/\/www.concyl.es\/index.php\/wp-json\/wp\/v2\/media?parent=2707"}],"wp:term":[{"taxonomy":"category","embeddable":true,"href":"https:\/\/www.concyl.es\/index.php\/wp-json\/wp\/v2\/categories?post=2707"},{"taxonomy":"post_tag","embeddable":true,"href":"https:\/\/www.concyl.es\/index.php\/wp-json\/wp\/v2\/tags?post=2707"}],"curies":[{"name":"wp","href":"https:\/\/api.w.org\/{rel}","templated":true}]}}