 {"id":2616,"date":"2021-09-24T10:21:00","date_gmt":"2021-09-24T10:21:00","guid":{"rendered":"https:\/\/www.concyl.es\/?p=2616"},"modified":"2023-02-27T08:45:06","modified_gmt":"2023-02-27T08:45:06","slug":"dia-mundial-del-farmaceutico","status":"publish","type":"post","link":"https:\/\/www.concyl.es\/index.php\/2021\/09\/24\/dia-mundial-del-farmaceutico\/","title":{"rendered":"D\u00eda Mundial del Farmac\u00e9utico"},"content":{"rendered":"\n<h3 class=\"wp-block-heading\" id=\"block-a706d757-69f8-4316-9682-e74a945bfaf5\">La luz verde de la farmacia se proyecta hoy sobre los rincones m\u00e1s emblem\u00e1ticos de la Comunidad para rendir homenaje a la profesi\u00f3n<\/h3>\n\n\n\n<p id=\"block-6860b9e4-aba6-435e-a939-6b1ba35ab836\"><div class=\"sfsi_widget sfsi_shortcode_container\"><div class=\"norm_row sfsi_wDiv \"  style=\"width:225px;text-align:left;\"><div style='width:40px; height:40px;margin-left:5px;margin-bottom:5px; ' class='sfsi_wicons shuffeldiv ' ><div class='inerCnt'><a class=' sficn' data-effect='' target='_blank'  href='https:\/\/api.follow.it\/widgets\/icon\/b2dJdDRZbEpMdVlFM2xwQ2JYSm9SVklJS2pKY3c1RkZaekJaL0l0L0xmSGxRTUkzbCtQQ1pkY3VObFJwNVZaREM2YjZWbnVqNitrdEQ1S01ka2lqb3ZEcU5iOTR5NThiL1RoV2dNN0FNSEVIS0dsMDNkT1pUZnNWM1V1bU5acGh8ZlNMOFVweHJpQUd6RmxvcVAveVRFZ2NwUHhMSlkxMTMzNnpQMGM3WlhLOD0=\/OA==\/' id='sfsiid_email_icon' style='width:40px;height:40px;opacity:1;'  ><img data-pin-nopin='true' alt='Follow by Email' title='Follow by Email' src='https:\/\/www.concyl.es\/wp-content\/plugins\/ultimate-social-media-icons\/images\/icons_theme\/default\/default_email.png' width='40' height='40' style='' class='sfcm sfsi_wicon ' data-effect=''   \/><\/a><\/div><\/div><div style='width:40px; height:40px;margin-left:5px;margin-bottom:5px; ' class='sfsi_wicons shuffeldiv ' ><div class='inerCnt'><a class=' sficn' data-effect='' target='_blank'  href='' id='sfsiid_facebook_icon' style='width:40px;height:40px;opacity:1;'  ><img data-pin-nopin='true' alt='Facebook' title='Facebook' src='https:\/\/www.concyl.es\/wp-content\/plugins\/ultimate-social-media-icons\/images\/icons_theme\/default\/default_facebook.png' width='40' height='40' style='' class='sfcm sfsi_wicon ' data-effect=''   \/><\/a><div class=\"sfsi_tool_tip_2 fb_tool_bdr sfsiTlleft\" style=\"opacity:0;z-index:-1;\" id=\"sfsiid_facebook\"><span class=\"bot_arow bot_fb_arow\"><\/span><div class=\"sfsi_inside\"><div  class='icon2'><div class=\"fb-like\" width=\"200\" data-href=\"https:\/\/www.concyl.es\/index.php\/2021\/09\/24\/dia-mundial-del-farmaceutico\/\"  data-send=\"false\" data-layout=\"button_count\" data-action=\"like\"><\/div><\/div><div  class='icon3'><a target='_blank' href='https:\/\/www.facebook.com\/sharer\/sharer.php?u=https%3A%2F%2Fwww.concyl.es%2Fwp-json%2Fwp%2Fv2%2Fposts%2F2616' style='display:inline-block;'  > <img class='sfsi_wicon'  data-pin-nopin='true' alt='fb-share-icon' title='Facebook Share' src='https:\/\/www.concyl.es\/wp-content\/plugins\/ultimate-social-media-icons\/images\/share_icons\/fb_icons\/en_US.svg' \/><\/a><\/div><\/div><\/div><\/div><\/div><div style='width:40px; height:40px;margin-left:5px;margin-bottom:5px; ' class='sfsi_wicons shuffeldiv ' ><div class='inerCnt'><a class=' sficn' data-effect='' target='_blank'  href='' id='sfsiid_twitter_icon' style='width:40px;height:40px;opacity:1;'  ><img data-pin-nopin='true' alt='Twitter' title='Twitter' src='https:\/\/www.concyl.es\/wp-content\/plugins\/ultimate-social-media-icons\/images\/icons_theme\/default\/default_twitter.png' width='40' height='40' style='' class='sfcm sfsi_wicon ' data-effect=''   \/><\/a><div class=\"sfsi_tool_tip_2 twt_tool_bdr sfsiTlleft\" style=\"opacity:0;z-index:-1;\" id=\"sfsiid_twitter\"><span class=\"bot_arow bot_twt_arow\"><\/span><div class=\"sfsi_inside\"><div  class='icon2'><div class='sf_twiter' style='display: inline-block;vertical-align: middle;width: auto;'>\r\n\t\t\t\t\t\t<a target='_blank' href='https:\/\/x.com\/intent\/post?text=Mira+lo+que+he+encontrado+en+www.concyl.es+https%3A%2F%2Fwww.concyl.es%2Fwp-json%2Fwp%2Fv2%2Fposts%2F2616' style='display:inline-block' >\r\n\t\t\t\t\t\t\t<img data-pin-nopin= true class='sfsi_wicon' src='https:\/\/www.concyl.es\/wp-content\/plugins\/ultimate-social-media-icons\/images\/share_icons\/Twitter_Tweet\/en_US_Tweet.svg' alt='Post on X' title='Post on X' >\r\n\t\t\t\t\t\t<\/a>\r\n\t\t\t\t\t<\/div><\/div><\/div><\/div><\/div><\/div><div style='width:40px; height:40px;margin-left:5px;margin-bottom:5px; ' class='sfsi_wicons shuffeldiv ' ><div class='inerCnt'><a class=' sficn' data-effect='' target='_blank'  href='https:\/\/api.whatsapp.com\/send?text=https%3A%2F%2Fwww.concyl.es%2Findex.php%2F2021%2F09%2F24%2Fdia-mundial-del-farmaceutico%2F' id='sfsiid_whatsapp_icon' style='width:40px;height:40px;opacity:1;'  ><img data-pin-nopin='true' alt='WhatsApp' title='WhatsApp' src='https:\/\/www.concyl.es\/wp-content\/plugins\/ultimate-social-media-icons\/images\/icons_theme\/default\/default_whatsapp.png' width='40' height='40' style='' class='sfcm sfsi_wicon ' data-effect=''   \/><\/a><\/div><\/div><\/div ><div id=\"sfsi_holder\" class=\"sfsi_holders\" style=\"position: relative; float: left;width:100%;z-index:-1;\"><\/div ><script>window.addEventListener(\"sfsi_functions_loaded\", function()\n\t\t\t{\n\t\t\t\tif (typeof sfsi_widget_set == \"function\") {\n\t\t\t\t\tsfsi_widget_set();\n\t\t\t\t}\n\t\t\t}); <\/script><div style=\"clear: both;\"><\/div><\/div><strong>24\/09\/2021<\/strong>\u00a0\u00a0<\/p>\n\n\n\n<p>Castilla y Le\u00f3n rendir\u00e1 hoy homenaje a sus farmac\u00e9uticos iluminando pueblos y ciudades con el caracter\u00edstico color verde que luce en nuestras boticas.<\/p>\n\n\n\n<p>Ser\u00e1 con motivo del <strong>D\u00eda Mundial del Farmac\u00e9utico<\/strong>, que se conmemora ma\u00f1ana <strong>25 de septiembre<\/strong> y que proyectar\u00e1 su emblem\u00e1tica luz sobre los rincones m\u00e1s representativos de las 9 provincias de la Comunidad. Universidades, edificios p\u00fablicos, fuentes\u2026 La Comunidad hace un gui\u00f1o a la labor del sector, que avanza hacia un papel m\u00e1s activo en el sistema de salud.<\/p>\n\n\n\n<p><!--more-->Bajo el lema <strong>\u201cFarmacia: siempre de confianza, al servicio de tu salud\u201d,<\/strong> la profesi\u00f3n quiere agradecer y poner en valor la confianza creciente de los ciudadanos en los farmac\u00e9uticos como agentes de salud p\u00fablica, as\u00ed como su consideraci\u00f3n como fuente de informaci\u00f3n sanitaria veraz ante constantes escenarios de noticias falsas y desinformaci\u00f3n.<\/p>\n\n\n\n<p><\/p>\n\n\n\n<p><strong>En Castilla y Le\u00f3n<\/strong> hay 4.117 farmac\u00e9uticos colegiados (un total de 3.035 son mujeres) con una edad media en la profesi\u00f3n de 49,5 a\u00f1os. Los \u00e1mbitos profesionales son diversos: 2.984 profesionales en activo ejercen en Farmacia Comunitaria; 1.091 en Dermofarmacia; 940 en Ortopedia; 601 en Alimentaci\u00f3n; 133 en Farmacia Hospitalaria; 122 en Admon. y Salud P\u00fablica; 52 en An\u00e1lisis Cl\u00ednicos; 49 en Industria; 45 en Distribuci\u00f3n; 12 en Docencia e Investigaci\u00f3n; 7 en \u00d3ptica y Ac\u00fastica; y 70 en otras actividades.<\/p>\n\n\n\n<p>La Comunidad cuenta con <strong>1.607 oficinas de farmacia y 269 botiquines repartidos en su territorio<\/strong>. M\u00e1s de la mitad (51,2%) se encuentran en zonas rurales.<\/p>\n\n\n\n<p><strong>El presidente del CONCYL, Javier Herrad\u00f3n, <\/strong>ha recordado que la pandemia ha puesto de manifiesto a\u00fan m\u00e1s si cabe el valor estrat\u00e9gico de las farmacias y la necesidad de avanzar hacia una farmacia asistencial, con nuevos servicios y que sea un agente de salud decisivo en las zonas rurales. Se trata, se\u00f1al\u00f3, de reforzar la atenci\u00f3n sanitaria contando con un recurso asistencial eficaz: la red de m\u00e1s de 1.600 farmacias de Castilla y Le\u00f3n y los m\u00e1s de 4.000 farmac\u00e9uticos que ejercen en la Comunidad. El respaldo auton\u00f3mico a la labor del sector llega de la mano de las Cortes de Castilla y Le\u00f3n, m\u00e1ximo \u00f3rgano legislativo de la Comunidad, que iluminar\u00e1 esta noche su fachada como reconocimiento a la labor de los farmac\u00e9uticos.<\/p>\n","protected":false},"excerpt":{"rendered":"<p>La luz verde de la farmacia se proyecta hoy sobre los rincones m\u00e1s emblem\u00e1ticos de la Comunidad para rendir homenaje a la profesi\u00f3n 24\/09\/2021\u00a0\u00a0 Castilla y Le\u00f3n rendir\u00e1 hoy homenaje a sus farmac\u00e9uticos iluminando pueblos y ciudades con el caracter\u00edstico color verde que luce en nuestras boticas. Ser\u00e1 con motivo del D\u00eda Mundial del Farmac\u00e9utico, [&hellip;]<\/p>\n","protected":false},"author":2,"featured_media":2617,"comment_status":"closed","ping_status":"closed","sticky":false,"template":"","format":"standard","meta":{"footnotes":""},"categories":[9,6],"tags":[],"class_list":["post-2616","post","type-post","status-publish","format-standard","has-post-thumbnail","hentry","category-comunicados","category-noticias"],"_links":{"self":[{"href":"https:\/\/www.concyl.es\/index.php\/wp-json\/wp\/v2\/posts\/2616","targetHints":{"allow":["GET"]}}],"collection":[{"href":"https:\/\/www.concyl.es\/index.php\/wp-json\/wp\/v2\/posts"}],"about":[{"href":"https:\/\/www.concyl.es\/index.php\/wp-json\/wp\/v2\/types\/post"}],"author":[{"embeddable":true,"href":"https:\/\/www.concyl.es\/index.php\/wp-json\/wp\/v2\/users\/2"}],"replies":[{"embeddable":true,"href":"https:\/\/www.concyl.es\/index.php\/wp-json\/wp\/v2\/comments?post=2616"}],"version-history":[{"count":3,"href":"https:\/\/www.concyl.es\/index.php\/wp-json\/wp\/v2\/posts\/2616\/revisions"}],"predecessor-version":[{"id":2622,"href":"https:\/\/www.concyl.es\/index.php\/wp-json\/wp\/v2\/posts\/2616\/revisions\/2622"}],"wp:featuredmedia":[{"embeddable":true,"href":"https:\/\/www.concyl.es\/index.php\/wp-json\/wp\/v2\/media\/2617"}],"wp:attachment":[{"href":"https:\/\/www.concyl.es\/index.php\/wp-json\/wp\/v2\/media?parent=2616"}],"wp:term":[{"taxonomy":"category","embeddable":true,"href":"https:\/\/www.concyl.es\/index.php\/wp-json\/wp\/v2\/categories?post=2616"},{"taxonomy":"post_tag","embeddable":true,"href":"https:\/\/www.concyl.es\/index.php\/wp-json\/wp\/v2\/tags?post=2616"}],"curies":[{"name":"wp","href":"https:\/\/api.w.org\/{rel}","templated":true}]}}