 {"id":2557,"date":"2022-01-11T19:09:49","date_gmt":"2022-01-11T19:09:49","guid":{"rendered":"https:\/\/www.concyl.es\/?p=2557"},"modified":"2023-02-27T08:43:48","modified_gmt":"2023-02-27T08:43:48","slug":"la-farmacia-de-castilla-y-leon-en-la-recta-final-de-su-estudio-sobre-las-vacunas-covid-rastrea-esta-semana-a-2-500-ciudadanos-para-analizar-la-inmunidad-y-las-reacciones-adversas","status":"publish","type":"post","link":"https:\/\/www.concyl.es\/index.php\/2022\/01\/11\/la-farmacia-de-castilla-y-leon-en-la-recta-final-de-su-estudio-sobre-las-vacunas-covid-rastrea-esta-semana-a-2-500-ciudadanos-para-analizar-la-inmunidad-y-las-reacciones-adversas\/","title":{"rendered":"La farmacia de Castilla y Le\u00f3n, en la recta final de su estudio sobre las vacunas COVID, rastrea esta semana a 2.500 ciudadanos para analizar la  inmunidad y las reacciones adversas"},"content":{"rendered":"\n<h3 class=\"wp-block-heading\" id=\"block-a706d757-69f8-4316-9682-e74a945bfaf5\">Las farmacias de Castilla y Le\u00f3n, en la recta final de su estudio sobre las vacunas COVID, rastrea esta semana a 2.500 ciudadanos para analizar la inmunidad y las reacciones adversas<\/h3>\n\n\n\n<p id=\"block-6860b9e4-aba6-435e-a939-6b1ba35ab836\"><div class=\"sfsi_widget sfsi_shortcode_container\"><div class=\"norm_row sfsi_wDiv \"  style=\"width:225px;text-align:left;\"><div style='width:40px; height:40px;margin-left:5px;margin-bottom:5px; ' class='sfsi_wicons shuffeldiv ' ><div class='inerCnt'><a class=' sficn' data-effect='' target='_blank'  href='https:\/\/api.follow.it\/widgets\/icon\/b2dJdDRZbEpMdVlFM2xwQ2JYSm9SVklJS2pKY3c1RkZaekJaL0l0L0xmSGxRTUkzbCtQQ1pkY3VObFJwNVZaREM2YjZWbnVqNitrdEQ1S01ka2lqb3ZEcU5iOTR5NThiL1RoV2dNN0FNSEVIS0dsMDNkT1pUZnNWM1V1bU5acGh8ZlNMOFVweHJpQUd6RmxvcVAveVRFZ2NwUHhMSlkxMTMzNnpQMGM3WlhLOD0=\/OA==\/' id='sfsiid_email_icon' style='width:40px;height:40px;opacity:1;'  ><img data-pin-nopin='true' alt='Follow by Email' title='Follow by Email' src='https:\/\/www.concyl.es\/wp-content\/plugins\/ultimate-social-media-icons\/images\/icons_theme\/default\/default_email.png' width='40' height='40' style='' class='sfcm sfsi_wicon ' data-effect=''   \/><\/a><\/div><\/div><div style='width:40px; height:40px;margin-left:5px;margin-bottom:5px; ' class='sfsi_wicons shuffeldiv ' ><div class='inerCnt'><a class=' sficn' data-effect='' target='_blank'  href='' id='sfsiid_facebook_icon' style='width:40px;height:40px;opacity:1;'  ><img data-pin-nopin='true' alt='Facebook' title='Facebook' src='https:\/\/www.concyl.es\/wp-content\/plugins\/ultimate-social-media-icons\/images\/icons_theme\/default\/default_facebook.png' width='40' height='40' style='' class='sfcm sfsi_wicon ' data-effect=''   \/><\/a><div class=\"sfsi_tool_tip_2 fb_tool_bdr sfsiTlleft\" style=\"opacity:0;z-index:-1;\" id=\"sfsiid_facebook\"><span class=\"bot_arow bot_fb_arow\"><\/span><div class=\"sfsi_inside\"><div  class='icon2'><div class=\"fb-like\" width=\"200\" data-href=\"https:\/\/www.concyl.es\/index.php\/2022\/01\/11\/la-farmacia-de-castilla-y-leon-en-la-recta-final-de-su-estudio-sobre-las-vacunas-covid-rastrea-esta-semana-a-2-500-ciudadanos-para-analizar-la-inmunidad-y-las-reacciones-adversas\/\"  data-send=\"false\" data-layout=\"button_count\" data-action=\"like\"><\/div><\/div><div  class='icon3'><a target='_blank' href='https:\/\/www.facebook.com\/sharer\/sharer.php?u=https%3A%2F%2Fwww.concyl.es%2Fwp-json%2Fwp%2Fv2%2Fposts%2F2557' style='display:inline-block;'  > <img class='sfsi_wicon'  data-pin-nopin='true' alt='fb-share-icon' title='Facebook Share' src='https:\/\/www.concyl.es\/wp-content\/plugins\/ultimate-social-media-icons\/images\/share_icons\/fb_icons\/en_US.svg' \/><\/a><\/div><\/div><\/div><\/div><\/div><div style='width:40px; height:40px;margin-left:5px;margin-bottom:5px; ' class='sfsi_wicons shuffeldiv ' ><div class='inerCnt'><a class=' sficn' data-effect='' target='_blank'  href='' id='sfsiid_twitter_icon' style='width:40px;height:40px;opacity:1;'  ><img data-pin-nopin='true' alt='Twitter' title='Twitter' src='https:\/\/www.concyl.es\/wp-content\/plugins\/ultimate-social-media-icons\/images\/icons_theme\/default\/default_twitter.png' width='40' height='40' style='' class='sfcm sfsi_wicon ' data-effect=''   \/><\/a><div class=\"sfsi_tool_tip_2 twt_tool_bdr sfsiTlleft\" style=\"opacity:0;z-index:-1;\" id=\"sfsiid_twitter\"><span class=\"bot_arow bot_twt_arow\"><\/span><div class=\"sfsi_inside\"><div  class='icon2'><div class='sf_twiter' style='display: inline-block;vertical-align: middle;width: auto;'>\r\n\t\t\t\t\t\t<a target='_blank' href='https:\/\/x.com\/intent\/post?text=Mira+lo+que+he+encontrado+en+www.concyl.es+https%3A%2F%2Fwww.concyl.es%2Fwp-json%2Fwp%2Fv2%2Fposts%2F2557' style='display:inline-block' >\r\n\t\t\t\t\t\t\t<img data-pin-nopin= true class='sfsi_wicon' src='https:\/\/www.concyl.es\/wp-content\/plugins\/ultimate-social-media-icons\/images\/share_icons\/Twitter_Tweet\/en_US_Tweet.svg' alt='Post on X' title='Post on X' >\r\n\t\t\t\t\t\t<\/a>\r\n\t\t\t\t\t<\/div><\/div><\/div><\/div><\/div><\/div><div style='width:40px; height:40px;margin-left:5px;margin-bottom:5px; ' class='sfsi_wicons shuffeldiv ' ><div class='inerCnt'><a class=' sficn' data-effect='' target='_blank'  href='https:\/\/api.whatsapp.com\/send?text=https%3A%2F%2Fwww.concyl.es%2Findex.php%2F2022%2F01%2F11%2Fla-farmacia-de-castilla-y-leon-en-la-recta-final-de-su-estudio-sobre-las-vacunas-covid-rastrea-esta-semana-a-2-500-ciudadanos-para-analizar-la-inmunidad-y-las-reacciones-adversas%2F' id='sfsiid_whatsapp_icon' style='width:40px;height:40px;opacity:1;'  ><img data-pin-nopin='true' alt='WhatsApp' title='WhatsApp' src='https:\/\/www.concyl.es\/wp-content\/plugins\/ultimate-social-media-icons\/images\/icons_theme\/default\/default_whatsapp.png' width='40' height='40' style='' class='sfcm sfsi_wicon ' data-effect=''   \/><\/a><\/div><\/div><\/div ><div id=\"sfsi_holder\" class=\"sfsi_holders\" style=\"position: relative; float: left;width:100%;z-index:-1;\"><\/div ><script>window.addEventListener(\"sfsi_functions_loaded\", function()\n\t\t\t{\n\t\t\t\tif (typeof sfsi_widget_set == \"function\") {\n\t\t\t\t\tsfsi_widget_set();\n\t\t\t\t}\n\t\t\t}); <\/script><div style=\"clear: both;\"><\/div><\/div><strong>1\/12\/2021<\/strong>\u00a0\u00a0<\/p>\n\n\n\n<p>En este periodo, <strong>121 boticas de la Red de Farmacias Centinela <\/strong>de la Comunidad <strong>est\u00e1n captando a 2.500 ciudadanos de forma voluntaria<\/strong> para analizar el grado de inmunidad que proporcionan las distintas vacunas y sus posibles reacciones adversas. <\/p>\n\n\n\n<p><strong>Las farmacias centinela de Castilla y Le\u00f3n<\/strong> abordan la recta final de su estudio de investigaci\u00f3n sobre las vacunas COVID, que entr\u00f3 en su <strong>segunda y \u00faltima fase el pasado 24 de noviembre y concluir\u00e1 el pr\u00f3ximo 3 de diciembre.<\/strong><\/p>\n\n\n\n<!--more-->\n\n\n\n<p>Esta investigaci\u00f3n arranc\u00f3 su primera fase el pasado mes de julio y es fruto de un convenio de colaboraci\u00f3n entre <strong>CONCYL<\/strong>-Consejo de Colegios Profesionales de Farmac\u00e9uticos de Castilla y Le\u00f3n y la <strong>Consejer\u00eda de Sanidad. <\/strong>Cuenta con el respaldo de <strong>Cofares<\/strong> y de la <strong>Federaci\u00f3n de Cajas Rurales de Castilla y Le\u00f3n<\/strong> (Caja Viva y Cajas Rurales de Salamanca, Soria y Zamora-Valladolid-Le\u00f3n).<\/p>\n\n\n\n<p>Pese a que el rastreo de ciudadanos en esta segunda fase estaba previsto para el pr\u00f3ximo mes de enero, se ha adelantado la captaci\u00f3n con el objetivo de disponer de <strong>resultados definitivos que se puedan trasladar cuanto antes a Sanidad y a la Agencia Espa\u00f1ola del Medicamento para la toma de futuras decisiones.<\/strong><\/p>\n\n\n\n<p>A los ciudadanos objeto del estudio, que son elegidos en funci\u00f3n de diferentes tramos de edad, <strong>se les plantean diferentes cuestiones: <\/strong>si se han vacunado o no, qu\u00e9 pauta de vacunaci\u00f3n han recibido y si han pasado el COVID. Asimismo, se les hace un cuestionario de posibles reacciones adversas y un test para determinar la presencia de inmunidad humoral (anticuerpos).<\/p>\n\n\n\n<p>Todos estos par\u00e1metros ofrecer\u00e1n al farmac\u00e9utico una informaci\u00f3n valiosa que <strong>permitir\u00e1 dise\u00f1ar nuevas estrategias sanitarias.<\/strong> Dar\u00e1 informaci\u00f3n, por ejemplo, sobre <strong>la seguridad de los diferentes protocolos de vacunaci\u00f3n<\/strong>, qu\u00e9 protocolo es m\u00e1s eficaz, <strong>cu\u00e1l ofrece una inmunidad a m\u00e1s largo plazo<\/strong> y qui\u00e9n necesita de un <strong>refuerzo en su vacunaci\u00f3n<\/strong> para mantener su respuesta inmunitaria. Precisamente, los primeros datos del estudio ya avalan la decisi\u00f3n de Sanidad de emprender el refuerzo de dosis.<\/p>\n\n\n\n<p>El estudio tambi\u00e9n permitir\u00e1 determinar <strong>qu\u00e9<\/strong> <strong>reacciones adversas no estaban notificadas<\/strong> y han ido apareciendo o persisten entre los pacientes y si hay grupos poblacionales que responden de manera diferente a las vacunas <strong>en funci\u00f3n de su edad o sexo.<\/strong> Esclarecer\u00e1 adem\u00e1s si haber pasado el COVID previamente influye tanto en la seguridad como en la eficacia de la respuesta inmunitaria.<\/p>\n\n\n\n<p>Esta segunda fase de la investigaci\u00f3n es especialmente interesante para los profesionales sanitarios porque se analizar\u00e1n <strong>periodos de vacunaci\u00f3n m\u00e1s extensos<\/strong>. De hecho, habr\u00e1 pacientes inmunizados hace 8 o 10 meses, lo que permitir\u00e1 analizar si la respuesta inmunitaria se mantiene estable. Adem\u00e1s, como en este tiempo se han cambiado los protocolos de vacunaci\u00f3n y se ha introducido una <strong>tercera dosis<\/strong>, se podr\u00e1 comprobar qu\u00e9 posibles reacciones adversas genera y qu\u00e9 inmunidad han adquirido quienes han recibido la <strong>combinaci\u00f3n de dos vacunas.<\/strong><\/p>\n\n\n\n<p>En la primera fase del estudio ya se analizaron par\u00e1metros similares en m\u00e1s de 1.600 ciudadanos que de forma voluntaria se sumaron a este proyecto.<\/p>\n\n\n\n<p>Liderando esta investigaci\u00f3n est\u00e1 la <strong>Red de Farmacias Centinela de Castilla y Le\u00f3n,<\/strong> una red de 155 farmacias repartidas por la Comunidad que se encargan habitualmente de vigilar la seguridad de los medicamentos mediante la detecci\u00f3n, notificaci\u00f3n y prevenci\u00f3n de problemas relacionados con el uso de los mismos, como son las reacciones adversas y los errores de medicaci\u00f3n. Desarrollan adem\u00e1s proyectos de investigaci\u00f3n como este, un estudio de seguridad y seroprevalencia de las vacunas frente al COVID-19. <strong>Los datos obtenidos se registrar\u00e1n para su an\u00e1lisis en una plataforma de CONCYL.<\/strong><\/p>\n\n\n\n<p>Este proyecto conjunto de CONCYL y la Consejer\u00eda de Sanidad naci\u00f3 con el objetivo de <strong>avanzar en la seguridad de la poblaci\u00f3n frente a las vacunas<\/strong> y pone el foco en la Farmacia por tratarse de los establecimientos sanitarios m\u00e1s presentes en el territorio, incluidas las amplias \u00e1reas rurales de Castilla y Le\u00f3n. Esto hace que <strong>el farmac\u00e9utico sea el profesional sanitario m\u00e1s cercano al paciente<\/strong> en muchos puntos y que puede desarrollar acciones de Salud P\u00fablica de forma efectiva.<\/p>\n","protected":false},"excerpt":{"rendered":"<p>Las farmacias de Castilla y Le\u00f3n, en la recta final de su estudio sobre las vacunas COVID, rastrea esta semana a 2.500 ciudadanos para analizar la inmunidad y las reacciones adversas 1\/12\/2021\u00a0\u00a0 En este periodo, 121 boticas de la Red de Farmacias Centinela de la Comunidad est\u00e1n captando a 2.500 ciudadanos de forma voluntaria para [&hellip;]<\/p>\n","protected":false},"author":2,"featured_media":2558,"comment_status":"closed","ping_status":"closed","sticky":false,"template":"","format":"standard","meta":{"footnotes":""},"categories":[9],"tags":[],"class_list":["post-2557","post","type-post","status-publish","format-standard","has-post-thumbnail","hentry","category-comunicados"],"_links":{"self":[{"href":"https:\/\/www.concyl.es\/index.php\/wp-json\/wp\/v2\/posts\/2557","targetHints":{"allow":["GET"]}}],"collection":[{"href":"https:\/\/www.concyl.es\/index.php\/wp-json\/wp\/v2\/posts"}],"about":[{"href":"https:\/\/www.concyl.es\/index.php\/wp-json\/wp\/v2\/types\/post"}],"author":[{"embeddable":true,"href":"https:\/\/www.concyl.es\/index.php\/wp-json\/wp\/v2\/users\/2"}],"replies":[{"embeddable":true,"href":"https:\/\/www.concyl.es\/index.php\/wp-json\/wp\/v2\/comments?post=2557"}],"version-history":[{"count":5,"href":"https:\/\/www.concyl.es\/index.php\/wp-json\/wp\/v2\/posts\/2557\/revisions"}],"predecessor-version":[{"id":2565,"href":"https:\/\/www.concyl.es\/index.php\/wp-json\/wp\/v2\/posts\/2557\/revisions\/2565"}],"wp:featuredmedia":[{"embeddable":true,"href":"https:\/\/www.concyl.es\/index.php\/wp-json\/wp\/v2\/media\/2558"}],"wp:attachment":[{"href":"https:\/\/www.concyl.es\/index.php\/wp-json\/wp\/v2\/media?parent=2557"}],"wp:term":[{"taxonomy":"category","embeddable":true,"href":"https:\/\/www.concyl.es\/index.php\/wp-json\/wp\/v2\/categories?post=2557"},{"taxonomy":"post_tag","embeddable":true,"href":"https:\/\/www.concyl.es\/index.php\/wp-json\/wp\/v2\/tags?post=2557"}],"curies":[{"name":"wp","href":"https:\/\/api.w.org\/{rel}","templated":true}]}}