 {"id":2550,"date":"2021-11-14T12:03:29","date_gmt":"2021-11-14T12:03:29","guid":{"rendered":"https:\/\/www.concyl.es\/?p=2550"},"modified":"2023-02-27T08:43:50","modified_gmt":"2023-02-27T08:43:50","slug":"las-farmacias-de-castilla-y-leon-activan-un-protocolo-para-registrar-cualquier-reaccion-adversa-en-la-vacunacion-frente-a-la-gripe-y-notificaran-a-sanidad-los-motivos-que-esgrimen-quienes-no-quieren-v","status":"publish","type":"post","link":"https:\/\/www.concyl.es\/index.php\/2021\/11\/14\/las-farmacias-de-castilla-y-leon-activan-un-protocolo-para-registrar-cualquier-reaccion-adversa-en-la-vacunacion-frente-a-la-gripe-y-notificaran-a-sanidad-los-motivos-que-esgrimen-quienes-no-quieren-v\/","title":{"rendered":"Las farmacias de Castilla y Le\u00f3n activan un protocolo para registrar cualquier reacci\u00f3n adversa en la vacunaci\u00f3n frente a la gripe y notificar\u00e1n a Sanidad los motivos que esgrimen quienes no quieren vacunarse"},"content":{"rendered":"\n<h3 class=\"wp-block-heading\" id=\"block-a706d757-69f8-4316-9682-e74a945bfaf5\">Las farmacias de Castilla y Le\u00f3n activan un protocolo para registrar cualquier reacci\u00f3n adversa en la vacunaci\u00f3n frente a la gripe y notificar\u00e1n a Sanidad los motivos que esgrimen quienes no quieren vacunarse<\/h3>\n\n\n\n<p id=\"block-6860b9e4-aba6-435e-a939-6b1ba35ab836\"><div class=\"sfsi_widget sfsi_shortcode_container\"><div class=\"norm_row sfsi_wDiv \"  style=\"width:225px;text-align:left;\"><div style='width:40px; height:40px;margin-left:5px;margin-bottom:5px; ' class='sfsi_wicons shuffeldiv ' ><div class='inerCnt'><a class=' sficn' data-effect='' target='_blank'  href='https:\/\/api.follow.it\/widgets\/icon\/b2dJdDRZbEpMdVlFM2xwQ2JYSm9SVklJS2pKY3c1RkZaekJaL0l0L0xmSGxRTUkzbCtQQ1pkY3VObFJwNVZaREM2YjZWbnVqNitrdEQ1S01ka2lqb3ZEcU5iOTR5NThiL1RoV2dNN0FNSEVIS0dsMDNkT1pUZnNWM1V1bU5acGh8ZlNMOFVweHJpQUd6RmxvcVAveVRFZ2NwUHhMSlkxMTMzNnpQMGM3WlhLOD0=\/OA==\/' id='sfsiid_email_icon' style='width:40px;height:40px;opacity:1;'  ><img data-pin-nopin='true' alt='Follow by Email' title='Follow by Email' src='https:\/\/www.concyl.es\/wp-content\/plugins\/ultimate-social-media-icons\/images\/icons_theme\/default\/default_email.png' width='40' height='40' style='' class='sfcm sfsi_wicon ' data-effect=''   \/><\/a><\/div><\/div><div style='width:40px; height:40px;margin-left:5px;margin-bottom:5px; ' class='sfsi_wicons shuffeldiv ' ><div class='inerCnt'><a class=' sficn' data-effect='' target='_blank'  href='' id='sfsiid_facebook_icon' style='width:40px;height:40px;opacity:1;'  ><img data-pin-nopin='true' alt='Facebook' title='Facebook' src='https:\/\/www.concyl.es\/wp-content\/plugins\/ultimate-social-media-icons\/images\/icons_theme\/default\/default_facebook.png' width='40' height='40' style='' class='sfcm sfsi_wicon ' data-effect=''   \/><\/a><div class=\"sfsi_tool_tip_2 fb_tool_bdr sfsiTlleft\" style=\"opacity:0;z-index:-1;\" id=\"sfsiid_facebook\"><span class=\"bot_arow bot_fb_arow\"><\/span><div class=\"sfsi_inside\"><div  class='icon2'><div class=\"fb-like\" width=\"200\" data-href=\"https:\/\/www.concyl.es\/index.php\/2021\/11\/14\/las-farmacias-de-castilla-y-leon-activan-un-protocolo-para-registrar-cualquier-reaccion-adversa-en-la-vacunacion-frente-a-la-gripe-y-notificaran-a-sanidad-los-motivos-que-esgrimen-quienes-no-quieren-v\/\"  data-send=\"false\" data-layout=\"button_count\" data-action=\"like\"><\/div><\/div><div  class='icon3'><a target='_blank' href='https:\/\/www.facebook.com\/sharer\/sharer.php?u=https%3A%2F%2Fwww.concyl.es%2Fwp-json%2Fwp%2Fv2%2Fposts%2F2550' style='display:inline-block;'  > <img class='sfsi_wicon'  data-pin-nopin='true' alt='fb-share-icon' title='Facebook Share' src='https:\/\/www.concyl.es\/wp-content\/plugins\/ultimate-social-media-icons\/images\/share_icons\/fb_icons\/en_US.svg' \/><\/a><\/div><\/div><\/div><\/div><\/div><div style='width:40px; height:40px;margin-left:5px;margin-bottom:5px; ' class='sfsi_wicons shuffeldiv ' ><div class='inerCnt'><a class=' sficn' data-effect='' target='_blank'  href='' id='sfsiid_twitter_icon' style='width:40px;height:40px;opacity:1;'  ><img data-pin-nopin='true' alt='Twitter' title='Twitter' src='https:\/\/www.concyl.es\/wp-content\/plugins\/ultimate-social-media-icons\/images\/icons_theme\/default\/default_twitter.png' width='40' height='40' style='' class='sfcm sfsi_wicon ' data-effect=''   \/><\/a><div class=\"sfsi_tool_tip_2 twt_tool_bdr sfsiTlleft\" style=\"opacity:0;z-index:-1;\" id=\"sfsiid_twitter\"><span class=\"bot_arow bot_twt_arow\"><\/span><div class=\"sfsi_inside\"><div  class='icon2'><div class='sf_twiter' style='display: inline-block;vertical-align: middle;width: auto;'>\r\n\t\t\t\t\t\t<a target='_blank' href='https:\/\/x.com\/intent\/post?text=Mira+lo+que+he+encontrado+en+www.concyl.es+https%3A%2F%2Fwww.concyl.es%2Fwp-json%2Fwp%2Fv2%2Fposts%2F2550' style='display:inline-block' >\r\n\t\t\t\t\t\t\t<img data-pin-nopin= true class='sfsi_wicon' src='https:\/\/www.concyl.es\/wp-content\/plugins\/ultimate-social-media-icons\/images\/share_icons\/Twitter_Tweet\/en_US_Tweet.svg' alt='Post on X' title='Post on X' >\r\n\t\t\t\t\t\t<\/a>\r\n\t\t\t\t\t<\/div><\/div><\/div><\/div><\/div><\/div><div style='width:40px; height:40px;margin-left:5px;margin-bottom:5px; ' class='sfsi_wicons shuffeldiv ' ><div class='inerCnt'><a class=' sficn' data-effect='' target='_blank'  href='https:\/\/api.whatsapp.com\/send?text=https%3A%2F%2Fwww.concyl.es%2Findex.php%2F2021%2F11%2F14%2Flas-farmacias-de-castilla-y-leon-activan-un-protocolo-para-registrar-cualquier-reaccion-adversa-en-la-vacunacion-frente-a-la-gripe-y-notificaran-a-sanidad-los-motivos-que-esgrimen-quienes-no-quieren-v%2F' id='sfsiid_whatsapp_icon' style='width:40px;height:40px;opacity:1;'  ><img data-pin-nopin='true' alt='WhatsApp' title='WhatsApp' src='https:\/\/www.concyl.es\/wp-content\/plugins\/ultimate-social-media-icons\/images\/icons_theme\/default\/default_whatsapp.png' width='40' height='40' style='' class='sfcm sfsi_wicon ' data-effect=''   \/><\/a><\/div><\/div><\/div ><div id=\"sfsi_holder\" class=\"sfsi_holders\" style=\"position: relative; float: left;width:100%;z-index:-1;\"><\/div ><script>window.addEventListener(\"sfsi_functions_loaded\", function()\n\t\t\t{\n\t\t\t\tif (typeof sfsi_widget_set == \"function\") {\n\t\t\t\t\tsfsi_widget_set();\n\t\t\t\t}\n\t\t\t}); <\/script><div style=\"clear: both;\"><\/div><\/div><strong>14\/11\/2021<\/strong>&nbsp;&nbsp;<\/p>\n\n\n\n<p>Los farmac\u00e9uticos de Castilla y Le\u00f3n est\u00e1n inmersos en una estrecha colaboraci\u00f3n con la Consejer\u00eda de Sanidad para conseguir que la campa\u00f1a de vacunaci\u00f3n frente a la gripe vuelva a alcanzar este a\u00f1o amplios porcentajes de cobertura entre la poblaci\u00f3n.<\/p>\n\n\n\n<p>La vista est\u00e1 puesta en trasladar a la poblaci\u00f3n la importancia de las vacunas como medida preventiva para garantizar la salud p\u00fablica.<!--more--><\/p>\n\n\n\n<p>Para ello, la estrategia de trabajo de los farmac\u00e9uticos de la Comunidad en esta campa\u00f1a de la gripe abarca diversos aspectos y ha permitido activar nuevos protocolos. Por un lado, se est\u00e1 haciendo <strong>una intensa labor de promoci\u00f3n de la vacunaci\u00f3n desde las boticas de todas las provincias,<\/strong> para informar a la ciudadan\u00eda de la importancia de la inmunizaci\u00f3n colectiva.<\/p>\n\n\n\n<p>La tecnolog\u00eda, adem\u00e1s, se convierte una vez m\u00e1s en aliada de las estrategias de Salud P\u00fablica y est\u00e1 permitiendo que las farmacias dispongan de nuevas herramientas para favorecer la vacunaci\u00f3n, conociendo de antemano qui\u00e9n es la poblaci\u00f3n diana. Para ello, <strong>el CONCYL ha <\/strong><strong>creado una herramienta que est\u00e1 integrada en el sistema de receta electr\u00f3nica, con la que el farmac\u00e9utico puede identificar a los pacientes candidatos a recibir la vacuna por rango de edad o patolog\u00edas.<\/strong><\/p>\n\n\n\n<p>En el momento en que el paciente acude a la farmacia a por sus medicamentos, el farmac\u00e9utico puede identificar a trav\u00e9s de la receta electr\u00f3nica que ese paciente es candidato a recibir la vacuna de la gripe. Estos mensajes de alerta permiten que los farmac\u00e9uticos ejerzan una labor m\u00e1s intensa y certera de informaci\u00f3n sanitaria y promoci\u00f3n de la vacunaci\u00f3n.<\/p>\n\n\n\n<p>Del contacto con los pacientes <strong>se est\u00e1n recabando ya datos an\u00f3nimos en las farmacias de gran valor sanitario que permitir\u00e1n trazar estrategias futuras de Salud P\u00fablica.<\/strong> Concretamente<strong>, las farmacias de Castilla y Le\u00f3n registrar\u00e1n durante la campa\u00f1a las posibles reacciones adversas<\/strong> que se producen tras la administraci\u00f3n de la vacuna de la gripe (y por su coincidencia en el tiempo, tambi\u00e9n las vinculadas a la vacuna frente al COVID 19). Estos posibles episodios adversos <strong>se notificar\u00e1n a Sanidad <\/strong>para que puedan ser objeto de an\u00e1lisis. Adem\u00e1s, <strong>se est\u00e1 procediendo al registro de los motivos que esgrimen aquellos pacientes que muestran su rechazo a la vacuna de la gripe.<\/strong> Sus argumentaciones tambi\u00e9n se trasladar\u00e1n a las autoridades sanitarias por su valioso impacto en la orientaci\u00f3n y dise\u00f1o de pr\u00f3ximas campa\u00f1as de vacunaci\u00f3n. En apenas dos d\u00edas de campa\u00f1a (desde el d\u00eda 9 de noviembre al d\u00eda 11), los farmac\u00e9uticos de Castilla y Le\u00f3n ya han realizado 56.753 intervenciones en las oficinas de farmacia sobre pacientes candidatos a recibir la vacuna. Por el momento, <strong>se han identificado 9.339 pacientes ya vacunados y 3.228 que no quieren vacunarse.<\/strong> Sus motivos tambi\u00e9n se est\u00e1n registrando.<\/p>\n\n\n\n<p><img loading=\"lazy\" decoding=\"async\" width=\"500\" height=\"707\" class=\"wp-image-2545\" style=\"width: 500px;\" src=\"https:\/\/www.concyl.es\/wp-content\/uploads\/2021\/11\/Gripe-1-scaled.jpg\" alt=\"Gripe\" srcset=\"https:\/\/www.concyl.es\/wp-content\/uploads\/2021\/11\/Gripe-1-scaled.jpg 1810w, https:\/\/www.concyl.es\/wp-content\/uploads\/2021\/11\/Gripe-1-212x300.jpg 212w, https:\/\/www.concyl.es\/wp-content\/uploads\/2021\/11\/Gripe-1-724x1024.jpg 724w, https:\/\/www.concyl.es\/wp-content\/uploads\/2021\/11\/Gripe-1-768x1086.jpg 768w, https:\/\/www.concyl.es\/wp-content\/uploads\/2021\/11\/Gripe-1-1086x1536.jpg 1086w, https:\/\/www.concyl.es\/wp-content\/uploads\/2021\/11\/Gripe-1-1448x2048.jpg 1448w\" sizes=\"auto, (max-width: 500px) 100vw, 500px\" \/><\/p>\n\n\n\n<p><\/p>\n\n\n\n<p><\/p>\n","protected":false},"excerpt":{"rendered":"<p>Las farmacias de Castilla y Le\u00f3n activan un protocolo para registrar cualquier reacci\u00f3n adversa en la vacunaci\u00f3n frente a la gripe y notificar\u00e1n a Sanidad los motivos que esgrimen quienes no quieren vacunarse 14\/11\/2021&nbsp;&nbsp; Los farmac\u00e9uticos de Castilla y Le\u00f3n est\u00e1n inmersos en una estrecha colaboraci\u00f3n con la Consejer\u00eda de Sanidad para conseguir que la [&hellip;]<\/p>\n","protected":false},"author":2,"featured_media":2551,"comment_status":"closed","ping_status":"closed","sticky":false,"template":"","format":"standard","meta":{"footnotes":""},"categories":[9],"tags":[],"class_list":["post-2550","post","type-post","status-publish","format-standard","has-post-thumbnail","hentry","category-comunicados"],"_links":{"self":[{"href":"https:\/\/www.concyl.es\/index.php\/wp-json\/wp\/v2\/posts\/2550","targetHints":{"allow":["GET"]}}],"collection":[{"href":"https:\/\/www.concyl.es\/index.php\/wp-json\/wp\/v2\/posts"}],"about":[{"href":"https:\/\/www.concyl.es\/index.php\/wp-json\/wp\/v2\/types\/post"}],"author":[{"embeddable":true,"href":"https:\/\/www.concyl.es\/index.php\/wp-json\/wp\/v2\/users\/2"}],"replies":[{"embeddable":true,"href":"https:\/\/www.concyl.es\/index.php\/wp-json\/wp\/v2\/comments?post=2550"}],"version-history":[{"count":3,"href":"https:\/\/www.concyl.es\/index.php\/wp-json\/wp\/v2\/posts\/2550\/revisions"}],"predecessor-version":[{"id":2718,"href":"https:\/\/www.concyl.es\/index.php\/wp-json\/wp\/v2\/posts\/2550\/revisions\/2718"}],"wp:featuredmedia":[{"embeddable":true,"href":"https:\/\/www.concyl.es\/index.php\/wp-json\/wp\/v2\/media\/2551"}],"wp:attachment":[{"href":"https:\/\/www.concyl.es\/index.php\/wp-json\/wp\/v2\/media?parent=2550"}],"wp:term":[{"taxonomy":"category","embeddable":true,"href":"https:\/\/www.concyl.es\/index.php\/wp-json\/wp\/v2\/categories?post=2550"},{"taxonomy":"post_tag","embeddable":true,"href":"https:\/\/www.concyl.es\/index.php\/wp-json\/wp\/v2\/tags?post=2550"}],"curies":[{"name":"wp","href":"https:\/\/api.w.org\/{rel}","templated":true}]}}