 {"id":2462,"date":"2021-09-21T18:23:16","date_gmt":"2021-09-21T18:23:16","guid":{"rendered":"https:\/\/www.concyl.es\/?p=2462"},"modified":"2023-02-27T08:45:07","modified_gmt":"2023-02-27T08:45:07","slug":"los-farmaceuticos-recuerdan-en-las-cortes","status":"publish","type":"post","link":"https:\/\/www.concyl.es\/index.php\/2021\/09\/21\/los-farmaceuticos-recuerdan-en-las-cortes\/","title":{"rendered":"Recepci\u00f3n en las Cortes de Castilla y Le\u00f3n"},"content":{"rendered":"\n<h3 class=\"wp-block-heading\" id=\"block-a706d757-69f8-4316-9682-e74a945bfaf5\">Los farmac\u00e9uticos recuerdan en las Cortes que toda reforma sanitaria debe aprovechar el valor estrat\u00e9gico de las farmacias, incorporando servicios y con un papel sanitario clave en el medio rural<\/h3>\n\n\n\n<p id=\"block-6860b9e4-aba6-435e-a939-6b1ba35ab836\"><div class=\"sfsi_widget sfsi_shortcode_container\"><div class=\"norm_row sfsi_wDiv \"  style=\"width:225px;text-align:left;\"><div style='width:40px; height:40px;margin-left:5px;margin-bottom:5px; ' class='sfsi_wicons shuffeldiv ' ><div class='inerCnt'><a class=' sficn' data-effect='' target='_blank'  href='https:\/\/api.follow.it\/widgets\/icon\/b2dJdDRZbEpMdVlFM2xwQ2JYSm9SVklJS2pKY3c1RkZaekJaL0l0L0xmSGxRTUkzbCtQQ1pkY3VObFJwNVZaREM2YjZWbnVqNitrdEQ1S01ka2lqb3ZEcU5iOTR5NThiL1RoV2dNN0FNSEVIS0dsMDNkT1pUZnNWM1V1bU5acGh8ZlNMOFVweHJpQUd6RmxvcVAveVRFZ2NwUHhMSlkxMTMzNnpQMGM3WlhLOD0=\/OA==\/' id='sfsiid_email_icon' style='width:40px;height:40px;opacity:1;'  ><img data-pin-nopin='true' alt='Follow by Email' title='Follow by Email' src='https:\/\/www.concyl.es\/wp-content\/plugins\/ultimate-social-media-icons\/images\/icons_theme\/default\/default_email.png' width='40' height='40' style='' class='sfcm sfsi_wicon ' data-effect=''   \/><\/a><\/div><\/div><div style='width:40px; height:40px;margin-left:5px;margin-bottom:5px; ' class='sfsi_wicons shuffeldiv ' ><div class='inerCnt'><a class=' sficn' data-effect='' target='_blank'  href='' id='sfsiid_facebook_icon' style='width:40px;height:40px;opacity:1;'  ><img data-pin-nopin='true' alt='Facebook' title='Facebook' src='https:\/\/www.concyl.es\/wp-content\/plugins\/ultimate-social-media-icons\/images\/icons_theme\/default\/default_facebook.png' width='40' height='40' style='' class='sfcm sfsi_wicon ' data-effect=''   \/><\/a><div class=\"sfsi_tool_tip_2 fb_tool_bdr sfsiTlleft\" style=\"opacity:0;z-index:-1;\" id=\"sfsiid_facebook\"><span class=\"bot_arow bot_fb_arow\"><\/span><div class=\"sfsi_inside\"><div  class='icon2'><div class=\"fb-like\" width=\"200\" data-href=\"https:\/\/www.concyl.es\/index.php\/2021\/09\/21\/los-farmaceuticos-recuerdan-en-las-cortes\/\"  data-send=\"false\" data-layout=\"button_count\" data-action=\"like\"><\/div><\/div><div  class='icon3'><a target='_blank' href='https:\/\/www.facebook.com\/sharer\/sharer.php?u=https%3A%2F%2Fwww.concyl.es%2Fwp-json%2Fwp%2Fv2%2Fposts%2F2462' style='display:inline-block;'  > <img class='sfsi_wicon'  data-pin-nopin='true' alt='fb-share-icon' title='Facebook Share' src='https:\/\/www.concyl.es\/wp-content\/plugins\/ultimate-social-media-icons\/images\/share_icons\/fb_icons\/en_US.svg' \/><\/a><\/div><\/div><\/div><\/div><\/div><div style='width:40px; height:40px;margin-left:5px;margin-bottom:5px; ' class='sfsi_wicons shuffeldiv ' ><div class='inerCnt'><a class=' sficn' data-effect='' target='_blank'  href='' id='sfsiid_twitter_icon' style='width:40px;height:40px;opacity:1;'  ><img data-pin-nopin='true' alt='Twitter' title='Twitter' src='https:\/\/www.concyl.es\/wp-content\/plugins\/ultimate-social-media-icons\/images\/icons_theme\/default\/default_twitter.png' width='40' height='40' style='' class='sfcm sfsi_wicon ' data-effect=''   \/><\/a><div class=\"sfsi_tool_tip_2 twt_tool_bdr sfsiTlleft\" style=\"opacity:0;z-index:-1;\" id=\"sfsiid_twitter\"><span class=\"bot_arow bot_twt_arow\"><\/span><div class=\"sfsi_inside\"><div  class='icon2'><div class='sf_twiter' style='display: inline-block;vertical-align: middle;width: auto;'>\r\n\t\t\t\t\t\t<a target='_blank' href='https:\/\/x.com\/intent\/post?text=Mira+lo+que+he+encontrado+en+www.concyl.es+https%3A%2F%2Fwww.concyl.es%2Fwp-json%2Fwp%2Fv2%2Fposts%2F2462' style='display:inline-block' >\r\n\t\t\t\t\t\t\t<img data-pin-nopin= true class='sfsi_wicon' src='https:\/\/www.concyl.es\/wp-content\/plugins\/ultimate-social-media-icons\/images\/share_icons\/Twitter_Tweet\/en_US_Tweet.svg' alt='Post on X' title='Post on X' >\r\n\t\t\t\t\t\t<\/a>\r\n\t\t\t\t\t<\/div><\/div><\/div><\/div><\/div><\/div><div style='width:40px; height:40px;margin-left:5px;margin-bottom:5px; ' class='sfsi_wicons shuffeldiv ' ><div class='inerCnt'><a class=' sficn' data-effect='' target='_blank'  href='https:\/\/api.whatsapp.com\/send?text=https%3A%2F%2Fwww.concyl.es%2Findex.php%2F2021%2F09%2F21%2Flos-farmaceuticos-recuerdan-en-las-cortes%2F' id='sfsiid_whatsapp_icon' style='width:40px;height:40px;opacity:1;'  ><img data-pin-nopin='true' alt='WhatsApp' title='WhatsApp' src='https:\/\/www.concyl.es\/wp-content\/plugins\/ultimate-social-media-icons\/images\/icons_theme\/default\/default_whatsapp.png' width='40' height='40' style='' class='sfcm sfsi_wicon ' data-effect=''   \/><\/a><\/div><\/div><\/div ><div id=\"sfsi_holder\" class=\"sfsi_holders\" style=\"position: relative; float: left;width:100%;z-index:-1;\"><\/div ><script>window.addEventListener(\"sfsi_functions_loaded\", function()\n\t\t\t{\n\t\t\t\tif (typeof sfsi_widget_set == \"function\") {\n\t\t\t\t\tsfsi_widget_set();\n\t\t\t\t}\n\t\t\t}); <\/script><div style=\"clear: both;\"><\/div><\/div><strong>21\/09\/2021<\/strong>&nbsp;&nbsp;<\/p>\n\n\n\n<p><strong>La farmacia de Castilla y Le\u00f3n<\/strong> ha sido protagonista esta ma\u00f1ana en las Cortes auton\u00f3micas, donde se ha desarrollado una <strong>recepci\u00f3n oficial del presidente de la C\u00e1mara,<\/strong> Luis Fuentes, a los m\u00e1ximos representantes de este sector profesional en la Comunidad. En el encuentro han estado presentes los <strong>presidentes de los 9 Colegios Oficiales de Farmac\u00e9uticos de Castilla y Le\u00f3n, encabezados por Javier Herrad\u00f3n, presidente del CONCYL,<\/strong> el Consejo auton\u00f3mico de la profesi\u00f3n.<!--more--><\/p>\n\n\n\n<p>Fuentes ha podido conocer de primera mano la foto fija del sector farmac\u00e9utico en la Comunidad, su <strong>valor estrat\u00e9gico en el \u00e1mbito sanitario de Castilla y Le\u00f3n<\/strong> y su gran capilaridad, que permite garantizar los tratamientos en todo el territorio y ser un instrumento de salud de primer orden.<\/p>\n\n\n\n<p>En un momento en el que Castilla y Le\u00f3n afronta un proceso de inminente reforma sanitaria, el presidente del CONCYL, Javier Herrad\u00f3n, ha querido romper una lanza en favor de la <strong>ordenaci\u00f3n de los recursos sanitarios<\/strong> para hacerlos m\u00e1s eficientes y para ello ha pedido que se tengan en cuenta todos los recursos ya existentes para hacer frente a este desaf\u00edo<strong>. \u201cLa farmacia es uno de ellos. Somos parte de la soluci\u00f3n\u201d,<\/strong> record\u00f3 Herrad\u00f3n, que apost\u00f3 por aprovechar la cercan\u00eda, cualificaci\u00f3n y capacidad sanitaria de las farmacias para garantizar servicios sanitarios en todos los rincones de la Comunidad.<\/p>\n\n\n\n<p>En su encuentro con Fuentes, el presidente auton\u00f3mico de los farmac\u00e9uticos record\u00f3 que <strong>cualquier reordenaci\u00f3n de los recursos del sistema sanitario que se realice en la zona rural no puede abordarse sin tener en cuenta la existencia de las farmacias rurales.<\/strong> A este respecto, apost\u00f3 por aprovechar las farmacias del \u00e1mbito rural para garantizar la atenci\u00f3n integral en los n\u00facleos amenazados por la despoblaci\u00f3n. \u201cSi quitamos o restringimos la atenci\u00f3n de los consultorios locales y desplazamos a la poblaci\u00f3n de los municipios donde existen farmacias para recibir su atenci\u00f3n sanitaria en otras zonas, pondremos en serio peligro la existencia de estas farmacias, que tienen un valor sanitario muy importante para los vecinos y ayudan a fijar poblaci\u00f3n en esas zonas\u201d, explic\u00f3 Herrad\u00f3n.<\/p>\n\n\n\n<p>Todo ello pasa, record\u00f3 el presidente del CONCYL, por <strong>incorporar nuevos servicios asistenciales en las farmacias concertados con la Administraci\u00f3n, que garantizar\u00edan una mejor atenci\u00f3n sanitaria y generar\u00edan ahorro al sistema. <\/strong>Entre los servicios propuestos, estar\u00edan los relacionados con el medicamento, como el seguimiento farmacoterap\u00e9utico de los pacientes o la elaboraci\u00f3n de sistemas personalizados de dosificaci\u00f3n, o bien los vinculados a la Salud P\u00fablica, como la participaci\u00f3n en el cribado de enfermedades, la realizaci\u00f3n de estudios epidemiol\u00f3gicos y la colaboraci\u00f3n en programas sanitarios.<\/p>\n\n\n\n<p><strong>La pandemia,<\/strong> recuerdan en el CONCYL, ha mostrado las fortalezas y debilidades de nuestra Sanidad y <strong>ha puesto en evidencia el papel imprescindible que tiene la farmacia en nuestro territorio,<\/strong> donde en muchas ocasiones es el \u00fanico referente sanitario de la poblaci\u00f3n.<\/p>\n\n\n\n<p><strong>\u201cEl farmac\u00e9utico puede realizar una labor fundamental en atenci\u00f3n sanitaria, sociosanitaria y domiciliaria, por lo que todas las iniciativas que se impulsen en este sentido deber\u00edan contar con las farmacias comunitarias\u201d, record\u00f3 Herrad\u00f3n.<\/strong><\/p>\n\n\n\n<p><strong>El reto tecnol\u00f3gico<\/strong> ha sido otro de los asuntos que se han abordado. El 100% de las farmacias de Castilla y Le\u00f3n est\u00e1n preparadas para dispensar recetas electr\u00f3nicas a pacientes de esta y otras Comunidades. De ah\u00ed que <strong>resulte imprescindible, record\u00f3 Herrad\u00f3n, que se garantice la conectividad a internet de todos los municipios y mejoren las tecnolog\u00edas de acceso especialmente en la zona rural \u201cpara que todos los ciudadanos puedan acceder a los medicamentos y a los servicios que se implanten en el futuro\u201d.<\/strong> En este sentido, se traslad\u00f3 al presidente de las Cortes la necesidad de garantizar un correcto funcionamiento de la <strong>interoperabilidad,<\/strong> que depende del Ministerio de Sanidad, ya que en los \u00faltimos a\u00f1os se detectan incidencias que tienen un impacto importante en esta Comunidad, que es la que m\u00e1s recetas interoperables recibe. &nbsp;&nbsp;<\/p>\n\n\n\n<p>El presidente del CONCYL tambi\u00e9n traslad\u00f3 a su hom\u00f3logo en Cortes la importancia de <strong>integrar de forma efectiva \u201ccomo un agente sanitario m\u00e1s\u201d a los profesionales farmac\u00e9uticos en los planes de Salud de la Junta<\/strong> de Castilla y Le\u00f3n y <strong>garantizar que ciertos medicamentos<\/strong> (de diagn\u00f3stico hospitalario, innovadores\u2026) <strong>no salgan del canal farmac\u00e9utico.<\/strong> El objetivo, facilitar el acceso a los mismos a toda la poblaci\u00f3n sin que tengan que desplazarse fuera de su municipio para recogerlos.<\/p>\n\n\n\n<p><strong><u>25 de Septiembre, D\u00eda Mundial del Farmac\u00e9utico<\/u><\/strong><\/p>\n\n\n\n<p><strong>Bajo el lema \u201cFarmacia: siempre de confianza, al servicio de tu salud\u201d,<\/strong> el sector conmemora el pr\u00f3ximo 25 de Septiembre el D\u00eda Mundial del Farmac\u00e9utico. En esta ocasi\u00f3n, la profesi\u00f3n quiere agradecer y poner en valor la confianza creciente de los ciudadanos en los farmac\u00e9uticos como agentes de salud p\u00fablica ante constantes escenarios de noticias falsas y desinformaci\u00f3n.<\/p>\n\n\n\n<p><em>En Castilla y Le\u00f3n <strong>hay 4.117 farmac\u00e9uticos colegiados (un total de 3.035 son mujeres) con una edad media en la profesi\u00f3n de 49,5 a\u00f1os. <\/strong>Los \u00e1mbitos profesionales son diversos: 2.984 profesionales en activo ejercen en Farmacia Comunitaria; 1.091 en Dermofarmacia; 940 en Ortopedia; 601 en Alimentaci\u00f3n; 133 en Farmacia Hospitalaria; 122 en Admon. y Salud P\u00fablica; 52 en An\u00e1lisis Cl\u00ednicos; 49 en Industria; 45 en Distribuci\u00f3n; 12 en Docencia e Investigaci\u00f3n; 7 en \u00d3ptica y Ac\u00fastica; y 70 en otras actividades.<\/em><\/p>\n\n\n\n<p><em>La Comunidad cuenta con <strong>1.607 oficinas de farmacia y 269 botiquines <\/strong>repartidos en su territorio. M\u00e1s de la mitad (51,2%) se encuentran en zonas rurales.<\/em><\/p>\n","protected":false},"excerpt":{"rendered":"<p>Los farmac\u00e9uticos recuerdan en las Cortes que toda reforma sanitaria debe aprovechar el valor estrat\u00e9gico de las farmacias, incorporando servicios y con un papel sanitario clave en el medio rural 21\/09\/2021&nbsp;&nbsp; La farmacia de Castilla y Le\u00f3n ha sido protagonista esta ma\u00f1ana en las Cortes auton\u00f3micas, donde se ha desarrollado una recepci\u00f3n oficial del presidente [&hellip;]<\/p>\n","protected":false},"author":2,"featured_media":2463,"comment_status":"closed","ping_status":"closed","sticky":false,"template":"","format":"standard","meta":{"footnotes":""},"categories":[9,6],"tags":[],"class_list":["post-2462","post","type-post","status-publish","format-standard","has-post-thumbnail","hentry","category-comunicados","category-noticias"],"_links":{"self":[{"href":"https:\/\/www.concyl.es\/index.php\/wp-json\/wp\/v2\/posts\/2462","targetHints":{"allow":["GET"]}}],"collection":[{"href":"https:\/\/www.concyl.es\/index.php\/wp-json\/wp\/v2\/posts"}],"about":[{"href":"https:\/\/www.concyl.es\/index.php\/wp-json\/wp\/v2\/types\/post"}],"author":[{"embeddable":true,"href":"https:\/\/www.concyl.es\/index.php\/wp-json\/wp\/v2\/users\/2"}],"replies":[{"embeddable":true,"href":"https:\/\/www.concyl.es\/index.php\/wp-json\/wp\/v2\/comments?post=2462"}],"version-history":[{"count":8,"href":"https:\/\/www.concyl.es\/index.php\/wp-json\/wp\/v2\/posts\/2462\/revisions"}],"predecessor-version":[{"id":2717,"href":"https:\/\/www.concyl.es\/index.php\/wp-json\/wp\/v2\/posts\/2462\/revisions\/2717"}],"wp:featuredmedia":[{"embeddable":true,"href":"https:\/\/www.concyl.es\/index.php\/wp-json\/wp\/v2\/media\/2463"}],"wp:attachment":[{"href":"https:\/\/www.concyl.es\/index.php\/wp-json\/wp\/v2\/media?parent=2462"}],"wp:term":[{"taxonomy":"category","embeddable":true,"href":"https:\/\/www.concyl.es\/index.php\/wp-json\/wp\/v2\/categories?post=2462"},{"taxonomy":"post_tag","embeddable":true,"href":"https:\/\/www.concyl.es\/index.php\/wp-json\/wp\/v2\/tags?post=2462"}],"curies":[{"name":"wp","href":"https:\/\/api.w.org\/{rel}","templated":true}]}}