 {"id":2449,"date":"2021-07-19T16:44:02","date_gmt":"2021-07-19T16:44:02","guid":{"rendered":"https:\/\/www.concyl.es\/?p=2449"},"modified":"2023-02-27T08:45:07","modified_gmt":"2023-02-27T08:45:07","slug":"las-farmacias-centinela-de-castilla-y-leon-inician-el-estudio-que-medira-el-grado-de-inmunidad-de-las-vacunas-covid-y-sus-reacciones-adversas","status":"publish","type":"post","link":"https:\/\/www.concyl.es\/index.php\/2021\/07\/19\/las-farmacias-centinela-de-castilla-y-leon-inician-el-estudio-que-medira-el-grado-de-inmunidad-de-las-vacunas-covid-y-sus-reacciones-adversas\/","title":{"rendered":"Las farmacias centinela de Castilla y Le\u00f3n inician el estudio que medir\u00e1 el grado de inmunidad de las vacunas COVID y sus reacciones adversas"},"content":{"rendered":"\n<h3 class=\"wp-block-heading\">Las farmacias centinela de Castilla y Le\u00f3n inician el estudio que medir\u00e1 el grado de inmunidad de las vacunas COVID y sus reacciones adversas<\/h3>\n\n\n\n<p><div class=\"sfsi_widget sfsi_shortcode_container\"><div class=\"norm_row sfsi_wDiv \"  style=\"width:225px;text-align:left;\"><div style='width:40px; height:40px;margin-left:5px;margin-bottom:5px; ' class='sfsi_wicons shuffeldiv ' ><div class='inerCnt'><a class=' sficn' data-effect='' target='_blank'  href='https:\/\/api.follow.it\/widgets\/icon\/b2dJdDRZbEpMdVlFM2xwQ2JYSm9SVklJS2pKY3c1RkZaekJaL0l0L0xmSGxRTUkzbCtQQ1pkY3VObFJwNVZaREM2YjZWbnVqNitrdEQ1S01ka2lqb3ZEcU5iOTR5NThiL1RoV2dNN0FNSEVIS0dsMDNkT1pUZnNWM1V1bU5acGh8ZlNMOFVweHJpQUd6RmxvcVAveVRFZ2NwUHhMSlkxMTMzNnpQMGM3WlhLOD0=\/OA==\/' id='sfsiid_email_icon' style='width:40px;height:40px;opacity:1;'  ><img data-pin-nopin='true' alt='Follow by Email' title='Follow by Email' src='https:\/\/www.concyl.es\/wp-content\/plugins\/ultimate-social-media-icons\/images\/icons_theme\/default\/default_email.png' width='40' height='40' style='' class='sfcm sfsi_wicon ' data-effect=''   \/><\/a><\/div><\/div><div style='width:40px; height:40px;margin-left:5px;margin-bottom:5px; ' class='sfsi_wicons shuffeldiv ' ><div class='inerCnt'><a class=' sficn' data-effect='' target='_blank'  href='' id='sfsiid_facebook_icon' style='width:40px;height:40px;opacity:1;'  ><img data-pin-nopin='true' alt='Facebook' title='Facebook' src='https:\/\/www.concyl.es\/wp-content\/plugins\/ultimate-social-media-icons\/images\/icons_theme\/default\/default_facebook.png' width='40' height='40' style='' class='sfcm sfsi_wicon ' data-effect=''   \/><\/a><div class=\"sfsi_tool_tip_2 fb_tool_bdr sfsiTlleft\" style=\"opacity:0;z-index:-1;\" id=\"sfsiid_facebook\"><span class=\"bot_arow bot_fb_arow\"><\/span><div class=\"sfsi_inside\"><div  class='icon2'><div class=\"fb-like\" width=\"200\" data-href=\"https:\/\/www.concyl.es\/index.php\/2021\/07\/19\/las-farmacias-centinela-de-castilla-y-leon-inician-el-estudio-que-medira-el-grado-de-inmunidad-de-las-vacunas-covid-y-sus-reacciones-adversas\/\"  data-send=\"false\" data-layout=\"button_count\" data-action=\"like\"><\/div><\/div><div  class='icon3'><a target='_blank' href='https:\/\/www.facebook.com\/sharer\/sharer.php?u=https%3A%2F%2Fwww.concyl.es%2Fwp-json%2Fwp%2Fv2%2Fposts%2F2449' style='display:inline-block;'  > <img class='sfsi_wicon'  data-pin-nopin='true' alt='fb-share-icon' title='Facebook Share' src='https:\/\/www.concyl.es\/wp-content\/plugins\/ultimate-social-media-icons\/images\/share_icons\/fb_icons\/en_US.svg' \/><\/a><\/div><\/div><\/div><\/div><\/div><div style='width:40px; height:40px;margin-left:5px;margin-bottom:5px; ' class='sfsi_wicons shuffeldiv ' ><div class='inerCnt'><a class=' sficn' data-effect='' target='_blank'  href='' id='sfsiid_twitter_icon' style='width:40px;height:40px;opacity:1;'  ><img data-pin-nopin='true' alt='Twitter' title='Twitter' src='https:\/\/www.concyl.es\/wp-content\/plugins\/ultimate-social-media-icons\/images\/icons_theme\/default\/default_twitter.png' width='40' height='40' style='' class='sfcm sfsi_wicon ' data-effect=''   \/><\/a><div class=\"sfsi_tool_tip_2 twt_tool_bdr sfsiTlleft\" style=\"opacity:0;z-index:-1;\" id=\"sfsiid_twitter\"><span class=\"bot_arow bot_twt_arow\"><\/span><div class=\"sfsi_inside\"><div  class='icon2'><div class='sf_twiter' style='display: inline-block;vertical-align: middle;width: auto;'>\r\n\t\t\t\t\t\t<a target='_blank' href='https:\/\/x.com\/intent\/post?text=Mira+lo+que+he+encontrado+en+www.concyl.es+https%3A%2F%2Fwww.concyl.es%2Fwp-json%2Fwp%2Fv2%2Fposts%2F2449' style='display:inline-block' >\r\n\t\t\t\t\t\t\t<img data-pin-nopin= true class='sfsi_wicon' src='https:\/\/www.concyl.es\/wp-content\/plugins\/ultimate-social-media-icons\/images\/share_icons\/Twitter_Tweet\/en_US_Tweet.svg' alt='Post on X' title='Post on X' >\r\n\t\t\t\t\t\t<\/a>\r\n\t\t\t\t\t<\/div><\/div><\/div><\/div><\/div><\/div><div style='width:40px; height:40px;margin-left:5px;margin-bottom:5px; ' class='sfsi_wicons shuffeldiv ' ><div class='inerCnt'><a class=' sficn' data-effect='' target='_blank'  href='https:\/\/api.whatsapp.com\/send?text=https%3A%2F%2Fwww.concyl.es%2Findex.php%2F2021%2F07%2F19%2Flas-farmacias-centinela-de-castilla-y-leon-inician-el-estudio-que-medira-el-grado-de-inmunidad-de-las-vacunas-covid-y-sus-reacciones-adversas%2F' id='sfsiid_whatsapp_icon' style='width:40px;height:40px;opacity:1;'  ><img data-pin-nopin='true' alt='WhatsApp' title='WhatsApp' src='https:\/\/www.concyl.es\/wp-content\/plugins\/ultimate-social-media-icons\/images\/icons_theme\/default\/default_whatsapp.png' width='40' height='40' style='' class='sfcm sfsi_wicon ' data-effect=''   \/><\/a><\/div><\/div><\/div ><div id=\"sfsi_holder\" class=\"sfsi_holders\" style=\"position: relative; float: left;width:100%;z-index:-1;\"><\/div ><script>window.addEventListener(\"sfsi_functions_loaded\", function()\n\t\t\t{\n\t\t\t\tif (typeof sfsi_widget_set == \"function\") {\n\t\t\t\t\tsfsi_widget_set();\n\t\t\t\t}\n\t\t\t}); <\/script><div style=\"clear: both;\"><\/div><\/div><strong>19\/07\/2021<\/strong>\u00a0\u00a0<\/p>\n\n\n\n<p><strong>Las farmacias centinela de Castilla y Le\u00f3n<\/strong> inician ma\u00f1ana el estudio que medir\u00e1 el grado de inmunidad que proporcionan las vacunas COVID y las reacciones adversas que se derivan de ellas.<!--more--><\/p>\n\n\n\n<p>Liderando esta investigaci\u00f3n est\u00e1 la <strong>Red de Farmacias Centinela de Castilla y Le\u00f3n,<\/strong> una red de 156 farmacias repartidas por la Comunidad que se encargan habitualmente de vigilar la seguridad de los medicamentos mediante la detecci\u00f3n, notificaci\u00f3n y prevenci\u00f3n de problemas relacionados con el uso de los mismos, como son las reacciones adversas y los errores de medicaci\u00f3n. Desarrollan adem\u00e1s proyectos de investigaci\u00f3n como este, un estudio de seguridad y seroprevalencia de las vacunas frente al COVID-19 que se ha puesto en marcha gracias a un convenio de colaboraci\u00f3n entre el <strong>CONCYL-Consejo de Colegios Profesionales de Farmac\u00e9uticos de Castilla y Le\u00f3n y la Consejer\u00eda de Sanidad de la Junta de Castilla y Le\u00f3n<\/strong>. Las farmacias son las elegidas para acometer este estudio dada su proximidad y accesibilidad a los pacientes, as\u00ed como su presencia en todo el territorio.<\/p>\n\n\n\n<p>El objetivo ser\u00e1 <strong>evaluar el perfil de eficacia y seguridad de las nuevas vacunas frente a la COVID-19<\/strong> mediante la captaci\u00f3n de ciudadanos vacunados y no vacunados, y la realizaci\u00f3n de diferentes tipos de test en funci\u00f3n de si el ciudadano est\u00e1 vacunado o no. Todo con la vista puesta en analizar la existencia de anticuerpos de la COVID-19 en ambos casos y la detecci\u00f3n de posibles acontecimientos adversos.<\/p>\n\n\n\n<p><strong>Se reclutar\u00e1 a un total de 25 pacientes por farmacia<\/strong> para conocer el comportamiento y la evoluci\u00f3n de las vacunas en la poblaci\u00f3n.<\/p>\n\n\n\n<p><strong>El estudio se desarrollar\u00e1 en dos fases:<\/strong><\/p>\n\n\n\n<p><strong>La primera fase arrancar\u00e1 ma\u00f1ana <\/strong>y se prolongar\u00e1 hasta finales de mes. En ese plazo, las farmacias centinela de Castilla y Le\u00f3n que participen de forma voluntaria en este estudio realizar\u00e1n la selecci\u00f3n y captaci\u00f3n de los ciudadanos que van a participar.<\/p>\n\n\n\n<p>Se les elegir\u00e1 en funci\u00f3n de diferentes <strong>tramos de edad y se les realizar\u00e1 un test de anticuerpos diferente en funci\u00f3n de si el ciudadano est\u00e1 vacunado o no.<\/strong> Adem\u00e1s, se recoger\u00e1 informaci\u00f3n sobre la vacunaci\u00f3n, la infecci\u00f3n por COVID19 as\u00ed como el seguimiento de acontecimientos adversos que se hayan detectado vinculados a las vacunas frente a este coronavirus.<\/p>\n\n\n\n<p><strong>Se analizar\u00e1n numerosos par\u00e1metros.<\/strong> En el caso de los <strong>ciudadanos vacunados,<\/strong> se registrar\u00e1n los episodios adversos detectados despu\u00e9s de la vacunaci\u00f3n, indicando si se produjeron tras la administraci\u00f3n de la primera dosis, la segunda o ambas. En el caso de <strong>ciudadanos no vacunados,<\/strong> se registrar\u00e1 si han pasado la COVID-19 (confirmado con una prueba) y se detallar\u00e1n los signos y s\u00edntomas. En caso de no poder confirmarse con una prueba, se detallar\u00e1n los s\u00edntomas que se han tenido en el \u00faltimo a\u00f1o.<\/p>\n\n\n\n<p>&nbsp;<strong>La segunda fase se desarrollar\u00e1 en la primera quincena de enero de 2022.<\/strong> En ese periodo se reclutar\u00e1 a un grupo diferente de ciudadanos, con los que realizar el mismo procedimiento (realizaci\u00f3n de test de anticuerpos, datos sobre la infecci\u00f3n por COVID19 y detecci\u00f3n de reacciones adversas derivadas de las vacunas).<\/p>\n\n\n\n<p><strong>Los datos obtenidos se registrar\u00e1n para su an\u00e1lisis en una plataforma del CONCYL<\/strong> y tanto el Consejo Auton\u00f3mico como los Colegios Oficiales de Farmac\u00e9uticos de la Comunidad ya est\u00e1n inmersos en procesos formativos para acometer el estudio. El CONCYL aportar\u00e1 los test de anticuerpos que se realicen a los pacientes que ya est\u00e1n vacunados y la Consejer\u00eda de Sanidad, por su parte, pondr\u00e1 a disposici\u00f3n de las farmacias los test que se realizar\u00e1n a los ciudadanos participantes en el estudio que a\u00fan no est\u00e1n vacunados.<\/p>\n\n\n\n<p>Este proyecto conjunto de CONCYL y la Consejer\u00eda de Sanidad nace con el objetivo de <strong>avanzar en la seguridad de la poblaci\u00f3n frente a las vacunas<\/strong> y pone el foco en la Farmacia por tratarse de los establecimientos sanitarios m\u00e1s presentes en el territorio, incluidas las amplias \u00e1reas rurales de Castilla y Le\u00f3n. Esto hace que el farmac\u00e9utico sea el profesional sanitario m\u00e1s cercano al paciente en muchos puntos y que puede desarrollar acciones de Salud P\u00fablica de forma efectiva.<\/p>\n\n\n\n<p><strong>El presidente del CONCYL, Javier Herrad\u00f3n,<\/strong> se\u00f1ala que este estudio permitir\u00e1 de hecho obtener una radiograf\u00eda avanzada del impacto de la vacunaci\u00f3n y del grado de inmunidad obtenida, adem\u00e1s de rastrear los efectos derivados de ellas. Todos estos datos, recuerda Herrad\u00f3n, permitir\u00e1n asimismo dise\u00f1ar futuras estrategias de Salud P\u00fablica.<\/p>\n","protected":false},"excerpt":{"rendered":"<p>Las farmacias centinela de Castilla y Le\u00f3n inician el estudio que medir\u00e1 el grado de inmunidad de las vacunas COVID y sus reacciones adversas 19\/07\/2021\u00a0\u00a0 Las farmacias centinela de Castilla y Le\u00f3n inician ma\u00f1ana el estudio que medir\u00e1 el grado de inmunidad que proporcionan las vacunas COVID y las reacciones adversas que se derivan de [&hellip;]<\/p>\n","protected":false},"author":2,"featured_media":0,"comment_status":"closed","ping_status":"closed","sticky":false,"template":"","format":"standard","meta":{"footnotes":""},"categories":[9],"tags":[],"class_list":["post-2449","post","type-post","status-publish","format-standard","hentry","category-comunicados"],"_links":{"self":[{"href":"https:\/\/www.concyl.es\/index.php\/wp-json\/wp\/v2\/posts\/2449","targetHints":{"allow":["GET"]}}],"collection":[{"href":"https:\/\/www.concyl.es\/index.php\/wp-json\/wp\/v2\/posts"}],"about":[{"href":"https:\/\/www.concyl.es\/index.php\/wp-json\/wp\/v2\/types\/post"}],"author":[{"embeddable":true,"href":"https:\/\/www.concyl.es\/index.php\/wp-json\/wp\/v2\/users\/2"}],"replies":[{"embeddable":true,"href":"https:\/\/www.concyl.es\/index.php\/wp-json\/wp\/v2\/comments?post=2449"}],"version-history":[{"count":5,"href":"https:\/\/www.concyl.es\/index.php\/wp-json\/wp\/v2\/posts\/2449\/revisions"}],"predecessor-version":[{"id":2713,"href":"https:\/\/www.concyl.es\/index.php\/wp-json\/wp\/v2\/posts\/2449\/revisions\/2713"}],"wp:attachment":[{"href":"https:\/\/www.concyl.es\/index.php\/wp-json\/wp\/v2\/media?parent=2449"}],"wp:term":[{"taxonomy":"category","embeddable":true,"href":"https:\/\/www.concyl.es\/index.php\/wp-json\/wp\/v2\/categories?post=2449"},{"taxonomy":"post_tag","embeddable":true,"href":"https:\/\/www.concyl.es\/index.php\/wp-json\/wp\/v2\/tags?post=2449"}],"curies":[{"name":"wp","href":"https:\/\/api.w.org\/{rel}","templated":true}]}}