 {"id":2097,"date":"2021-05-12T07:26:00","date_gmt":"2021-05-12T07:26:00","guid":{"rendered":"https:\/\/www.concyl.es\/?p=2097"},"modified":"2023-02-27T08:45:37","modified_gmt":"2023-02-27T08:45:37","slug":"2097","status":"publish","type":"post","link":"https:\/\/www.concyl.es\/index.php\/2021\/05\/12\/2097\/","title":{"rendered":"Los farmac\u00e9uticos de Castilla y Le\u00f3n celebran hoy un encuentro sanitario virtual para analizar el impacto creciente del dolor cr\u00f3nico, que afecta al 17% de la poblaci\u00f3n"},"content":{"rendered":"\n<h3 class=\"wp-block-heading\">Los farmac\u00e9uticos de Castilla y Le\u00f3n celebran hoy un encuentro sanitario virtual para analizar el impacto creciente del dolor cr\u00f3nico, que afecta al 17% de la poblaci\u00f3n<\/h3>\n\n\n\n<p><\/p>\n\n\n\n<ul class=\"wp-block-list\"><li>Participan hoy en la primera sesi\u00f3n de unas jornadas cient\u00edficas virtuales, que tendr\u00e1n pr\u00f3ximas citas en junio y septiembre, organizadas desde el CONCYL en colaboraci\u00f3n con Gr\u00fcnenthal<\/li><li>Trastornos del sue\u00f1o, cuadros depresivos, aislamiento, bajas laborales\u2026. Son algunas de las consecuencias del dolor cr\u00f3nico, que ya ha sido reconocido como enfermedad por la OMS<\/li><\/ul>\n\n\n\n<p><strong>11 de Mayo de 2021.- <\/strong>Los farmac\u00e9uticos de Castilla y Le\u00f3n celebran hoy un encuentro sanitario de car\u00e1cter formativo y virtual que tiene como protagonista el dolor cr\u00f3nico.<\/p>\n\n\n\n<p>En esta jornada cient\u00edfica se abordar\u00e1n todos los aspectos relativos al tratamiento del dolor, su incidencia actual en la poblaci\u00f3n y c\u00f3mo se debe abordar la atenci\u00f3n farmac\u00e9utica en el paciente con dolor.<!--more--><\/p>\n\n\n\n<p>El objetivo del sector farmac\u00e9utico ser\u00e1 conocer m\u00e1s en profundidad las claves del dolor cr\u00f3nico para prestar una mejor atenci\u00f3n a los pacientes, sobre todo teniendo en cuenta que las oficinas de farmacia desempe\u00f1an un papel esencial en su seguimiento, m\u00e1s si cabe desde que se inici\u00f3 la pandemia del COVID-19.&nbsp;<\/p>\n\n\n\n<p>Esta formaci\u00f3n se desarrollar\u00e1 a lo largo de <strong>3 sesiones.<\/strong> La primera de ellas tiene lugar hoy y las siguientes, el 22 de junio y el 28 de septiembre.<\/p>\n\n\n\n<!--more-->\n\n\n\n<p><strong>El CONCYL pone en marcha esta formaci\u00f3n de la mano de Gr\u00fcnenthal<\/strong>, compa\u00f1\u00eda especializada en el tratamiento del dolor, que nos facilita un mapa de situaci\u00f3n del dolor y la necesidad de seguir buscando f\u00f3rmulas para paliarlo:<\/p>\n\n\n\n<ul class=\"wp-block-list\"><li>El 20% de los adultos padecen dolor en el mundo y el 10% son diagnosticados de dolor cr\u00f3nico cada a\u00f1o. En Espa\u00f1a, se estima que 1 de cada 6 espa\u00f1oles (17%) sufre dolor cr\u00f3nico. De hecho, la OMS lo ha incluido como enfermedad en la Clasificaci\u00f3n Internacional de Enfermedades.<\/li><\/ul>\n\n\n\n<p>El dolor cr\u00f3nico no solo <strong>disminuye la calidad de vida <\/strong>del paciente, sino que <strong>repercute negativamente en su salud f\u00edsica y emocional<\/strong>. Adem\u00e1s, les <strong>dificulta el participar plenamente de la vida social y familiar<\/strong>:<\/p>\n\n\n\n<ul class=\"wp-block-list\"><li><strong>50% <\/strong>sufren <strong>trastornos del sue\u00f1o<\/strong><\/li><li><strong>47% <\/strong>sufren un <strong>cuadro depresivo <\/strong>asociado<\/li><li><strong>36% <\/strong>consideran que tiene un <strong>impacto negativo en su familia o amigos<\/strong><\/li><li><strong>27% <\/strong>afirman sentirse <strong>aislados socialmente <\/strong>a causa del dolor<\/li><\/ul>\n\n\n\n<p>El <strong>dolor cr\u00f3nico tambi\u00e9n reduce considerablemente la capacidad laboral <\/strong>de las personas:<\/p>\n\n\n\n<ul class=\"wp-block-list\"><li><strong>30% <\/strong>ha estado de <strong>baja <\/strong>a lo largo de su vida laboral <strong>a consecuencia de su dolor<\/strong><\/li><li><strong>22% <\/strong>de los pacientes que sufren dolor cr\u00f3nico <strong>pierden su empleo<\/strong><\/li><li><strong>8% <\/strong>experimenta <strong>cambios de responsabilidad <\/strong>en su puesto de trabajo<\/li><li><strong>4% <\/strong>se ve obligado a <strong>cambiar de puesto de trabajo<\/strong><\/li><li><strong>14 d\u00edas <\/strong>es el <strong>tiempo medio de baja <\/strong>en Espa\u00f1a <strong>a causa de dolor cr\u00f3nico<\/strong><\/li><\/ul>\n\n\n\n<p>La primera sesi\u00f3n de este encuentro sanitario est\u00e1 presidida por <strong>Javier Herrad\u00f3n,<\/strong> presidente de CONCYL, y en ella participan como ponentes el <strong>Dr. Felipe Hern\u00e1ndez Zaballos<\/strong>, del Servicio de Anestesiolog\u00eda y Reanimaci\u00f3n del CAUSA, el <strong>Dr. Francisco Mart\u00ednez<\/strong>, m\u00e9dico de Atenci\u00f3n Primaria del Centro de Salud de Mansilla de las Mulas (Le\u00f3n) y presidente de SEMERGEN CyL, y <strong>Mar\u00eda Jos\u00e9 Losa Villanueva<\/strong>, farmac\u00e9utica y vocal en el Colegio Oficial de Farmac\u00e9uticos de Burgos.<\/p>\n","protected":false},"excerpt":{"rendered":"<p>Los farmac\u00e9uticos de Castilla y Le\u00f3n celebran hoy un encuentro sanitario virtual para analizar el impacto creciente del dolor cr\u00f3nico, que afecta al 17% de la poblaci\u00f3n Participan hoy en la primera sesi\u00f3n de unas jornadas cient\u00edficas virtuales, que tendr\u00e1n pr\u00f3ximas citas en junio y septiembre, organizadas desde el CONCYL en colaboraci\u00f3n con Gr\u00fcnenthal Trastornos [&hellip;]<\/p>\n","protected":false},"author":2,"featured_media":0,"comment_status":"closed","ping_status":"closed","sticky":false,"template":"","format":"standard","meta":{"footnotes":""},"categories":[9],"tags":[95,78,94,60,96],"class_list":["post-2097","post","type-post","status-publish","format-standard","hentry","category-comunicados","tag-castilla-y-leon","tag-concyl","tag-dolor-cronico","tag-farmacias","tag-grunenthal"],"_links":{"self":[{"href":"https:\/\/www.concyl.es\/index.php\/wp-json\/wp\/v2\/posts\/2097","targetHints":{"allow":["GET"]}}],"collection":[{"href":"https:\/\/www.concyl.es\/index.php\/wp-json\/wp\/v2\/posts"}],"about":[{"href":"https:\/\/www.concyl.es\/index.php\/wp-json\/wp\/v2\/types\/post"}],"author":[{"embeddable":true,"href":"https:\/\/www.concyl.es\/index.php\/wp-json\/wp\/v2\/users\/2"}],"replies":[{"embeddable":true,"href":"https:\/\/www.concyl.es\/index.php\/wp-json\/wp\/v2\/comments?post=2097"}],"version-history":[{"count":20,"href":"https:\/\/www.concyl.es\/index.php\/wp-json\/wp\/v2\/posts\/2097\/revisions"}],"predecessor-version":[{"id":2715,"href":"https:\/\/www.concyl.es\/index.php\/wp-json\/wp\/v2\/posts\/2097\/revisions\/2715"}],"wp:attachment":[{"href":"https:\/\/www.concyl.es\/index.php\/wp-json\/wp\/v2\/media?parent=2097"}],"wp:term":[{"taxonomy":"category","embeddable":true,"href":"https:\/\/www.concyl.es\/index.php\/wp-json\/wp\/v2\/categories?post=2097"},{"taxonomy":"post_tag","embeddable":true,"href":"https:\/\/www.concyl.es\/index.php\/wp-json\/wp\/v2\/tags?post=2097"}],"curies":[{"name":"wp","href":"https:\/\/api.w.org\/{rel}","templated":true}]}}