 {"id":2077,"date":"2020-09-30T16:20:00","date_gmt":"2020-09-30T16:20:00","guid":{"rendered":"https:\/\/www.concyl.es\/?p=2077"},"modified":"2023-02-27T08:46:34","modified_gmt":"2023-02-27T08:46:34","slug":"2077","status":"publish","type":"post","link":"https:\/\/www.concyl.es\/index.php\/2020\/09\/30\/2077\/","title":{"rendered":""},"content":{"rendered":"\n<div class=\"sfsi_widget sfsi_shortcode_container\"><div class=\"norm_row sfsi_wDiv \"  style=\"width:225px;text-align:left;\"><div style='width:40px; height:40px;margin-left:5px;margin-bottom:5px; ' class='sfsi_wicons shuffeldiv ' ><div class='inerCnt'><a class=' sficn' data-effect='' target='_blank'  href='https:\/\/api.follow.it\/widgets\/icon\/b2dJdDRZbEpMdVlFM2xwQ2JYSm9SVklJS2pKY3c1RkZaekJaL0l0L0xmSGxRTUkzbCtQQ1pkY3VObFJwNVZaREM2YjZWbnVqNitrdEQ1S01ka2lqb3ZEcU5iOTR5NThiL1RoV2dNN0FNSEVIS0dsMDNkT1pUZnNWM1V1bU5acGh8ZlNMOFVweHJpQUd6RmxvcVAveVRFZ2NwUHhMSlkxMTMzNnpQMGM3WlhLOD0=\/OA==\/' id='sfsiid_email_icon' style='width:40px;height:40px;opacity:1;'  ><img data-pin-nopin='true' alt='Follow by Email' title='Follow by Email' src='https:\/\/www.concyl.es\/wp-content\/plugins\/ultimate-social-media-icons\/images\/icons_theme\/default\/default_email.png' width='40' height='40' style='' class='sfcm sfsi_wicon ' data-effect=''   \/><\/a><\/div><\/div><div style='width:40px; height:40px;margin-left:5px;margin-bottom:5px; ' class='sfsi_wicons shuffeldiv ' ><div class='inerCnt'><a class=' sficn' data-effect='' target='_blank'  href='' id='sfsiid_facebook_icon' style='width:40px;height:40px;opacity:1;'  ><img data-pin-nopin='true' alt='Facebook' title='Facebook' src='https:\/\/www.concyl.es\/wp-content\/plugins\/ultimate-social-media-icons\/images\/icons_theme\/default\/default_facebook.png' width='40' height='40' style='' class='sfcm sfsi_wicon ' data-effect=''   \/><\/a><div class=\"sfsi_tool_tip_2 fb_tool_bdr sfsiTlleft\" style=\"opacity:0;z-index:-1;\" id=\"sfsiid_facebook\"><span class=\"bot_arow bot_fb_arow\"><\/span><div class=\"sfsi_inside\"><div  class='icon2'><div class=\"fb-like\" width=\"200\" data-href=\"https:\/\/www.concyl.es\/index.php\/2020\/09\/30\/2077\/\"  data-send=\"false\" data-layout=\"button_count\" data-action=\"like\"><\/div><\/div><div  class='icon3'><a target='_blank' href='https:\/\/www.facebook.com\/sharer\/sharer.php?u=https%3A%2F%2Fwww.concyl.es%2Fwp-json%2Fwp%2Fv2%2Fposts%2F2077' style='display:inline-block;'  > <img class='sfsi_wicon'  data-pin-nopin='true' alt='fb-share-icon' title='Facebook Share' src='https:\/\/www.concyl.es\/wp-content\/plugins\/ultimate-social-media-icons\/images\/share_icons\/fb_icons\/en_US.svg' \/><\/a><\/div><\/div><\/div><\/div><\/div><div style='width:40px; height:40px;margin-left:5px;margin-bottom:5px; ' class='sfsi_wicons shuffeldiv ' ><div class='inerCnt'><a class=' sficn' data-effect='' target='_blank'  href='' id='sfsiid_twitter_icon' style='width:40px;height:40px;opacity:1;'  ><img data-pin-nopin='true' alt='Twitter' title='Twitter' src='https:\/\/www.concyl.es\/wp-content\/plugins\/ultimate-social-media-icons\/images\/icons_theme\/default\/default_twitter.png' width='40' height='40' style='' class='sfcm sfsi_wicon ' data-effect=''   \/><\/a><div class=\"sfsi_tool_tip_2 twt_tool_bdr sfsiTlleft\" style=\"opacity:0;z-index:-1;\" id=\"sfsiid_twitter\"><span class=\"bot_arow bot_twt_arow\"><\/span><div class=\"sfsi_inside\"><div  class='icon2'><div class='sf_twiter' style='display: inline-block;vertical-align: middle;width: auto;'>\r\n\t\t\t\t\t\t<a target='_blank' href='https:\/\/x.com\/intent\/post?text=Mira+lo+que+he+encontrado+en+www.concyl.es+https%3A%2F%2Fwww.concyl.es%2Fwp-json%2Fwp%2Fv2%2Fposts%2F2077' style='display:inline-block' >\r\n\t\t\t\t\t\t\t<img data-pin-nopin= true class='sfsi_wicon' src='https:\/\/www.concyl.es\/wp-content\/plugins\/ultimate-social-media-icons\/images\/share_icons\/Twitter_Tweet\/en_US_Tweet.svg' alt='Post on X' title='Post on X' >\r\n\t\t\t\t\t\t<\/a>\r\n\t\t\t\t\t<\/div><\/div><\/div><\/div><\/div><\/div><div style='width:40px; height:40px;margin-left:5px;margin-bottom:5px; ' class='sfsi_wicons shuffeldiv ' ><div class='inerCnt'><a class=' sficn' data-effect='' target='_blank'  href='https:\/\/api.whatsapp.com\/send?text=https%3A%2F%2Fwww.concyl.es%2Findex.php%2F2020%2F09%2F30%2F2077%2F' id='sfsiid_whatsapp_icon' style='width:40px;height:40px;opacity:1;'  ><img data-pin-nopin='true' alt='WhatsApp' title='WhatsApp' src='https:\/\/www.concyl.es\/wp-content\/plugins\/ultimate-social-media-icons\/images\/icons_theme\/default\/default_whatsapp.png' width='40' height='40' style='' class='sfcm sfsi_wicon ' data-effect=''   \/><\/a><\/div><\/div><\/div ><div id=\"sfsi_holder\" class=\"sfsi_holders\" style=\"position: relative; float: left;width:100%;z-index:-1;\"><\/div ><script>window.addEventListener(\"sfsi_functions_loaded\", function()\n\t\t\t{\n\t\t\t\tif (typeof sfsi_widget_set == \"function\") {\n\t\t\t\t\tsfsi_widget_set();\n\t\t\t\t}\n\t\t\t}); <\/script><div style=\"clear: both;\"><\/div><\/div>\n\n\n<p>\u00a0<\/p>\n<p>\u00a0<\/p>\n\n\n<h3 class=\"wp-block-heading\"><strong>Javier Herrad\u00f3n toma posesi\u00f3n como nuevo presidente de los farmac\u00e9uticos de Castilla y Le\u00f3n<\/strong><\/h3>\n\n\n\n<ul class=\"wp-block-list\"><li><strong>El nuevo presidente auton\u00f3mico recuerda a la Consejer\u00eda de Sanidad la disposici\u00f3n del sector para hacer llegar la Sanidad con las m\u00e1ximas garant\u00edas a toda la poblaci\u00f3n y apunta la necesidad de que se integre a los farmac\u00e9uticos en todos los programas y estrategias contra el COVID-19<\/strong><\/li><\/ul>\n\n\n\n<ul class=\"wp-block-list\"><li><strong>Herrad\u00f3n aboga por la utilizaci\u00f3n eficiente de los recursos sanitarios y de todos sus profesionales<\/strong><strong><\/strong><\/li><\/ul>\n\n\n\n<ul class=\"wp-block-list\"><li><strong>Consolidar la farmacia asistencial, sacar el m\u00e1ximo provecho a la e-receta y defender la prestaci\u00f3n de los servicios y unas \u00f3ptimas comunicaciones en las farmacias del medio rural son algunas de las l\u00edneas de trabajo propuestas por Herrad\u00f3n<\/strong><\/li><\/ul>\n\n\n\n<p><strong>30 de Septiembre de 2020.-<\/strong> <strong>Javier Herrad\u00f3n ha tomado posesi\u00f3n esta tarde como nuevo presidente del CONCYL-Consejo de Colegios Profesionales de Farmac\u00e9uticos de Castilla y Le\u00f3n.<\/strong> Herrad\u00f3n, actual presidente del Colegio Oficial de Farmac\u00e9uticos de Le\u00f3n, releva as\u00ed en el cargo a Carlos Trece\u00f1o, que ha ocupado la presidencia del m\u00e1ximo \u00f3rgano de representaci\u00f3n de los farmac\u00e9uticos de la Comunidad desde el a\u00f1o 2018.<\/p>\n\n\n\n<!--more-->\n\n\n\n<p>Herrad\u00f3n, que repite en el cargo 12 a\u00f1os despu\u00e9s, tuvo un reconocimiento especial para su predecesor, Carlos Trece\u00f1o, no s\u00f3lo por abrir \u201cotros caminos de desarrollo profesional con magn\u00edficos resultados\u201d, sino tambi\u00e9n por haber respaldado \u201cde forma brillante a la profesi\u00f3n en los peores momentos que hemos vivido jam\u00e1s\u201d.<\/p>\n\n\n\n<p><strong>La situaci\u00f3n sanitaria actual ha provocado cambios en el acto oficial <\/strong>de toma de posesi\u00f3n, que ha reunido exclusivamente a los dos equipos de Gobierno del CONCYL (entrante y saliente), acompa\u00f1ados por los anteriores presidentes del CONCYL y por la Secretaria General del Consejo General de Farmac\u00e9uticos, Raquel Mart\u00ednez, que presidi\u00f3 el acto.<\/p>\n\n\n\n<p>Durante su intervenci\u00f3n, el nuevo presidente del CONCYL puso sobre la mesa las que ser\u00e1n sus l\u00edneas de trabajo durante el nuevo mandato. Adem\u00e1s de apostar por proteger a los farmac\u00e9uticos \u201cen todos sus \u00e1mbitos de actividad\u201d, Herrad\u00f3n se\u00f1al\u00f3 que los farmac\u00e9uticos de Castilla y Le\u00f3n siempre estar\u00e1n <strong>\u201ca disposici\u00f3n de la Consejer\u00eda de Sanidad\u201d para hacer llegar la Sanidad con las m\u00e1ximas garant\u00edas a toda la poblaci\u00f3n.<\/strong><\/p>\n\n\n\n<p>A este respecto, el nuevo presidente auton\u00f3mico de los farmac\u00e9uticos anticip\u00f3 que <strong>se debe \u201cintegrar a los farmac\u00e9uticos en todos los programas y estrategias contra el COVID, <\/strong>puesto que pueden \u201caliviar nuestro sistema sanitario y nuestra Atenci\u00f3n Primaria\u201d.<\/p>\n\n\n\n<p>Herrad\u00f3n apost\u00f3 por la <strong>utilizaci\u00f3n eficiente de los recursos sanitarios y de todos los profesionales<\/strong>, m\u00e1s a\u00fan en un escenario de crisis sanitaria como la actual. Tambi\u00e9n abog\u00f3 por <strong>consolidar la faceta asistencial de las farmacias<\/strong>, destacando actuaciones como la de la red de farmacias centinela o los planes de adherencia a los tratamientos.<\/p>\n\n\n\n<p><strong>Las nuevas tecnolog\u00edas tambi\u00e9n ser\u00e1n aliadas <\/strong>de este nuevo equipo de Gobierno, que quiere <strong>sacar el m\u00e1ximo provecho a la receta electr\u00f3nica<\/strong> \u201cpara que sea un sistema de comunicaci\u00f3n fluida con otros profesionales sanitarios, para que nos aporte informaci\u00f3n relevante que facilite al farmac\u00e9utico el desempe\u00f1o de su labor sanitaria y como respaldo necesario a muchos programas e iniciativas como los programas de adherencia, los cribados o el programa de cesaci\u00f3n tab\u00e1quica\u201d.<\/p>\n\n\n\n<p>Cualquier innovaci\u00f3n al servicio de la salud, puntualiz\u00f3 Herrad\u00f3n, deber\u00e1 extenderse <strong>en las mismas <\/strong><strong>condiciones a todos los farmac\u00e9uticos, los que viven en los centros urbanos y los que est\u00e1n la zona rural,<\/strong> \u201cy para ello espero que con el respaldo de Ayuntamientos, Diputaciones y de la Junta de Castilla y Le\u00f3n podamos garantizar que mejoren todas las comunicaciones en las zonas rurales\u201d.<\/p>\n\n\n\n<p>Con respecto a <strong>la farmacia rural,<\/strong> el nuevo presidente del CONCYL confirm\u00f3 su apuesta por <strong>\u201cproteger, defender y promover su viabilidad<\/strong> para garantizar que su servicio contin\u00fae siendo efectivo en nuestros pueblos\u201d.<\/p>\n\n\n\n<p>Quien tambi\u00e9n tom\u00f3 la palabra fue el presidente saliente de la instituci\u00f3n, <strong>Carlos Trece\u00f1o,<\/strong> quien &nbsp;reconoci\u00f3 que han sido a\u00f1os \u201cprofesionalmente apasionantes\u201d que cierran una etapa \u201cintensa y muy complicada\u201d.<\/p>\n\n\n\n<p>Trece\u00f1o, que seguir\u00e1 colaborando con el Consejo auton\u00f3mico en proyectos profesionales, hizo un repaso de todos los <strong>proyectos que se han culminado<\/strong> en este mandato que ahora termina. Entre ellos, la <strong>regulaci\u00f3n de la Atenci\u00f3n Farmac\u00e9utica en los Centros Residenciales, la puesta en marcha de la receta electr\u00f3nica, el desarrollo de la interoperabilidad de dicha e-receta, la consolidaci\u00f3n de la red de farmacias centinela, as\u00ed como la implantaci\u00f3n del Sistema Espa\u00f1ol de Verificaci\u00f3n de Medicamentos (SEVeM) y el proyecto de adherencia a los medicamentos Farmacyl.<\/strong><\/p>\n\n\n\n<p>\u201cApostamos por un proyecto de futuro de eminente valor sanitario, centrado en&nbsp; la profesionalidad y en el valor asistencial de las farmacias y de los farmac\u00e9uticos de Castilla y Le\u00f3n, y en estos a\u00f1os, desde el Consejo pero tambi\u00e9n desde todos los Colegios de Castilla y Le\u00f3n, hemos tratado de acompa\u00f1ar a la profesi\u00f3n en este camino\u201d, record\u00f3 Trece\u00f1o.<\/p>\n\n\n\n<p>Por su parte, la <strong>Secretaria General del Consejo General de Farmac\u00e9uticos, Raquel Mart\u00ednez, <\/strong>quiso agradecer&nbsp;\u00abla dedicaci\u00f3n y entrega a la Profesi\u00f3n que demostr\u00e1is asumiendo ahora esta responsabilidad. Vuestro empe\u00f1o y vuestro trabajo van a ser fundamentales para la Farmacia de Castilla y Le\u00f3n\u00bb.<\/p>\n\n\n\n<p>Adem\u00e1s, ha a\u00f1adido que \u00ablas propuestas de la Farmacia en estos momentos son muy importantes y <strong>ojal\u00e1 que la Consejer\u00eda de Sanidad y el Gobierno de Castilla y Le\u00f3n d\u00e9 este salto e implique a la red de farmacias en una estrategia integrada de salud p\u00fablica para derrotar este virus que amenaza a la salud de las personas, pero tambi\u00e9n a nuestro futuro como sociedad.<\/strong> Son propuestas en las que vamos a seguir insistiendo desde el Consejo General, pero su puesta en marcha va a depender de la voluntad de las Consejer\u00edas de Sanidad\u00bb<\/p>\n\n\n\n<p>El nuevo <strong>Comit\u00e9 Directivo del CONCYL <\/strong>est\u00e1 compuesto por:<\/p>\n\n\n\n<ul class=\"wp-block-list\"><li>Javier Herrad\u00f3n Mu\u00f1oz; presidente del CONCYL (presidente del Colegio Oficial de Farmac\u00e9uticos de Le\u00f3n)<\/li><li>Juan Prieto Corpas; vicepresidente (pte. COF Zamora)<\/li><li>Jos\u00e9 Luis N\u00e1jera Garc\u00eda; secretario (pte. COF Palencia)<\/li><li>Miguel L\u00f3pez de Abechuco Tor\u00edo; tesorero (pte. COF Burgos)<\/li><\/ul>\n\n\n\n<p><strong>Vocal\u00edas auton\u00f3micas<\/strong> de secci\u00f3n:<\/p>\n\n\n\n<ul class=\"wp-block-list\"><li>Emilio de Pedro Pordomingo; vocal de Alimentaci\u00f3n<\/li><li>Mar\u00eda del Rosario Caro Narros; vocal de An\u00e1lisis Cl\u00ednicos<\/li><li>Noelia Guerra Garc\u00eda; vocal de Dermofarmacia<\/li><li>Alejandro D\u00edez Fern\u00e1ndez; vocal de Distribuci\u00f3n<\/li><li>Mar\u00eda Trinidad Mart\u00edn Cillero; vocal de Farmacia Hospitalaria<\/li><li>Alejandra Vega Fern\u00e1ndez; vocal de Farmac\u00e9uticos Adjuntos y No Titulares<\/li><li>Julia Mar\u00eda Serna Iglesias; vocal de Farmac\u00e9uticos al servicio de las Administraciones P\u00fablicas<\/li><li>\u00c1lvaro Borobio Le\u00f3n; vocal de Farmac\u00e9uticos en Oficina de Farmacia Rural<\/li><li>Mar\u00eda Teresa Pel\u00e1ez Alonso; vocal de Oficina de Farmacia<\/li><li>\u00c1ngel Ojembarrena San Mart\u00edn; vocal de Ortopedia<\/li><\/ul>\n","protected":false},"excerpt":{"rendered":"<p>\u00a0 \u00a0 Javier Herrad\u00f3n toma posesi\u00f3n como nuevo presidente de los farmac\u00e9uticos de Castilla y Le\u00f3n El nuevo presidente auton\u00f3mico recuerda a la Consejer\u00eda de Sanidad la disposici\u00f3n del sector para hacer llegar la Sanidad con las m\u00e1ximas garant\u00edas a toda la poblaci\u00f3n y apunta la necesidad de que se integre a los farmac\u00e9uticos en [&hellip;]<\/p>\n","protected":false},"author":14,"featured_media":0,"comment_status":"closed","ping_status":"closed","sticky":false,"template":"","format":"standard","meta":{"footnotes":""},"categories":[9],"tags":[78,82,81,80,83],"class_list":["post-2077","post","type-post","status-publish","format-standard","hentry","category-comunicados","tag-concyl","tag-herradon","tag-javier","tag-posesion","tag-presidente"],"_links":{"self":[{"href":"https:\/\/www.concyl.es\/index.php\/wp-json\/wp\/v2\/posts\/2077","targetHints":{"allow":["GET"]}}],"collection":[{"href":"https:\/\/www.concyl.es\/index.php\/wp-json\/wp\/v2\/posts"}],"about":[{"href":"https:\/\/www.concyl.es\/index.php\/wp-json\/wp\/v2\/types\/post"}],"author":[{"embeddable":true,"href":"https:\/\/www.concyl.es\/index.php\/wp-json\/wp\/v2\/users\/14"}],"replies":[{"embeddable":true,"href":"https:\/\/www.concyl.es\/index.php\/wp-json\/wp\/v2\/comments?post=2077"}],"version-history":[{"count":1,"href":"https:\/\/www.concyl.es\/index.php\/wp-json\/wp\/v2\/posts\/2077\/revisions"}],"predecessor-version":[{"id":2078,"href":"https:\/\/www.concyl.es\/index.php\/wp-json\/wp\/v2\/posts\/2077\/revisions\/2078"}],"wp:attachment":[{"href":"https:\/\/www.concyl.es\/index.php\/wp-json\/wp\/v2\/media?parent=2077"}],"wp:term":[{"taxonomy":"category","embeddable":true,"href":"https:\/\/www.concyl.es\/index.php\/wp-json\/wp\/v2\/categories?post=2077"},{"taxonomy":"post_tag","embeddable":true,"href":"https:\/\/www.concyl.es\/index.php\/wp-json\/wp\/v2\/tags?post=2077"}],"curies":[{"name":"wp","href":"https:\/\/api.w.org\/{rel}","templated":true}]}}