 {"id":2075,"date":"2020-09-24T16:17:00","date_gmt":"2020-09-24T16:17:00","guid":{"rendered":"https:\/\/www.concyl.es\/?p=2075"},"modified":"2023-02-27T08:46:35","modified_gmt":"2023-02-27T08:46:35","slug":"2075","status":"publish","type":"post","link":"https:\/\/www.concyl.es\/index.php\/2020\/09\/24\/2075\/","title":{"rendered":""},"content":{"rendered":"\n<div class=\"sfsi_widget sfsi_shortcode_container\"><div class=\"norm_row sfsi_wDiv \"  style=\"width:225px;text-align:left;\"><div style='width:40px; height:40px;margin-left:5px;margin-bottom:5px; ' class='sfsi_wicons shuffeldiv ' ><div class='inerCnt'><a class=' sficn' data-effect='' target='_blank'  href='https:\/\/api.follow.it\/widgets\/icon\/b2dJdDRZbEpMdVlFM2xwQ2JYSm9SVklJS2pKY3c1RkZaekJaL0l0L0xmSGxRTUkzbCtQQ1pkY3VObFJwNVZaREM2YjZWbnVqNitrdEQ1S01ka2lqb3ZEcU5iOTR5NThiL1RoV2dNN0FNSEVIS0dsMDNkT1pUZnNWM1V1bU5acGh8ZlNMOFVweHJpQUd6RmxvcVAveVRFZ2NwUHhMSlkxMTMzNnpQMGM3WlhLOD0=\/OA==\/' id='sfsiid_email_icon' style='width:40px;height:40px;opacity:1;'  ><img data-pin-nopin='true' alt='Follow by Email' title='Follow by Email' src='https:\/\/www.concyl.es\/wp-content\/plugins\/ultimate-social-media-icons\/images\/icons_theme\/default\/default_email.png' width='40' height='40' style='' class='sfcm sfsi_wicon ' data-effect=''   \/><\/a><\/div><\/div><div style='width:40px; height:40px;margin-left:5px;margin-bottom:5px; ' class='sfsi_wicons shuffeldiv ' ><div class='inerCnt'><a class=' sficn' data-effect='' target='_blank'  href='' id='sfsiid_facebook_icon' style='width:40px;height:40px;opacity:1;'  ><img data-pin-nopin='true' alt='Facebook' title='Facebook' src='https:\/\/www.concyl.es\/wp-content\/plugins\/ultimate-social-media-icons\/images\/icons_theme\/default\/default_facebook.png' width='40' height='40' style='' class='sfcm sfsi_wicon ' data-effect=''   \/><\/a><div class=\"sfsi_tool_tip_2 fb_tool_bdr sfsiTlleft\" style=\"opacity:0;z-index:-1;\" id=\"sfsiid_facebook\"><span class=\"bot_arow bot_fb_arow\"><\/span><div class=\"sfsi_inside\"><div  class='icon2'><div class=\"fb-like\" width=\"200\" data-href=\"https:\/\/www.concyl.es\/index.php\/2020\/09\/24\/2075\/\"  data-send=\"false\" data-layout=\"button_count\" data-action=\"like\"><\/div><\/div><div  class='icon3'><a target='_blank' href='https:\/\/www.facebook.com\/sharer\/sharer.php?u=https%3A%2F%2Fwww.concyl.es%2Fwp-json%2Fwp%2Fv2%2Fposts%2F2075' style='display:inline-block;'  > <img class='sfsi_wicon'  data-pin-nopin='true' alt='fb-share-icon' title='Facebook Share' src='https:\/\/www.concyl.es\/wp-content\/plugins\/ultimate-social-media-icons\/images\/share_icons\/fb_icons\/en_US.svg' \/><\/a><\/div><\/div><\/div><\/div><\/div><div style='width:40px; height:40px;margin-left:5px;margin-bottom:5px; ' class='sfsi_wicons shuffeldiv ' ><div class='inerCnt'><a class=' sficn' data-effect='' target='_blank'  href='' id='sfsiid_twitter_icon' style='width:40px;height:40px;opacity:1;'  ><img data-pin-nopin='true' alt='Twitter' title='Twitter' src='https:\/\/www.concyl.es\/wp-content\/plugins\/ultimate-social-media-icons\/images\/icons_theme\/default\/default_twitter.png' width='40' height='40' style='' class='sfcm sfsi_wicon ' data-effect=''   \/><\/a><div class=\"sfsi_tool_tip_2 twt_tool_bdr sfsiTlleft\" style=\"opacity:0;z-index:-1;\" id=\"sfsiid_twitter\"><span class=\"bot_arow bot_twt_arow\"><\/span><div class=\"sfsi_inside\"><div  class='icon2'><div class='sf_twiter' style='display: inline-block;vertical-align: middle;width: auto;'>\r\n\t\t\t\t\t\t<a target='_blank' href='https:\/\/x.com\/intent\/post?text=Mira+lo+que+he+encontrado+en+www.concyl.es+https%3A%2F%2Fwww.concyl.es%2Fwp-json%2Fwp%2Fv2%2Fposts%2F2075' style='display:inline-block' >\r\n\t\t\t\t\t\t\t<img data-pin-nopin= true class='sfsi_wicon' src='https:\/\/www.concyl.es\/wp-content\/plugins\/ultimate-social-media-icons\/images\/share_icons\/Twitter_Tweet\/en_US_Tweet.svg' alt='Post on X' title='Post on X' >\r\n\t\t\t\t\t\t<\/a>\r\n\t\t\t\t\t<\/div><\/div><\/div><\/div><\/div><\/div><div style='width:40px; height:40px;margin-left:5px;margin-bottom:5px; ' class='sfsi_wicons shuffeldiv ' ><div class='inerCnt'><a class=' sficn' data-effect='' target='_blank'  href='https:\/\/api.whatsapp.com\/send?text=https%3A%2F%2Fwww.concyl.es%2Findex.php%2F2020%2F09%2F24%2F2075%2F' id='sfsiid_whatsapp_icon' style='width:40px;height:40px;opacity:1;'  ><img data-pin-nopin='true' alt='WhatsApp' title='WhatsApp' src='https:\/\/www.concyl.es\/wp-content\/plugins\/ultimate-social-media-icons\/images\/icons_theme\/default\/default_whatsapp.png' width='40' height='40' style='' class='sfcm sfsi_wicon ' data-effect=''   \/><\/a><\/div><\/div><\/div ><div id=\"sfsi_holder\" class=\"sfsi_holders\" style=\"position: relative; float: left;width:100%;z-index:-1;\"><\/div ><script>window.addEventListener(\"sfsi_functions_loaded\", function()\n\t\t\t{\n\t\t\t\tif (typeof sfsi_widget_set == \"function\") {\n\t\t\t\t\tsfsi_widget_set();\n\t\t\t\t}\n\t\t\t}); <\/script><div style=\"clear: both;\"><\/div><\/div>\n\n\n<p>\u00a0<\/p>\n<p>\u00a0<\/p>\n\n\n<h3 class=\"wp-block-heading\"><strong>VIERNES 25 DE SEPTIEMBRE &#8211; D\u00cdA MUNDIAL DEL FARMAC\u00c9UTICO<\/strong><\/h3>\n\n\n\n<h4 class=\"wp-block-heading\">Castilla y Le\u00f3n rinde homenaje a sus farmac\u00e9uticos iluminando con su emblem\u00e1tico color verde los principales monumentos de la Comunidad<\/h4>\n\n\n\n<ul class=\"wp-block-list\"><li><strong>Ma\u00f1ana viernes 25 de Septiembre se celebra el D\u00eda Mundial del Farmac\u00e9utico bajo el lema \u201cTransformando la salud global\u201d<\/strong><strong><\/strong><\/li><\/ul>\n\n\n\n<ul class=\"wp-block-list\"><li><strong>La caracter\u00edstica luz verde que ilumina nuestros pueblos y ciudades desde sus boticas, que en plena crisis sanitaria han demostrado lo crucial de su labor, se proyectar\u00e1 con motivo del D\u00eda Mundial del Farmac\u00e9utico sobre los monumentos m\u00e1s emblem\u00e1ticos de las 9 provincias de Castilla y Le\u00f3n: Catedrales, edificios p\u00fablicos, fuentes\u2026 La Comunidad entera hace un gui\u00f1o a sus farmac\u00e9uticos iluminando sus ciudades con el color del sector &nbsp;<\/strong><strong><\/strong><\/li><\/ul>\n\n\n\n<p><strong>24 de Septiembre de 2020<\/strong><strong>.-<\/strong> Castilla y Le\u00f3n rinde esta semana homenaje a sus farmac\u00e9uticos iluminando con su emblem\u00e1tico color verde los principales monumentos de la Comunidad. La caracter\u00edstica luz verde que ilumina nuestros pueblos y ciudades desde sus boticas, que en plena crisis sanitaria han demostrado lo crucial de su labor, se proyectar\u00e1 con motivo del D\u00eda Mundial del Farmac\u00e9utico sobre los rincones m\u00e1s representativos de las 9 ciudades: Catedrales, edificios p\u00fablicos, fuentes\u2026 La Comunidad hace un gui\u00f1o a la labor del sector, que aboga por <strong>que se aproveche todo su potencial sanitario en plena pandemia y contar con un papel m\u00e1s activo en el sistema de salud.<\/strong><\/p>\n\n\n\n<!--more-->\n\n\n\n<p><strong>El respaldo auton\u00f3mico a la labor del sector llegar\u00e1 de la mano de las Cortes de Castilla y Le\u00f3n, m\u00e1ximo \u00f3rgano legislativo de la Comunidad que iluminar\u00e1 su fachada como reconocimiento a la labor de los farmac\u00e9uticos.<\/strong><\/p>\n\n\n\n<p><strong>El presidente en funciones del CONCYL, Carlos Trece\u00f1o,<\/strong> ha recordado que \u201cestamos en un momento crucial, sumidos en una crisis de Salud P\u00fablica, y hay que dar nuevos pasos para aprovechar el potencial de los farmac\u00e9uticos y las farmacias frente al COVID-19\u201d. El objetivo<strong>, reforzar la atenci\u00f3n sanitaria \u201ccontando con un eficaz recurso asistencial: la red de m\u00e1s de 1.600 farmacias y los m\u00e1s de 4.000 farmac\u00e9uticos de la Comunidad, cada uno desde su \u00e1mbito de ejercicio\u201d.<\/strong><\/p>\n\n\n\n<p>La conmemoraci\u00f3n de este a\u00f1o, promovida por la Federaci\u00f3n Internacional Farmac\u00e9utica (FIP), se celebra con el lema de <strong>\u201cTransformando la salud global\u201d,<\/strong> para destacar el papel fundamental que los farmac\u00e9uticos ejercen en la mejora de la salud desde todos los \u00e1mbitos profesionales y en todas las comunidades. Un protagonismo creciente en pa\u00edses de todo el mundo que cuentan con los farmac\u00e9uticos para reforzar la capacidad asistencial de sus sistemas sanitarios.<\/p>\n\n\n\n<p>En Castilla y Le\u00f3n <strong>hay 4.133 farmac\u00e9uticos colegiados, siendo el perfil en un 74,5% mujeres y en un 19% menor de 35 a\u00f1os.<\/strong> M\u00e1s del 70% de los farmac\u00e9uticos en activo ejerce en farmacia comunitaria y destacan por n\u00famero de colegiados otros \u00e1mbitos profesionales como Dermofarmacia, Ortopedia y Alimentaci\u00f3n con 1.092, 940 y 635&nbsp; respectivamente; le siguen la Farmacia Hospitalaria con 137 colegiados; Administraci\u00f3n y Salud P\u00fablica, con 120; An\u00e1lisis Cl\u00ednicos con 64; la Industria y Distribuci\u00f3n farmac\u00e9utica, 57 y 46; Docencia e Investigaci\u00f3n, 10; y \u00d3ptica y Ac\u00fastica, 18.<\/p>\n\n\n\n<p><strong>Castilla y Le\u00f3n cuenta en la actualidad con 1.612 oficinas de farmacia y 263 botiquines<\/strong> repartidos en su territorio. De ellas, <strong>636 se encuentran en zonas urbanas<\/strong>. El resto (un 60,55%) se localizan en \u00e1reas rurales o semiurbanas. El peso de la atenci\u00f3n sanitaria de la farmacia en el \u00e1rea rural es incuestionable en Castilla y Le\u00f3n, una Comunidad marcada por el peso del envejecimiento, la cronicidad y la dispersi\u00f3n geogr\u00e1fica. De ah\u00ed que los farmac\u00e9uticos pongan el acento, en un contexto de crisis sanitaria como \u00e9sta, en la importancia de su labor como profesionales sanitarios cercanos y accesibles, tan necesarios en plena pandemia.<\/p>\n\n\n\n<p><strong><u>MONUMENTOS Y EDIFICIOS P\u00daBLICOS QUE SE ILUMINAR\u00c1N EN CASTILLA Y LE\u00d3N:<\/u><\/strong><\/p>\n\n\n\n<p><strong>EDIFICIO DE LAS CORTES DE CASTILLA Y LE\u00d3N<\/strong>, como respaldo auton\u00f3mico a la labor de la farmacia. (Hoy Jueves d\u00eda 24, de 21 a 22 horas; Noche del Viernes, a partir de las 21 horas).<\/p>\n\n\n\n<p><strong>\u00c1VILA:<\/strong> (en la noche del 25)<\/p>\n\n\n\n<p>Monumento de Los Cuatros Postes<\/p>\n\n\n\n<p><strong>BURGOS:<\/strong> (en la noche del 25)<\/p>\n\n\n\n<p>Ayuntamiento<\/p>\n\n\n\n<p>Catedral<\/p>\n\n\n\n<p><strong>LE\u00d3N:<\/strong> (en la noche del d\u00eda 25)<\/p>\n\n\n\n<p>Catedral<\/p>\n\n\n\n<p>Ayuntamiento de San Marcelo<\/p>\n\n\n\n<p>Plaza de Santo Domingo<\/p>\n\n\n\n<p><strong>PALENCIA:<\/strong> (en la noche del 24)<\/p>\n\n\n\n<p>Cristo del Otero<\/p>\n\n\n\n<p>Diputaci\u00f3n Provincial<\/p>\n\n\n\n<p><strong>SALAMANCA:<\/strong> (en la noche del 24, 26 y 27)<\/p>\n\n\n\n<p>Fuente de la Puerta de Zamora<\/p>\n\n\n\n<p>Fuente del Barrio de Garrido<\/p>\n\n\n\n<p>Paneles luminosos de la ciudad<\/p>\n\n\n\n<p><strong>SEGOVIA:<\/strong> (en la noche del 25)<\/p>\n\n\n\n<p>Ayuntamiento<\/p>\n\n\n\n<p><strong>SORIA:<\/strong> (en la noche del 24 y 25)<\/p>\n\n\n\n<p>Diputaci\u00f3n Provincial<\/p>\n\n\n\n<p>Palacio de la Audiencia<\/p>\n\n\n\n<p>Fuente del Espol\u00f3n<\/p>\n\n\n\n<p><strong>VALLADOLID: <\/strong>(en la noche del 25)<\/p>\n\n\n\n<p>C\u00fapula del Milenio<\/p>\n\n\n\n<p><strong>ZAMORA:<\/strong> (en la noche del d\u00eda 25)<\/p>\n\n\n\n<p>Iglesia Santiago El Burgo de Zamora<\/p>\n\n\n\n<p>Diputaci\u00f3n Provincial<\/p>\n\n\n\n<p>Ayuntamiento de Benavente<\/p>\n\n\n\n<p>Ayuntamiento de Toro<\/p>\n","protected":false},"excerpt":{"rendered":"<p>\u00a0 \u00a0 VIERNES 25 DE SEPTIEMBRE &#8211; D\u00cdA MUNDIAL DEL FARMAC\u00c9UTICO Castilla y Le\u00f3n rinde homenaje a sus farmac\u00e9uticos iluminando con su emblem\u00e1tico color verde los principales monumentos de la Comunidad Ma\u00f1ana viernes 25 de Septiembre se celebra el D\u00eda Mundial del Farmac\u00e9utico bajo el lema \u201cTransformando la salud global\u201d La caracter\u00edstica luz verde que [&hellip;]<\/p>\n","protected":false},"author":14,"featured_media":0,"comment_status":"closed","ping_status":"closed","sticky":false,"template":"","format":"standard","meta":{"footnotes":""},"categories":[9],"tags":[64,23,88,21],"class_list":["post-2075","post","type-post","status-publish","format-standard","hentry","category-comunicados","tag-64","tag-dia","tag-farmaceutico","tag-mundial"],"_links":{"self":[{"href":"https:\/\/www.concyl.es\/index.php\/wp-json\/wp\/v2\/posts\/2075","targetHints":{"allow":["GET"]}}],"collection":[{"href":"https:\/\/www.concyl.es\/index.php\/wp-json\/wp\/v2\/posts"}],"about":[{"href":"https:\/\/www.concyl.es\/index.php\/wp-json\/wp\/v2\/types\/post"}],"author":[{"embeddable":true,"href":"https:\/\/www.concyl.es\/index.php\/wp-json\/wp\/v2\/users\/14"}],"replies":[{"embeddable":true,"href":"https:\/\/www.concyl.es\/index.php\/wp-json\/wp\/v2\/comments?post=2075"}],"version-history":[{"count":1,"href":"https:\/\/www.concyl.es\/index.php\/wp-json\/wp\/v2\/posts\/2075\/revisions"}],"predecessor-version":[{"id":2076,"href":"https:\/\/www.concyl.es\/index.php\/wp-json\/wp\/v2\/posts\/2075\/revisions\/2076"}],"wp:attachment":[{"href":"https:\/\/www.concyl.es\/index.php\/wp-json\/wp\/v2\/media?parent=2075"}],"wp:term":[{"taxonomy":"category","embeddable":true,"href":"https:\/\/www.concyl.es\/index.php\/wp-json\/wp\/v2\/categories?post=2075"},{"taxonomy":"post_tag","embeddable":true,"href":"https:\/\/www.concyl.es\/index.php\/wp-json\/wp\/v2\/tags?post=2075"}],"curies":[{"name":"wp","href":"https:\/\/api.w.org\/{rel}","templated":true}]}}