 {"id":2073,"date":"2020-09-18T16:13:00","date_gmt":"2020-09-18T16:13:00","guid":{"rendered":"https:\/\/www.concyl.es\/?p=2073"},"modified":"2023-02-27T08:46:35","modified_gmt":"2023-02-27T08:46:35","slug":"2073","status":"publish","type":"post","link":"https:\/\/www.concyl.es\/index.php\/2020\/09\/18\/2073\/","title":{"rendered":""},"content":{"rendered":"\n<div class=\"sfsi_widget sfsi_shortcode_container\"><div class=\"norm_row sfsi_wDiv \"  style=\"width:225px;text-align:left;\"><div style='width:40px; height:40px;margin-left:5px;margin-bottom:5px; ' class='sfsi_wicons shuffeldiv ' ><div class='inerCnt'><a class=' sficn' data-effect='' target='_blank'  href='https:\/\/api.follow.it\/widgets\/icon\/b2dJdDRZbEpMdVlFM2xwQ2JYSm9SVklJS2pKY3c1RkZaekJaL0l0L0xmSGxRTUkzbCtQQ1pkY3VObFJwNVZaREM2YjZWbnVqNitrdEQ1S01ka2lqb3ZEcU5iOTR5NThiL1RoV2dNN0FNSEVIS0dsMDNkT1pUZnNWM1V1bU5acGh8ZlNMOFVweHJpQUd6RmxvcVAveVRFZ2NwUHhMSlkxMTMzNnpQMGM3WlhLOD0=\/OA==\/' id='sfsiid_email_icon' style='width:40px;height:40px;opacity:1;'  ><img data-pin-nopin='true' alt='Follow by Email' title='Follow by Email' src='https:\/\/www.concyl.es\/wp-content\/plugins\/ultimate-social-media-icons\/images\/icons_theme\/default\/default_email.png' width='40' height='40' style='' class='sfcm sfsi_wicon ' data-effect=''   \/><\/a><\/div><\/div><div style='width:40px; height:40px;margin-left:5px;margin-bottom:5px; ' class='sfsi_wicons shuffeldiv ' ><div class='inerCnt'><a class=' sficn' data-effect='' target='_blank'  href='' id='sfsiid_facebook_icon' style='width:40px;height:40px;opacity:1;'  ><img data-pin-nopin='true' alt='Facebook' title='Facebook' src='https:\/\/www.concyl.es\/wp-content\/plugins\/ultimate-social-media-icons\/images\/icons_theme\/default\/default_facebook.png' width='40' height='40' style='' class='sfcm sfsi_wicon ' data-effect=''   \/><\/a><div class=\"sfsi_tool_tip_2 fb_tool_bdr sfsiTlleft\" style=\"opacity:0;z-index:-1;\" id=\"sfsiid_facebook\"><span class=\"bot_arow bot_fb_arow\"><\/span><div class=\"sfsi_inside\"><div  class='icon2'><div class=\"fb-like\" width=\"200\" data-href=\"https:\/\/www.concyl.es\/index.php\/2020\/09\/18\/2073\/\"  data-send=\"false\" data-layout=\"button_count\" data-action=\"like\"><\/div><\/div><div  class='icon3'><a target='_blank' href='https:\/\/www.facebook.com\/sharer\/sharer.php?u=https%3A%2F%2Fwww.concyl.es%2Fwp-json%2Fwp%2Fv2%2Fposts%2F2073' style='display:inline-block;'  > <img class='sfsi_wicon'  data-pin-nopin='true' alt='fb-share-icon' title='Facebook Share' src='https:\/\/www.concyl.es\/wp-content\/plugins\/ultimate-social-media-icons\/images\/share_icons\/fb_icons\/en_US.svg' \/><\/a><\/div><\/div><\/div><\/div><\/div><div style='width:40px; height:40px;margin-left:5px;margin-bottom:5px; ' class='sfsi_wicons shuffeldiv ' ><div class='inerCnt'><a class=' sficn' data-effect='' target='_blank'  href='' id='sfsiid_twitter_icon' style='width:40px;height:40px;opacity:1;'  ><img data-pin-nopin='true' alt='Twitter' title='Twitter' src='https:\/\/www.concyl.es\/wp-content\/plugins\/ultimate-social-media-icons\/images\/icons_theme\/default\/default_twitter.png' width='40' height='40' style='' class='sfcm sfsi_wicon ' data-effect=''   \/><\/a><div class=\"sfsi_tool_tip_2 twt_tool_bdr sfsiTlleft\" style=\"opacity:0;z-index:-1;\" id=\"sfsiid_twitter\"><span class=\"bot_arow bot_twt_arow\"><\/span><div class=\"sfsi_inside\"><div  class='icon2'><div class='sf_twiter' style='display: inline-block;vertical-align: middle;width: auto;'>\r\n\t\t\t\t\t\t<a target='_blank' href='https:\/\/x.com\/intent\/post?text=Mira+lo+que+he+encontrado+en+www.concyl.es+https%3A%2F%2Fwww.concyl.es%2Fwp-json%2Fwp%2Fv2%2Fposts%2F2073' style='display:inline-block' >\r\n\t\t\t\t\t\t\t<img data-pin-nopin= true class='sfsi_wicon' src='https:\/\/www.concyl.es\/wp-content\/plugins\/ultimate-social-media-icons\/images\/share_icons\/Twitter_Tweet\/en_US_Tweet.svg' alt='Post on X' title='Post on X' >\r\n\t\t\t\t\t\t<\/a>\r\n\t\t\t\t\t<\/div><\/div><\/div><\/div><\/div><\/div><div style='width:40px; height:40px;margin-left:5px;margin-bottom:5px; ' class='sfsi_wicons shuffeldiv ' ><div class='inerCnt'><a class=' sficn' data-effect='' target='_blank'  href='https:\/\/api.whatsapp.com\/send?text=https%3A%2F%2Fwww.concyl.es%2Findex.php%2F2020%2F09%2F18%2F2073%2F' id='sfsiid_whatsapp_icon' style='width:40px;height:40px;opacity:1;'  ><img data-pin-nopin='true' alt='WhatsApp' title='WhatsApp' src='https:\/\/www.concyl.es\/wp-content\/plugins\/ultimate-social-media-icons\/images\/icons_theme\/default\/default_whatsapp.png' width='40' height='40' style='' class='sfcm sfsi_wicon ' data-effect=''   \/><\/a><\/div><\/div><\/div ><div id=\"sfsi_holder\" class=\"sfsi_holders\" style=\"position: relative; float: left;width:100%;z-index:-1;\"><\/div ><script>window.addEventListener(\"sfsi_functions_loaded\", function()\n\t\t\t{\n\t\t\t\tif (typeof sfsi_widget_set == \"function\") {\n\t\t\t\t\tsfsi_widget_set();\n\t\t\t\t}\n\t\t\t}); <\/script><div style=\"clear: both;\"><\/div><\/div>\n\n\n<p>\u00a0<\/p>\n<p>\u00a0<\/p>\n\n\n<h3 class=\"wp-block-heading\"><strong>Carlos Trece\u00f1o representa hoy a los farmac\u00e9uticos espa\u00f1oles en el Congreso Mundial de Farmacia<\/strong><\/h3>\n\n\n\n<ul class=\"wp-block-list\"><li><strong>Carlos Trece\u00f1o, que ha sido presidente del CONCYL desde 2018 y cede su cargo a finales de este mes, es el boticario que representar\u00e1 hoy a Espa\u00f1a en el Congreso de la FIP<\/strong><strong><\/strong><\/li><\/ul>\n\n\n\n<ul class=\"wp-block-list\"><li><strong>En esta sesi\u00f3n se compartir\u00e1 y comparar\u00e1 la experiencia de los farmac\u00e9uticos de primera l\u00ednea en 3 pa\u00edses diferentes: Espa\u00f1a, Nueva Zelanda y Estados Unidos. Trece\u00f1o ser\u00e1 el encargado de compartir la experiencia espa\u00f1ola <\/strong><strong><\/strong><\/li><\/ul>\n\n\n\n<p><strong>18 de Septiembre de 2020.-<\/strong> Un farmac\u00e9utico de Castilla y Le\u00f3n ser\u00e1 el encargado de compartir hoy con profesionales farmac\u00e9uticos de todo el mundo la experiencia espa\u00f1ola y <strong>los protocolos que se han puesto en marcha para hacer frente a la pandemia<\/strong> desde las boticas de este pa\u00eds. Se trata de <strong>Carlos Trece\u00f1o, que ha sido presidente del CONCYL desde 2018 y que ceder\u00e1 su cargo a finales de este mes.<\/strong> Hoy ser\u00e1 protagonista en el FIP Virtual 2020, el Congreso Mundial de la Farmacia, principal foro de debate del sector.<\/p>\n\n\n\n<!--more-->\n\n\n\n<p>En esta intervenci\u00f3n, Trece\u00f1o tambi\u00e9n compartir\u00e1 cu\u00e1les son <strong>las claves del \u00e9xito de las farmacias centinela,<\/strong> una red de boticas que vigilan el correcto uso de los f\u00e1rmacos y que desarrollan numerosos estudios de investigaci\u00f3n relacionados con la seguridad de los f\u00e1rmacos y la vigilancia de ciertas enfermedades. En Espa\u00f1a, la red centinela de Castilla y Le\u00f3n ha sido tomada como ejemplo para desarrollar una red de \u00e1mbito nacional, con Carlos Trece\u00f1o como uno de los principales asesores para su extensi\u00f3n por todo el territorio.<\/p>\n\n\n\n<p>En la sesi\u00f3n de hoy en el Congreso de la FIP (Federaci\u00f3n Internacional de Farmacia), titulada<strong> \u2018Farmac\u00e9uticos en primera l\u00ednea para vencer a la pandemia del COVID-19\u2019,<\/strong> Carlos Trece\u00f1o desgranar\u00e1 los protocolos que se han puesto en marcha en Espa\u00f1a en los \u00faltimos meses para facilitar a los pacientes el acceso a los medicamentos y a la atenci\u00f3n farmac\u00e9utica, as\u00ed como posibles intervenciones que se puedan realizar en el futuro.<\/p>\n\n\n\n<p>Por ejemplo, <strong>se explicar\u00e1 a los profesionales del resto de pa\u00edses<\/strong> c\u00f3mo se ha garantizado la dispensaci\u00f3n a los colectivos m\u00e1s vulnerables, los protocolos de dispensaci\u00f3n de los medicamentos especiales, la gesti\u00f3n de los visados, la adopci\u00f3n de medidas de seguridad en las boticas y programas sociales como \u2018Mascarilla 0\u2019 para proteger a las v\u00edctimas de la violencia de g\u00e9nero durante la pandemia.<\/p>\n\n\n\n<p>Trece\u00f1o dedicar\u00e1 una parte importante de su exposici\u00f3n a explicar cu\u00e1les son las claves del \u00e9xito de la red de farmacias centinela y cu\u00e1les son los proyectos actuales y futuros de esta red. \u201cVoy a exponer <strong>las posibilidades de la oficina de farmacia en esta pandemia para identificar problemas relacionados con la medicaci\u00f3n de distintos grupos terap\u00e9uticos\u201d,<\/strong> se\u00f1ala Trece\u00f1o. Pondr\u00e1 como ejemplos el estudio que se ha desarrollado en los \u00faltimos meses para ver la posible eficacia de la hidroxicloroquina frente al COVID-19 o el estudio emprendido por la red para buscar las f\u00f3rmulas de anticiparse a las oleadas de gripe. Estudios como \u00e9ste \u00faltimo, recuerda Trece\u00f1o, podr\u00e1n encontrar una variante para aplicarse a la COVID-19.<\/p>\n\n\n\n<p>La experiencia espa\u00f1ola que compartir\u00e1 Carlos Trece\u00f1o con los profesionales de Farmacia del resto del mundo no ser\u00e1 la \u00fanica de la jornada. Junto a \u00e9l est\u00e1 previsto que compartan sus protocolos y experiencias los representantes de otros dos pa\u00edses: <strong>Nueva Zelanda y Estados Unidos.<\/strong> Participar\u00e1n Graeme Smith, de la Sociedad Farmac\u00e9utica de Nueva Zelanda y Scott Knoer, de la Asociaci\u00f3n Estadounidense de Farmac\u00e9uticos.<\/p>\n\n\n\n<p><strong>El FIP Virtual 2020 <\/strong>re\u00fane hasta el pr\u00f3ximo 25 de septiembre a profesionales de todo el mundo para debatir en torno a los \u00faltimos avances de la profesi\u00f3n y su contribuci\u00f3n en la pandemia.<\/p>\n","protected":false},"excerpt":{"rendered":"<p>\u00a0 \u00a0 Carlos Trece\u00f1o representa hoy a los farmac\u00e9uticos espa\u00f1oles en el Congreso Mundial de Farmacia Carlos Trece\u00f1o, que ha sido presidente del CONCYL desde 2018 y cede su cargo a finales de este mes, es el boticario que representar\u00e1 hoy a Espa\u00f1a en el Congreso de la FIP En esta sesi\u00f3n se compartir\u00e1 y [&hellip;]<\/p>\n","protected":false},"author":14,"featured_media":0,"comment_status":"closed","ping_status":"closed","sticky":false,"template":"","format":"standard","meta":{"footnotes":""},"categories":[9],"tags":[84,86,21,85],"class_list":["post-2073","post","type-post","status-publish","format-standard","hentry","category-comunicados","tag-carlos","tag-congreso","tag-mundial","tag-treceno"],"_links":{"self":[{"href":"https:\/\/www.concyl.es\/index.php\/wp-json\/wp\/v2\/posts\/2073","targetHints":{"allow":["GET"]}}],"collection":[{"href":"https:\/\/www.concyl.es\/index.php\/wp-json\/wp\/v2\/posts"}],"about":[{"href":"https:\/\/www.concyl.es\/index.php\/wp-json\/wp\/v2\/types\/post"}],"author":[{"embeddable":true,"href":"https:\/\/www.concyl.es\/index.php\/wp-json\/wp\/v2\/users\/14"}],"replies":[{"embeddable":true,"href":"https:\/\/www.concyl.es\/index.php\/wp-json\/wp\/v2\/comments?post=2073"}],"version-history":[{"count":1,"href":"https:\/\/www.concyl.es\/index.php\/wp-json\/wp\/v2\/posts\/2073\/revisions"}],"predecessor-version":[{"id":2074,"href":"https:\/\/www.concyl.es\/index.php\/wp-json\/wp\/v2\/posts\/2073\/revisions\/2074"}],"wp:attachment":[{"href":"https:\/\/www.concyl.es\/index.php\/wp-json\/wp\/v2\/media?parent=2073"}],"wp:term":[{"taxonomy":"category","embeddable":true,"href":"https:\/\/www.concyl.es\/index.php\/wp-json\/wp\/v2\/categories?post=2073"},{"taxonomy":"post_tag","embeddable":true,"href":"https:\/\/www.concyl.es\/index.php\/wp-json\/wp\/v2\/tags?post=2073"}],"curies":[{"name":"wp","href":"https:\/\/api.w.org\/{rel}","templated":true}]}}