 {"id":2068,"date":"2020-07-31T16:07:00","date_gmt":"2020-07-31T16:07:00","guid":{"rendered":"https:\/\/www.concyl.es\/?p=2068"},"modified":"2023-02-27T08:46:35","modified_gmt":"2023-02-27T08:46:35","slug":"2068","status":"publish","type":"post","link":"https:\/\/www.concyl.es\/index.php\/2020\/07\/31\/2068\/","title":{"rendered":""},"content":{"rendered":"\n<div class=\"sfsi_widget sfsi_shortcode_container\"><div class=\"norm_row sfsi_wDiv \"  style=\"width:225px;text-align:left;\"><div style='width:40px; height:40px;margin-left:5px;margin-bottom:5px; ' class='sfsi_wicons shuffeldiv ' ><div class='inerCnt'><a class=' sficn' data-effect='' target='_blank'  href='https:\/\/api.follow.it\/widgets\/icon\/b2dJdDRZbEpMdVlFM2xwQ2JYSm9SVklJS2pKY3c1RkZaekJaL0l0L0xmSGxRTUkzbCtQQ1pkY3VObFJwNVZaREM2YjZWbnVqNitrdEQ1S01ka2lqb3ZEcU5iOTR5NThiL1RoV2dNN0FNSEVIS0dsMDNkT1pUZnNWM1V1bU5acGh8ZlNMOFVweHJpQUd6RmxvcVAveVRFZ2NwUHhMSlkxMTMzNnpQMGM3WlhLOD0=\/OA==\/' id='sfsiid_email_icon' style='width:40px;height:40px;opacity:1;'  ><img data-pin-nopin='true' alt='Follow by Email' title='Follow by Email' src='https:\/\/www.concyl.es\/wp-content\/plugins\/ultimate-social-media-icons\/images\/icons_theme\/default\/default_email.png' width='40' height='40' style='' class='sfcm sfsi_wicon ' data-effect=''   \/><\/a><\/div><\/div><div style='width:40px; height:40px;margin-left:5px;margin-bottom:5px; ' class='sfsi_wicons shuffeldiv ' ><div class='inerCnt'><a class=' sficn' data-effect='' target='_blank'  href='' id='sfsiid_facebook_icon' style='width:40px;height:40px;opacity:1;'  ><img data-pin-nopin='true' alt='Facebook' title='Facebook' src='https:\/\/www.concyl.es\/wp-content\/plugins\/ultimate-social-media-icons\/images\/icons_theme\/default\/default_facebook.png' width='40' height='40' style='' class='sfcm sfsi_wicon ' data-effect=''   \/><\/a><div class=\"sfsi_tool_tip_2 fb_tool_bdr sfsiTlleft\" style=\"opacity:0;z-index:-1;\" id=\"sfsiid_facebook\"><span class=\"bot_arow bot_fb_arow\"><\/span><div class=\"sfsi_inside\"><div  class='icon2'><div class=\"fb-like\" width=\"200\" data-href=\"https:\/\/www.concyl.es\/index.php\/2020\/07\/31\/2068\/\"  data-send=\"false\" data-layout=\"button_count\" data-action=\"like\"><\/div><\/div><div  class='icon3'><a target='_blank' href='https:\/\/www.facebook.com\/sharer\/sharer.php?u=https%3A%2F%2Fwww.concyl.es%2Fwp-json%2Fwp%2Fv2%2Fposts%2F2068' style='display:inline-block;'  > <img class='sfsi_wicon'  data-pin-nopin='true' alt='fb-share-icon' title='Facebook Share' src='https:\/\/www.concyl.es\/wp-content\/plugins\/ultimate-social-media-icons\/images\/share_icons\/fb_icons\/en_US.svg' \/><\/a><\/div><\/div><\/div><\/div><\/div><div style='width:40px; height:40px;margin-left:5px;margin-bottom:5px; ' class='sfsi_wicons shuffeldiv ' ><div class='inerCnt'><a class=' sficn' data-effect='' target='_blank'  href='' id='sfsiid_twitter_icon' style='width:40px;height:40px;opacity:1;'  ><img data-pin-nopin='true' alt='Twitter' title='Twitter' src='https:\/\/www.concyl.es\/wp-content\/plugins\/ultimate-social-media-icons\/images\/icons_theme\/default\/default_twitter.png' width='40' height='40' style='' class='sfcm sfsi_wicon ' data-effect=''   \/><\/a><div class=\"sfsi_tool_tip_2 twt_tool_bdr sfsiTlleft\" style=\"opacity:0;z-index:-1;\" id=\"sfsiid_twitter\"><span class=\"bot_arow bot_twt_arow\"><\/span><div class=\"sfsi_inside\"><div  class='icon2'><div class='sf_twiter' style='display: inline-block;vertical-align: middle;width: auto;'>\r\n\t\t\t\t\t\t<a target='_blank' href='https:\/\/x.com\/intent\/post?text=Mira+lo+que+he+encontrado+en+www.concyl.es+https%3A%2F%2Fwww.concyl.es%2Fwp-json%2Fwp%2Fv2%2Fposts%2F2068' style='display:inline-block' >\r\n\t\t\t\t\t\t\t<img data-pin-nopin= true class='sfsi_wicon' src='https:\/\/www.concyl.es\/wp-content\/plugins\/ultimate-social-media-icons\/images\/share_icons\/Twitter_Tweet\/en_US_Tweet.svg' alt='Post on X' title='Post on X' >\r\n\t\t\t\t\t\t<\/a>\r\n\t\t\t\t\t<\/div><\/div><\/div><\/div><\/div><\/div><div style='width:40px; height:40px;margin-left:5px;margin-bottom:5px; ' class='sfsi_wicons shuffeldiv ' ><div class='inerCnt'><a class=' sficn' data-effect='' target='_blank'  href='https:\/\/api.whatsapp.com\/send?text=https%3A%2F%2Fwww.concyl.es%2Findex.php%2F2020%2F07%2F31%2F2068%2F' id='sfsiid_whatsapp_icon' style='width:40px;height:40px;opacity:1;'  ><img data-pin-nopin='true' alt='WhatsApp' title='WhatsApp' src='https:\/\/www.concyl.es\/wp-content\/plugins\/ultimate-social-media-icons\/images\/icons_theme\/default\/default_whatsapp.png' width='40' height='40' style='' class='sfcm sfsi_wicon ' data-effect=''   \/><\/a><\/div><\/div><\/div ><div id=\"sfsi_holder\" class=\"sfsi_holders\" style=\"position: relative; float: left;width:100%;z-index:-1;\"><\/div ><script>window.addEventListener(\"sfsi_functions_loaded\", function()\n\t\t\t{\n\t\t\t\tif (typeof sfsi_widget_set == \"function\") {\n\t\t\t\t\tsfsi_widget_set();\n\t\t\t\t}\n\t\t\t}); <\/script><div style=\"clear: both;\"><\/div><\/div>\n\n\n<p>\u00a0<\/p>\n<p>\u00a0<\/p>\n\n\n<h3 class=\"wp-block-heading\"><strong>Arrancan las elecciones en el CONCYL, m\u00e1ximo \u00f3rgano de los farmac\u00e9uticos de Castilla y Le\u00f3n, tras la toma de posesi\u00f3n de su Pleno<\/strong><\/h3>\n\n\n\n<ul class=\"wp-block-list\"><li><strong>Las elecciones convocadas hoy permitir\u00e1n conformar un nuevo equipo directivo en el CONCYL el pr\u00f3ximo septiembre <\/strong><strong><\/strong><\/li><\/ul>\n\n\n\n<p><strong>31 de Julio de 2020.-<\/strong> En la jornada de hoy han tomado posesi\u00f3n de sus cargos los nuevos Consejeros del Pleno del CONCYL-Consejo de Colegios Profesionales de Farmac\u00e9uticos de Castilla y Le\u00f3n. Con esta toma de posesi\u00f3n se pone en marcha el proceso electoral en el m\u00e1ximo \u00f3rgano de los farmac\u00e9uticos de Castilla y Le\u00f3n, que podr\u00eda tener el pr\u00f3ximo septiembre un nuevo equipo directivo.<\/p>\n\n\n\n<!--more-->\n\n\n\n<p>El Museo Patio Herreriano de la capital vallisoletana ha sido el escenario elegido para la constituci\u00f3n del Pleno del CONCYL, formado por 18 miembros, entre los que se encuentran los Presidentes de los Colegios Oficiales de Farmac\u00e9uticos de las 9 provincias de Castilla y Le\u00f3n as\u00ed como 9 representantes m\u00e1s, elegidos por los \u00f3rganos de Gobierno de cada provincia.<\/p>\n\n\n\n<p>En el transcurso del Pleno celebrado esta ma\u00f1ana se han adoptado los acuerdos necesarios para la convocatoria de elecciones a la \u2018c\u00fapula\u2019 del CONCYL, su Comit\u00e9 Directivo, as\u00ed como a las Vocal\u00edas Auton\u00f3micas de Secci\u00f3n que integran el Comit\u00e9 T\u00e9cnico (\u00f3rgano consultivo y de asesoramiento del Consejo).<\/p>\n\n\n\n<p>Ha sido un acto muy emotivo donde se ha reconocido la excelente gesti\u00f3n durante la pandemia realizada por el presidente del CONCYL, Carlos Trece\u00f1o, y su equipo directivo, que finalizar\u00e1n su mandato en el mes de septiembre cuando concluya el proceso electoral.<\/p>\n\n\n\n<p>A continuaci\u00f3n se adjuntan los nuevos miembros del Pleno del CONCYL, en el que se renuevan los Presidentes de 3 provincias (Valladolid, Salamanca y Segovia):<\/p>\n\n\n\n<div class=\"wp-block-image\"><figure class=\"aligncenter size-large\"><img loading=\"lazy\" decoding=\"async\" width=\"504\" height=\"431\" src=\"https:\/\/www.concyl.es\/wp-content\/uploads\/2021\/05\/imagen-1.png\" alt=\"\" class=\"wp-image-2069\" srcset=\"https:\/\/www.concyl.es\/wp-content\/uploads\/2021\/05\/imagen-1.png 504w, https:\/\/www.concyl.es\/wp-content\/uploads\/2021\/05\/imagen-1-300x257.png 300w\" sizes=\"auto, (max-width: 504px) 100vw, 504px\" \/><\/figure><\/div>\n","protected":false},"excerpt":{"rendered":"<p>\u00a0 \u00a0 Arrancan las elecciones en el CONCYL, m\u00e1ximo \u00f3rgano de los farmac\u00e9uticos de Castilla y Le\u00f3n, tras la toma de posesi\u00f3n de su Pleno Las elecciones convocadas hoy permitir\u00e1n conformar un nuevo equipo directivo en el CONCYL el pr\u00f3ximo septiembre 31 de Julio de 2020.- En la jornada de hoy han tomado posesi\u00f3n de [&hellip;]<\/p>\n","protected":false},"author":14,"featured_media":0,"comment_status":"closed","ping_status":"closed","sticky":false,"template":"","format":"standard","meta":{"footnotes":""},"categories":[9],"tags":[78,77,80,79],"class_list":["post-2068","post","type-post","status-publish","format-standard","hentry","category-comunicados","tag-concyl","tag-elecciones","tag-posesion","tag-toma"],"_links":{"self":[{"href":"https:\/\/www.concyl.es\/index.php\/wp-json\/wp\/v2\/posts\/2068","targetHints":{"allow":["GET"]}}],"collection":[{"href":"https:\/\/www.concyl.es\/index.php\/wp-json\/wp\/v2\/posts"}],"about":[{"href":"https:\/\/www.concyl.es\/index.php\/wp-json\/wp\/v2\/types\/post"}],"author":[{"embeddable":true,"href":"https:\/\/www.concyl.es\/index.php\/wp-json\/wp\/v2\/users\/14"}],"replies":[{"embeddable":true,"href":"https:\/\/www.concyl.es\/index.php\/wp-json\/wp\/v2\/comments?post=2068"}],"version-history":[{"count":1,"href":"https:\/\/www.concyl.es\/index.php\/wp-json\/wp\/v2\/posts\/2068\/revisions"}],"predecessor-version":[{"id":2070,"href":"https:\/\/www.concyl.es\/index.php\/wp-json\/wp\/v2\/posts\/2068\/revisions\/2070"}],"wp:attachment":[{"href":"https:\/\/www.concyl.es\/index.php\/wp-json\/wp\/v2\/media?parent=2068"}],"wp:term":[{"taxonomy":"category","embeddable":true,"href":"https:\/\/www.concyl.es\/index.php\/wp-json\/wp\/v2\/categories?post=2068"},{"taxonomy":"post_tag","embeddable":true,"href":"https:\/\/www.concyl.es\/index.php\/wp-json\/wp\/v2\/tags?post=2068"}],"curies":[{"name":"wp","href":"https:\/\/api.w.org\/{rel}","templated":true}]}}