 {"id":2066,"date":"2020-06-22T16:05:00","date_gmt":"2020-06-22T16:05:00","guid":{"rendered":"https:\/\/www.concyl.es\/?p=2066"},"modified":"2023-02-27T08:46:35","modified_gmt":"2023-02-27T08:46:35","slug":"2066","status":"publish","type":"post","link":"https:\/\/www.concyl.es\/index.php\/2020\/06\/22\/2066\/","title":{"rendered":""},"content":{"rendered":"\n<div class=\"sfsi_widget sfsi_shortcode_container\"><div class=\"norm_row sfsi_wDiv \"  style=\"width:225px;text-align:left;\"><div style='width:40px; height:40px;margin-left:5px;margin-bottom:5px; ' class='sfsi_wicons shuffeldiv ' ><div class='inerCnt'><a class=' sficn' data-effect='' target='_blank'  href='https:\/\/api.follow.it\/widgets\/icon\/b2dJdDRZbEpMdVlFM2xwQ2JYSm9SVklJS2pKY3c1RkZaekJaL0l0L0xmSGxRTUkzbCtQQ1pkY3VObFJwNVZaREM2YjZWbnVqNitrdEQ1S01ka2lqb3ZEcU5iOTR5NThiL1RoV2dNN0FNSEVIS0dsMDNkT1pUZnNWM1V1bU5acGh8ZlNMOFVweHJpQUd6RmxvcVAveVRFZ2NwUHhMSlkxMTMzNnpQMGM3WlhLOD0=\/OA==\/' id='sfsiid_email_icon' style='width:40px;height:40px;opacity:1;'  ><img data-pin-nopin='true' alt='Follow by Email' title='Follow by Email' src='https:\/\/www.concyl.es\/wp-content\/plugins\/ultimate-social-media-icons\/images\/icons_theme\/default\/default_email.png' width='40' height='40' style='' class='sfcm sfsi_wicon ' data-effect=''   \/><\/a><\/div><\/div><div style='width:40px; height:40px;margin-left:5px;margin-bottom:5px; ' class='sfsi_wicons shuffeldiv ' ><div class='inerCnt'><a class=' sficn' data-effect='' target='_blank'  href='' id='sfsiid_facebook_icon' style='width:40px;height:40px;opacity:1;'  ><img data-pin-nopin='true' alt='Facebook' title='Facebook' src='https:\/\/www.concyl.es\/wp-content\/plugins\/ultimate-social-media-icons\/images\/icons_theme\/default\/default_facebook.png' width='40' height='40' style='' class='sfcm sfsi_wicon ' data-effect=''   \/><\/a><div class=\"sfsi_tool_tip_2 fb_tool_bdr sfsiTlleft\" style=\"opacity:0;z-index:-1;\" id=\"sfsiid_facebook\"><span class=\"bot_arow bot_fb_arow\"><\/span><div class=\"sfsi_inside\"><div  class='icon2'><div class=\"fb-like\" width=\"200\" data-href=\"https:\/\/www.concyl.es\/index.php\/2020\/06\/22\/2066\/\"  data-send=\"false\" data-layout=\"button_count\" data-action=\"like\"><\/div><\/div><div  class='icon3'><a target='_blank' href='https:\/\/www.facebook.com\/sharer\/sharer.php?u=https%3A%2F%2Fwww.concyl.es%2Fwp-json%2Fwp%2Fv2%2Fposts%2F2066' style='display:inline-block;'  > <img class='sfsi_wicon'  data-pin-nopin='true' alt='fb-share-icon' title='Facebook Share' src='https:\/\/www.concyl.es\/wp-content\/plugins\/ultimate-social-media-icons\/images\/share_icons\/fb_icons\/en_US.svg' \/><\/a><\/div><\/div><\/div><\/div><\/div><div style='width:40px; height:40px;margin-left:5px;margin-bottom:5px; ' class='sfsi_wicons shuffeldiv ' ><div class='inerCnt'><a class=' sficn' data-effect='' target='_blank'  href='' id='sfsiid_twitter_icon' style='width:40px;height:40px;opacity:1;'  ><img data-pin-nopin='true' alt='Twitter' title='Twitter' src='https:\/\/www.concyl.es\/wp-content\/plugins\/ultimate-social-media-icons\/images\/icons_theme\/default\/default_twitter.png' width='40' height='40' style='' class='sfcm sfsi_wicon ' data-effect=''   \/><\/a><div class=\"sfsi_tool_tip_2 twt_tool_bdr sfsiTlleft\" style=\"opacity:0;z-index:-1;\" id=\"sfsiid_twitter\"><span class=\"bot_arow bot_twt_arow\"><\/span><div class=\"sfsi_inside\"><div  class='icon2'><div class='sf_twiter' style='display: inline-block;vertical-align: middle;width: auto;'>\r\n\t\t\t\t\t\t<a target='_blank' href='https:\/\/x.com\/intent\/post?text=Mira+lo+que+he+encontrado+en+www.concyl.es+https%3A%2F%2Fwww.concyl.es%2Fwp-json%2Fwp%2Fv2%2Fposts%2F2066' style='display:inline-block' >\r\n\t\t\t\t\t\t\t<img data-pin-nopin= true class='sfsi_wicon' src='https:\/\/www.concyl.es\/wp-content\/plugins\/ultimate-social-media-icons\/images\/share_icons\/Twitter_Tweet\/en_US_Tweet.svg' alt='Post on X' title='Post on X' >\r\n\t\t\t\t\t\t<\/a>\r\n\t\t\t\t\t<\/div><\/div><\/div><\/div><\/div><\/div><div style='width:40px; height:40px;margin-left:5px;margin-bottom:5px; ' class='sfsi_wicons shuffeldiv ' ><div class='inerCnt'><a class=' sficn' data-effect='' target='_blank'  href='https:\/\/api.whatsapp.com\/send?text=https%3A%2F%2Fwww.concyl.es%2Findex.php%2F2020%2F06%2F22%2F2066%2F' id='sfsiid_whatsapp_icon' style='width:40px;height:40px;opacity:1;'  ><img data-pin-nopin='true' alt='WhatsApp' title='WhatsApp' src='https:\/\/www.concyl.es\/wp-content\/plugins\/ultimate-social-media-icons\/images\/icons_theme\/default\/default_whatsapp.png' width='40' height='40' style='' class='sfcm sfsi_wicon ' data-effect=''   \/><\/a><\/div><\/div><\/div ><div id=\"sfsi_holder\" class=\"sfsi_holders\" style=\"position: relative; float: left;width:100%;z-index:-1;\"><\/div ><script>window.addEventListener(\"sfsi_functions_loaded\", function()\n\t\t\t{\n\t\t\t\tif (typeof sfsi_widget_set == \"function\") {\n\t\t\t\t\tsfsi_widget_set();\n\t\t\t\t}\n\t\t\t}); <\/script><div style=\"clear: both;\"><\/div><\/div>\n\n\n<p>\u00a0<\/p>\n<p>\u00a0<\/p>\n\n\n<h3 class=\"wp-block-heading\"><strong>El Dr. Mariano Esteban, l\u00edder en la investigaci\u00f3n vacunal frente al COVID-19, expondr\u00e1 a los farmac\u00e9uticos c\u00f3mo avanzan los distintos prototipos en desarrollo<\/strong><\/h3>\n\n\n\n<ul class=\"wp-block-list\"><li><strong>El CONCYL, en colaboraci\u00f3n con el Consejo General de Farmac\u00e9uticos, organiza este seminario online en el que se abordar\u00e1 la evoluci\u00f3n de las vacunas frente al COVID-19 y sus expectativas de \u00e9xito a corto-medio plazo<\/strong><strong><\/strong><\/li><\/ul>\n\n\n\n<p><strong>22 de Junio de 2020.-<\/strong> Los farmac\u00e9uticos se reunir\u00e1n esta semana en torno a un seminario online en el que se abordar\u00e1 la evoluci\u00f3n de las vacunas frente al COVID-19. Este foro interactivo proporcionar\u00e1 a los profesionales de Farmacia <strong>una perspectiva clara de los distintos dise\u00f1os de vacunas que se encuentran en la actualidad en desarrollo y podr\u00e1n conocer de primera mano sus expectativas de \u00e9xito a corto-medio plazo.<\/strong><\/p>\n\n\n\n<!--more-->\n\n\n\n<p>Este encuentro del sector <strong>est\u00e1 organizado por el Consejo General y el CONCYL-Consejo de Colegios Profesionales de Farmac\u00e9uticos de Castilla y Le\u00f3n, <\/strong>en una alianza formativa que permitir\u00e1 a los profesionales de todo el pa\u00eds conocer el desarrollo de una inmunizaci\u00f3n con tanto calado como la que se est\u00e1 desarrollando frente al COVID19.<\/p>\n\n\n\n<p>El protagonista de este foro profesional ser\u00e1 el <strong>Doctor Mariano Esteban, Jefe del Grupo de Poxvirus y Vacunas del Centro Nacional de Biotecnolog\u00eda del CSIC, uno de los grandes expertos en vacunas del pa\u00eds y que a d\u00eda de hoy lidera uno de los prototipos m\u00e1s avanzados frente al COVID-19.<\/strong> Profesor de Investigaci\u00f3n del CSIC, Doctor en Farmacia y Licenciado en Ciencias Biol\u00f3gicas, es Acad\u00e9mico de N\u00famero de la Real Academia Nacional de Farmacia. Ser\u00e1 el encargado de hacer un exhaustivo recorrido por los distintos proyectos en desarrollo.<\/p>\n\n\n\n<p>Esta <strong>sesi\u00f3n \u2018Vacunas frente a COVID-19\u2019<\/strong> &nbsp;tendr\u00e1 lugar, previa inscripci\u00f3n, <strong>el 24 de junio entre las 15.30 horas y las 16.30 horas. <\/strong>Posteriormente se incorporar\u00e1 al canal de Youtube del Consejo General de Farmac\u00e9uticos, que dispone de un amplio ciclo formativo sobre coronavirus.<\/p>\n\n\n\n<p>En la presentaci\u00f3n de este encuentro online estar\u00e1n presentes tanto <strong>el presidente del Consejo General de Farmac\u00e9uticos, Jes\u00fas Aguilar, como el presidente del CONCYL, Carlos Trece\u00f1o. Moderar\u00e1 el acto formativo el secretario del CONCYL, Jos\u00e9 Luis N\u00e1jera.<\/strong><\/p>\n","protected":false},"excerpt":{"rendered":"<p>\u00a0 \u00a0 El Dr. Mariano Esteban, l\u00edder en la investigaci\u00f3n vacunal frente al COVID-19, expondr\u00e1 a los farmac\u00e9uticos c\u00f3mo avanzan los distintos prototipos en desarrollo El CONCYL, en colaboraci\u00f3n con el Consejo General de Farmac\u00e9uticos, organiza este seminario online en el que se abordar\u00e1 la evoluci\u00f3n de las vacunas frente al COVID-19 y sus expectativas [&hellip;]<\/p>\n","protected":false},"author":14,"featured_media":0,"comment_status":"closed","ping_status":"closed","sticky":false,"template":"","format":"standard","meta":{"footnotes":""},"categories":[9],"tags":[70,75,73,71,69,74,76],"class_list":["post-2066","post","type-post","status-publish","format-standard","hentry","category-comunicados","tag-esteba","tag-exposicion","tag-investigacion","tag-lider","tag-mariano","tag-vacunal","tag-vacunas"],"_links":{"self":[{"href":"https:\/\/www.concyl.es\/index.php\/wp-json\/wp\/v2\/posts\/2066","targetHints":{"allow":["GET"]}}],"collection":[{"href":"https:\/\/www.concyl.es\/index.php\/wp-json\/wp\/v2\/posts"}],"about":[{"href":"https:\/\/www.concyl.es\/index.php\/wp-json\/wp\/v2\/types\/post"}],"author":[{"embeddable":true,"href":"https:\/\/www.concyl.es\/index.php\/wp-json\/wp\/v2\/users\/14"}],"replies":[{"embeddable":true,"href":"https:\/\/www.concyl.es\/index.php\/wp-json\/wp\/v2\/comments?post=2066"}],"version-history":[{"count":1,"href":"https:\/\/www.concyl.es\/index.php\/wp-json\/wp\/v2\/posts\/2066\/revisions"}],"predecessor-version":[{"id":2067,"href":"https:\/\/www.concyl.es\/index.php\/wp-json\/wp\/v2\/posts\/2066\/revisions\/2067"}],"wp:attachment":[{"href":"https:\/\/www.concyl.es\/index.php\/wp-json\/wp\/v2\/media?parent=2066"}],"wp:term":[{"taxonomy":"category","embeddable":true,"href":"https:\/\/www.concyl.es\/index.php\/wp-json\/wp\/v2\/categories?post=2066"},{"taxonomy":"post_tag","embeddable":true,"href":"https:\/\/www.concyl.es\/index.php\/wp-json\/wp\/v2\/tags?post=2066"}],"curies":[{"name":"wp","href":"https:\/\/api.w.org\/{rel}","templated":true}]}}