 {"id":2064,"date":"2020-06-08T16:02:00","date_gmt":"2020-06-08T16:02:00","guid":{"rendered":"https:\/\/www.concyl.es\/?p=2064"},"modified":"2023-02-27T08:46:36","modified_gmt":"2023-02-27T08:46:36","slug":"2064","status":"publish","type":"post","link":"https:\/\/www.concyl.es\/index.php\/2020\/06\/08\/2064\/","title":{"rendered":""},"content":{"rendered":"\n<div class=\"sfsi_widget sfsi_shortcode_container\"><div class=\"norm_row sfsi_wDiv \"  style=\"width:225px;text-align:left;\"><div style='width:40px; height:40px;margin-left:5px;margin-bottom:5px; ' class='sfsi_wicons shuffeldiv ' ><div class='inerCnt'><a class=' sficn' data-effect='' target='_blank'  href='https:\/\/api.follow.it\/widgets\/icon\/b2dJdDRZbEpMdVlFM2xwQ2JYSm9SVklJS2pKY3c1RkZaekJaL0l0L0xmSGxRTUkzbCtQQ1pkY3VObFJwNVZaREM2YjZWbnVqNitrdEQ1S01ka2lqb3ZEcU5iOTR5NThiL1RoV2dNN0FNSEVIS0dsMDNkT1pUZnNWM1V1bU5acGh8ZlNMOFVweHJpQUd6RmxvcVAveVRFZ2NwUHhMSlkxMTMzNnpQMGM3WlhLOD0=\/OA==\/' id='sfsiid_email_icon' style='width:40px;height:40px;opacity:1;'  ><img data-pin-nopin='true' alt='Follow by Email' title='Follow by Email' src='https:\/\/www.concyl.es\/wp-content\/plugins\/ultimate-social-media-icons\/images\/icons_theme\/default\/default_email.png' width='40' height='40' style='' class='sfcm sfsi_wicon ' data-effect=''   \/><\/a><\/div><\/div><div style='width:40px; height:40px;margin-left:5px;margin-bottom:5px; ' class='sfsi_wicons shuffeldiv ' ><div class='inerCnt'><a class=' sficn' data-effect='' target='_blank'  href='' id='sfsiid_facebook_icon' style='width:40px;height:40px;opacity:1;'  ><img data-pin-nopin='true' alt='Facebook' title='Facebook' src='https:\/\/www.concyl.es\/wp-content\/plugins\/ultimate-social-media-icons\/images\/icons_theme\/default\/default_facebook.png' width='40' height='40' style='' class='sfcm sfsi_wicon ' data-effect=''   \/><\/a><div class=\"sfsi_tool_tip_2 fb_tool_bdr sfsiTlleft\" style=\"opacity:0;z-index:-1;\" id=\"sfsiid_facebook\"><span class=\"bot_arow bot_fb_arow\"><\/span><div class=\"sfsi_inside\"><div  class='icon2'><div class=\"fb-like\" width=\"200\" data-href=\"https:\/\/www.concyl.es\/index.php\/2020\/06\/08\/2064\/\"  data-send=\"false\" data-layout=\"button_count\" data-action=\"like\"><\/div><\/div><div  class='icon3'><a target='_blank' href='https:\/\/www.facebook.com\/sharer\/sharer.php?u=https%3A%2F%2Fwww.concyl.es%2Fwp-json%2Fwp%2Fv2%2Fposts%2F2064' style='display:inline-block;'  > <img class='sfsi_wicon'  data-pin-nopin='true' alt='fb-share-icon' title='Facebook Share' src='https:\/\/www.concyl.es\/wp-content\/plugins\/ultimate-social-media-icons\/images\/share_icons\/fb_icons\/en_US.svg' \/><\/a><\/div><\/div><\/div><\/div><\/div><div style='width:40px; height:40px;margin-left:5px;margin-bottom:5px; ' class='sfsi_wicons shuffeldiv ' ><div class='inerCnt'><a class=' sficn' data-effect='' target='_blank'  href='' id='sfsiid_twitter_icon' style='width:40px;height:40px;opacity:1;'  ><img data-pin-nopin='true' alt='Twitter' title='Twitter' src='https:\/\/www.concyl.es\/wp-content\/plugins\/ultimate-social-media-icons\/images\/icons_theme\/default\/default_twitter.png' width='40' height='40' style='' class='sfcm sfsi_wicon ' data-effect=''   \/><\/a><div class=\"sfsi_tool_tip_2 twt_tool_bdr sfsiTlleft\" style=\"opacity:0;z-index:-1;\" id=\"sfsiid_twitter\"><span class=\"bot_arow bot_twt_arow\"><\/span><div class=\"sfsi_inside\"><div  class='icon2'><div class='sf_twiter' style='display: inline-block;vertical-align: middle;width: auto;'>\r\n\t\t\t\t\t\t<a target='_blank' href='https:\/\/x.com\/intent\/post?text=Mira+lo+que+he+encontrado+en+www.concyl.es+https%3A%2F%2Fwww.concyl.es%2Fwp-json%2Fwp%2Fv2%2Fposts%2F2064' style='display:inline-block' >\r\n\t\t\t\t\t\t\t<img data-pin-nopin= true class='sfsi_wicon' src='https:\/\/www.concyl.es\/wp-content\/plugins\/ultimate-social-media-icons\/images\/share_icons\/Twitter_Tweet\/en_US_Tweet.svg' alt='Post on X' title='Post on X' >\r\n\t\t\t\t\t\t<\/a>\r\n\t\t\t\t\t<\/div><\/div><\/div><\/div><\/div><\/div><div style='width:40px; height:40px;margin-left:5px;margin-bottom:5px; ' class='sfsi_wicons shuffeldiv ' ><div class='inerCnt'><a class=' sficn' data-effect='' target='_blank'  href='https:\/\/api.whatsapp.com\/send?text=https%3A%2F%2Fwww.concyl.es%2Findex.php%2F2020%2F06%2F08%2F2064%2F' id='sfsiid_whatsapp_icon' style='width:40px;height:40px;opacity:1;'  ><img data-pin-nopin='true' alt='WhatsApp' title='WhatsApp' src='https:\/\/www.concyl.es\/wp-content\/plugins\/ultimate-social-media-icons\/images\/icons_theme\/default\/default_whatsapp.png' width='40' height='40' style='' class='sfcm sfsi_wicon ' data-effect=''   \/><\/a><\/div><\/div><\/div ><div id=\"sfsi_holder\" class=\"sfsi_holders\" style=\"position: relative; float: left;width:100%;z-index:-1;\"><\/div ><script>window.addEventListener(\"sfsi_functions_loaded\", function()\n\t\t\t{\n\t\t\t\tif (typeof sfsi_widget_set == \"function\") {\n\t\t\t\t\tsfsi_widget_set();\n\t\t\t\t}\n\t\t\t}); <\/script><div style=\"clear: both;\"><\/div><\/div>\n\n\n<p>\u00a0<\/p>\n<p>\u00a0<\/p>\n\n\n<h3 class=\"wp-block-heading\"><strong>Los farmac\u00e9uticos de Castilla y Le\u00f3n ampliar\u00e1n su formaci\u00f3n en EPOC para avanzar en el tratamiento de esta patolog\u00eda, que afecta a cerca del 10% de la poblaci\u00f3n<\/strong><\/h3>\n\n\n\n<ul class=\"wp-block-list\"><li><strong>El CONCYL, en colaboraci\u00f3n con los Colegios Farmac\u00e9uticos de la Comunidad y con el respaldo de Boehringer Ingelheim, ultima una formaci\u00f3n online sobre los aspectos claves de la EPOC, el uso de inhaladores y las novedades en el tratamiento de la enfermedad<\/strong><strong><\/strong><\/li><\/ul>\n\n\n\n<ul class=\"wp-block-list\"><li><strong>Dicha formaci\u00f3n est\u00e1 dirigida a los farmac\u00e9uticos de la Comunidad y tendr\u00e1 lugar el pr\u00f3ximo 10 de Junio<\/strong><strong><\/strong><\/li><\/ul>\n\n\n\n<p><strong>8 de Junio de 2020.-<\/strong> Los farmac\u00e9uticos de Castilla y Le\u00f3n ampliar\u00e1n su formaci\u00f3n en Enfermedad Pulmonar Obstructiva (EPOC) para avanzar en el tratamiento de esta patolog\u00eda, que afecta a cerca del 10% de la poblaci\u00f3n en la Comunidad. <strong>Dicha formaci\u00f3n online, impulsada desde el CONCYL, tendr\u00e1 lugar el pr\u00f3ximo 10 de Junio con la colaboraci\u00f3n de los Colegios Oficiales de Farmac\u00e9uticos de Castilla y Le\u00f3n y la compa\u00f1\u00eda farmac\u00e9utica internacional&nbsp; Boehringer Ingelheim.<\/strong><\/p>\n\n\n\n<!--more-->\n\n\n\n<p>Con esta actualizaci\u00f3n en EPOC, el CONCYL vuelve a poner el foco en la importancia de la formaci\u00f3n continuada de los profesionales farmac\u00e9uticos para garantizar una atenci\u00f3n cada vez m\u00e1s especializada a los pacientes.<\/p>\n\n\n\n<p><strong>Esta formaci\u00f3n, eminentemente pr\u00e1ctica,<\/strong> abordar\u00e1 distintos aspectos: desde conceptos b\u00e1sicos de la enfermedad pasando por el uso de los inhaladores y las novedades surgidas en materia de tratamientos.<\/p>\n\n\n\n<p><strong>El taller ser\u00e1 impartido por un m\u00e9dico especialista en EPOC de Atenci\u00f3n Primaria,<\/strong> que pondr\u00e1 sobre la mesa las \u00faltimas actualizaciones sobre prevalencia, s\u00edntomas y tratamiento. Se profundizar\u00e1 adem\u00e1s en los tipos y caracter\u00edsticas t\u00e9cnicas de los diferentes dispositivos de inhalaci\u00f3n y sus t\u00e9cnicas. <strong>Todo ello con la vista puesta en mejorar la calidad de vida de los pacientes al desarrollar la labor del farmac\u00e9utico en este \u00e1mbito: ayudar al paciente que debuta en la enfermedad y necesita conocer el correcto uso de cada dispositivo.<\/strong> No en vano, esta enfermedad registra tasas bajas de adherencia al tratamiento debido a los errores en el uso de los inhaladores.<\/p>\n\n\n\n<p><strong>\u00bfQu\u00e9 es la EPOC?<\/strong><\/p>\n\n\n\n<p>La enfermedad pulmonar obstructiva cr\u00f3nica (EPOC) <strong>es una enfermedad com\u00fan, prevenible y tratable que se caracteriza por s\u00edntomas respiratorios persistentes<\/strong> y una limitaci\u00f3n al flujo a\u00e9reo debida a alteraciones alveolares o de la v\u00eda a\u00e9rea, causada por una exposici\u00f3n significativa a gases o part\u00edculas nocivas.<\/p>\n\n\n\n<p><strong>Es una enfermedad infradiagnosticada y supone un problema de salud p\u00fablica de gran magnitud. Con una prevalencia del 10,7% en Castilla y Le\u00f3n entre la poblaci\u00f3n adulta(<\/strong><strong>EPISCAN-II)<\/strong><strong>, la EPOC es una de las enfermedades cr\u00f3nicas m\u00e1s frecuentes.<\/strong> Sin embargo, la tasa de infradiagn\u00f3sticos es del 73%, as\u00ed como la tasa de infratratamiento, que llega al 54%.<\/p>\n\n\n\n<p><strong>S\u00edntomas de la enfermedad<\/strong><\/p>\n\n\n\n<p>Los s\u00edntomas m\u00e1s relevantes de la EPOC son la <strong>disnea cr\u00f3nica y progresiva, la tos y la producci\u00f3n de esputo.<\/strong> Estos afectan a la condici\u00f3n f\u00edsica y psicol\u00f3gica de los pacientes, as\u00ed como a su capacidad para hacer ejercicio. Un incremento agudo de los s\u00edntomas se conoce como exacerbaciones. Estos episodios, que pueden ser agravados por las comorbilidades de los pacientes, deterioran su estado de forma dr\u00e1stica.<\/p>\n\n\n\n<p><strong>El tratamiento<\/strong><\/p>\n\n\n\n<p>Los objetivos principales del tratamiento de esta patolog\u00eda son: reducir los s\u00edntomas y mejorar la tolerancia al ejercicio y el estado de salud de los pacientes, as\u00ed como prevenir y tratar las exacerbaciones, prevenir la progresi\u00f3n de la enfermedad y reducir la mortalidad.<\/p>\n\n\n\n<p><strong>El \u00e9xito de la terapia radica en la administraci\u00f3n eficiente del f\u00e1rmaco al pulm\u00f3n a trav\u00e9s de un inhalador.<\/strong> Por eso, es muy importante trabajar en la correcta selecci\u00f3n del inhalador, as\u00ed como en el correcto manejo y uso de los inhaladores por parte de los pacientes, a trav\u00e9s de una correcta t\u00e9cnica de inhalaci\u00f3n y una correcta adherencia. <strong>Es en este punto donde la labor de los farmac\u00e9uticos es clave, para asegurar que los pacientes con EPOC avanzan en el tratamiento de su enfermedad al realizar un uso correcto de los dispositivos.<\/strong><\/p>\n","protected":false},"excerpt":{"rendered":"<p>\u00a0 \u00a0 Los farmac\u00e9uticos de Castilla y Le\u00f3n ampliar\u00e1n su formaci\u00f3n en EPOC para avanzar en el tratamiento de esta patolog\u00eda, que afecta a cerca del 10% de la poblaci\u00f3n El CONCYL, en colaboraci\u00f3n con los Colegios Farmac\u00e9uticos de la Comunidad y con el respaldo de Boehringer Ingelheim, ultima una formaci\u00f3n online sobre los aspectos [&hellip;]<\/p>\n","protected":false},"author":14,"featured_media":0,"comment_status":"closed","ping_status":"closed","sticky":false,"template":"","format":"standard","meta":{"footnotes":""},"categories":[9],"tags":[67,65,68,66],"class_list":["post-2064","post","type-post","status-publish","format-standard","hentry","category-comunicados","tag-boehringer","tag-epoc","tag-ingelheim","tag-tratamiento"],"_links":{"self":[{"href":"https:\/\/www.concyl.es\/index.php\/wp-json\/wp\/v2\/posts\/2064","targetHints":{"allow":["GET"]}}],"collection":[{"href":"https:\/\/www.concyl.es\/index.php\/wp-json\/wp\/v2\/posts"}],"about":[{"href":"https:\/\/www.concyl.es\/index.php\/wp-json\/wp\/v2\/types\/post"}],"author":[{"embeddable":true,"href":"https:\/\/www.concyl.es\/index.php\/wp-json\/wp\/v2\/users\/14"}],"replies":[{"embeddable":true,"href":"https:\/\/www.concyl.es\/index.php\/wp-json\/wp\/v2\/comments?post=2064"}],"version-history":[{"count":1,"href":"https:\/\/www.concyl.es\/index.php\/wp-json\/wp\/v2\/posts\/2064\/revisions"}],"predecessor-version":[{"id":2065,"href":"https:\/\/www.concyl.es\/index.php\/wp-json\/wp\/v2\/posts\/2064\/revisions\/2065"}],"wp:attachment":[{"href":"https:\/\/www.concyl.es\/index.php\/wp-json\/wp\/v2\/media?parent=2064"}],"wp:term":[{"taxonomy":"category","embeddable":true,"href":"https:\/\/www.concyl.es\/index.php\/wp-json\/wp\/v2\/categories?post=2064"},{"taxonomy":"post_tag","embeddable":true,"href":"https:\/\/www.concyl.es\/index.php\/wp-json\/wp\/v2\/tags?post=2064"}],"curies":[{"name":"wp","href":"https:\/\/api.w.org\/{rel}","templated":true}]}}