 {"id":2059,"date":"2020-04-21T15:56:00","date_gmt":"2020-04-21T15:56:00","guid":{"rendered":"https:\/\/www.concyl.es\/?p=2059"},"modified":"2023-02-27T08:46:36","modified_gmt":"2023-02-27T08:46:36","slug":"2059","status":"publish","type":"post","link":"https:\/\/www.concyl.es\/index.php\/2020\/04\/21\/2059\/","title":{"rendered":""},"content":{"rendered":"\n<div class=\"sfsi_widget sfsi_shortcode_container\"><div class=\"norm_row sfsi_wDiv \"  style=\"width:225px;text-align:left;\"><div style='width:40px; height:40px;margin-left:5px;margin-bottom:5px; ' class='sfsi_wicons shuffeldiv ' ><div class='inerCnt'><a class=' sficn' data-effect='' target='_blank'  href='https:\/\/api.follow.it\/widgets\/icon\/b2dJdDRZbEpMdVlFM2xwQ2JYSm9SVklJS2pKY3c1RkZaekJaL0l0L0xmSGxRTUkzbCtQQ1pkY3VObFJwNVZaREM2YjZWbnVqNitrdEQ1S01ka2lqb3ZEcU5iOTR5NThiL1RoV2dNN0FNSEVIS0dsMDNkT1pUZnNWM1V1bU5acGh8ZlNMOFVweHJpQUd6RmxvcVAveVRFZ2NwUHhMSlkxMTMzNnpQMGM3WlhLOD0=\/OA==\/' id='sfsiid_email_icon' style='width:40px;height:40px;opacity:1;'  ><img data-pin-nopin='true' alt='Follow by Email' title='Follow by Email' src='https:\/\/www.concyl.es\/wp-content\/plugins\/ultimate-social-media-icons\/images\/icons_theme\/default\/default_email.png' width='40' height='40' style='' class='sfcm sfsi_wicon ' data-effect=''   \/><\/a><\/div><\/div><div style='width:40px; height:40px;margin-left:5px;margin-bottom:5px; ' class='sfsi_wicons shuffeldiv ' ><div class='inerCnt'><a class=' sficn' data-effect='' target='_blank'  href='' id='sfsiid_facebook_icon' style='width:40px;height:40px;opacity:1;'  ><img data-pin-nopin='true' alt='Facebook' title='Facebook' src='https:\/\/www.concyl.es\/wp-content\/plugins\/ultimate-social-media-icons\/images\/icons_theme\/default\/default_facebook.png' width='40' height='40' style='' class='sfcm sfsi_wicon ' data-effect=''   \/><\/a><div class=\"sfsi_tool_tip_2 fb_tool_bdr sfsiTlleft\" style=\"opacity:0;z-index:-1;\" id=\"sfsiid_facebook\"><span class=\"bot_arow bot_fb_arow\"><\/span><div class=\"sfsi_inside\"><div  class='icon2'><div class=\"fb-like\" width=\"200\" data-href=\"https:\/\/www.concyl.es\/index.php\/2020\/04\/21\/2059\/\"  data-send=\"false\" data-layout=\"button_count\" data-action=\"like\"><\/div><\/div><div  class='icon3'><a target='_blank' href='https:\/\/www.facebook.com\/sharer\/sharer.php?u=https%3A%2F%2Fwww.concyl.es%2Fwp-json%2Fwp%2Fv2%2Fposts%2F2059' style='display:inline-block;'  > <img class='sfsi_wicon'  data-pin-nopin='true' alt='fb-share-icon' title='Facebook Share' src='https:\/\/www.concyl.es\/wp-content\/plugins\/ultimate-social-media-icons\/images\/share_icons\/fb_icons\/en_US.svg' \/><\/a><\/div><\/div><\/div><\/div><\/div><div style='width:40px; height:40px;margin-left:5px;margin-bottom:5px; ' class='sfsi_wicons shuffeldiv ' ><div class='inerCnt'><a class=' sficn' data-effect='' target='_blank'  href='' id='sfsiid_twitter_icon' style='width:40px;height:40px;opacity:1;'  ><img data-pin-nopin='true' alt='Twitter' title='Twitter' src='https:\/\/www.concyl.es\/wp-content\/plugins\/ultimate-social-media-icons\/images\/icons_theme\/default\/default_twitter.png' width='40' height='40' style='' class='sfcm sfsi_wicon ' data-effect=''   \/><\/a><div class=\"sfsi_tool_tip_2 twt_tool_bdr sfsiTlleft\" style=\"opacity:0;z-index:-1;\" id=\"sfsiid_twitter\"><span class=\"bot_arow bot_twt_arow\"><\/span><div class=\"sfsi_inside\"><div  class='icon2'><div class='sf_twiter' style='display: inline-block;vertical-align: middle;width: auto;'>\r\n\t\t\t\t\t\t<a target='_blank' href='https:\/\/x.com\/intent\/post?text=Mira+lo+que+he+encontrado+en+www.concyl.es+https%3A%2F%2Fwww.concyl.es%2Fwp-json%2Fwp%2Fv2%2Fposts%2F2059' style='display:inline-block' >\r\n\t\t\t\t\t\t\t<img data-pin-nopin= true class='sfsi_wicon' src='https:\/\/www.concyl.es\/wp-content\/plugins\/ultimate-social-media-icons\/images\/share_icons\/Twitter_Tweet\/en_US_Tweet.svg' alt='Post on X' title='Post on X' >\r\n\t\t\t\t\t\t<\/a>\r\n\t\t\t\t\t<\/div><\/div><\/div><\/div><\/div><\/div><div style='width:40px; height:40px;margin-left:5px;margin-bottom:5px; ' class='sfsi_wicons shuffeldiv ' ><div class='inerCnt'><a class=' sficn' data-effect='' target='_blank'  href='https:\/\/api.whatsapp.com\/send?text=https%3A%2F%2Fwww.concyl.es%2Findex.php%2F2020%2F04%2F21%2F2059%2F' id='sfsiid_whatsapp_icon' style='width:40px;height:40px;opacity:1;'  ><img data-pin-nopin='true' alt='WhatsApp' title='WhatsApp' src='https:\/\/www.concyl.es\/wp-content\/plugins\/ultimate-social-media-icons\/images\/icons_theme\/default\/default_whatsapp.png' width='40' height='40' style='' class='sfcm sfsi_wicon ' data-effect=''   \/><\/a><\/div><\/div><\/div ><div id=\"sfsi_holder\" class=\"sfsi_holders\" style=\"position: relative; float: left;width:100%;z-index:-1;\"><\/div ><script>window.addEventListener(\"sfsi_functions_loaded\", function()\n\t\t\t{\n\t\t\t\tif (typeof sfsi_widget_set == \"function\") {\n\t\t\t\t\tsfsi_widget_set();\n\t\t\t\t}\n\t\t\t}); <\/script><div style=\"clear: both;\"><\/div><\/div>\n\n\n<p>\u00a0<\/p>\n<p>\u00a0<\/p>\n\n\n<h3 class=\"wp-block-heading\"><strong>\u2018Mascarilla 19\u2019: Las Farmacias de Castilla y Le\u00f3n, puntos de atenci\u00f3n a v\u00edctimas de violencia de g\u00e9nero tambi\u00e9n durante la crisis sanitaria<\/strong><\/h3>\n\n\n\n<ul class=\"wp-block-list\"><li><strong>El objetivo, ofrecer a las v\u00edctimas la posibilidad de alertar de una situaci\u00f3n de emergencia a su farmacia mediante la solicitud de \u2018Mascarilla 19\u2019<\/strong><strong><\/strong><\/li><\/ul>\n\n\n\n<ul class=\"wp-block-list\"><li><strong>Tras esta solicitud, el farmac\u00e9utico podr\u00e1 dar la voz de alarma inmediatamente e informar a las autoridades competentes para que la v\u00edctima no tenga que volver a su confinamiento con su agresor<\/strong><strong><\/strong><\/li><\/ul>\n\n\n\n<p><strong>21 de Abril de 2020.-<\/strong> Las Farmacias de Castilla y Le\u00f3n siguen activas en la atenci\u00f3n a v\u00edctimas de violencia de g\u00e9nero durante la crisis sanitaria generada por el COVID-19. Desde el a\u00f1o 2017, las farmacias de la Comunidad est\u00e1n colaborando en la detecci\u00f3n y prevenci\u00f3n de la violencia de g\u00e9nero a trav\u00e9s del plan \u2018Objetivo, Violencia Cero\u2019, informando y asesorando a las v\u00edctimas sobre los recursos de los que disponen para poder salir de esa situaci\u00f3n.<\/p>\n\n\n\n<!--more-->\n\n\n\n<p>A d\u00eda de hoy, <strong>la situaci\u00f3n de alarma sanitaria supone un reto adicional en la atenci\u00f3n a estas v\u00edctimas<\/strong> debido al confinamiento que sufren la mayor\u00eda de las familias. De ah\u00ed que <strong>el Consejo de Colegios Profesionales de Farmac\u00e9uticos de Castilla y Le\u00f3n, en colaboraci\u00f3n con la Direcci\u00f3n General de la Mujer de la Consejer\u00eda de Familia, se haya sumado a la iniciativa \u2018Contra la violencia de g\u00e9nero, Mascarilla 19\u2019.<\/strong> Se trata de un plan puesto en marcha por el Instituto Canario de Igualdad en colaboraci\u00f3n con los Colegios Oficiales de Farmac\u00e9uticos de esa Comunidad y que se est\u00e1 replicando en distintas Comunidades e incluso otros pa\u00edses europeos.<\/p>\n\n\n\n<p>Esta iniciativa, que cuenta con un cartel informativo que se est\u00e1 colocando en lugares visibles en las farmacias, tiene como objetivo <strong>ofrecer a las mujeres la posibilidad de alertar de una situaci\u00f3n de emergencia a su farmacia mediante la solicitud de una \u2018Mascarilla 19\u2019.<\/strong> Se pretende as\u00ed que el farmac\u00e9utico d\u00e9 la voz de alarma e informe a las autoridades pertinentes, de tal modo que la mujer que sufre violencia de g\u00e9nero (f\u00edsica, ps\u00edquica o sexual) no tenga que volver a su residencia con el agresor. Por tanto, ante esta petici\u00f3n, los farmac\u00e9uticos deben <strong>activar el protocolo de atenci\u00f3n a las v\u00edctimas,<\/strong> llamando al 112 o al 091 en ese mismo momento y con la v\u00edctima en la farmacia, poniendo as\u00ed en marcha los mecanismos necesarios para la protecci\u00f3n de la v\u00edctima de violencia de g\u00e9nero en esta situaci\u00f3n de urgencia.<\/p>\n\n\n\n<p><strong>El presidente del Consejo de Colegios Profesionales de Farmac\u00e9uticos de Castilla y Le\u00f3n, Carlos Trece\u00f1o,<\/strong> pone el acento en la importancia de iniciativas en materia de violencia de g\u00e9nero desde las oficinas de farmacia \u201cpor su gran capilaridad, que les permite llegar a toda la poblaci\u00f3n, as\u00ed como por la accesibilidad y confianza de los farmac\u00e9uticos, que colocan a estos establecimientos sanitarios en una situaci\u00f3n privilegiada para acometer acciones de este tipo\u201d.<\/p>\n","protected":false},"excerpt":{"rendered":"<p>\u00a0 \u00a0 \u2018Mascarilla 19\u2019: Las Farmacias de Castilla y Le\u00f3n, puntos de atenci\u00f3n a v\u00edctimas de violencia de g\u00e9nero tambi\u00e9n durante la crisis sanitaria El objetivo, ofrecer a las v\u00edctimas la posibilidad de alertar de una situaci\u00f3n de emergencia a su farmacia mediante la solicitud de \u2018Mascarilla 19\u2019 Tras esta solicitud, el farmac\u00e9utico podr\u00e1 dar [&hellip;]<\/p>\n","protected":false},"author":14,"featured_media":0,"comment_status":"closed","ping_status":"closed","sticky":false,"template":"","format":"standard","meta":{"footnotes":""},"categories":[9],"tags":[62,63,32,58,31],"class_list":["post-2059","post","type-post","status-publish","format-standard","hentry","category-comunicados","tag-62","tag-alertar","tag-genero","tag-mascarilla","tag-violencia"],"_links":{"self":[{"href":"https:\/\/www.concyl.es\/index.php\/wp-json\/wp\/v2\/posts\/2059","targetHints":{"allow":["GET"]}}],"collection":[{"href":"https:\/\/www.concyl.es\/index.php\/wp-json\/wp\/v2\/posts"}],"about":[{"href":"https:\/\/www.concyl.es\/index.php\/wp-json\/wp\/v2\/types\/post"}],"author":[{"embeddable":true,"href":"https:\/\/www.concyl.es\/index.php\/wp-json\/wp\/v2\/users\/14"}],"replies":[{"embeddable":true,"href":"https:\/\/www.concyl.es\/index.php\/wp-json\/wp\/v2\/comments?post=2059"}],"version-history":[{"count":1,"href":"https:\/\/www.concyl.es\/index.php\/wp-json\/wp\/v2\/posts\/2059\/revisions"}],"predecessor-version":[{"id":2060,"href":"https:\/\/www.concyl.es\/index.php\/wp-json\/wp\/v2\/posts\/2059\/revisions\/2060"}],"wp:attachment":[{"href":"https:\/\/www.concyl.es\/index.php\/wp-json\/wp\/v2\/media?parent=2059"}],"wp:term":[{"taxonomy":"category","embeddable":true,"href":"https:\/\/www.concyl.es\/index.php\/wp-json\/wp\/v2\/categories?post=2059"},{"taxonomy":"post_tag","embeddable":true,"href":"https:\/\/www.concyl.es\/index.php\/wp-json\/wp\/v2\/tags?post=2059"}],"curies":[{"name":"wp","href":"https:\/\/api.w.org\/{rel}","templated":true}]}}