 {"id":2056,"date":"2020-04-07T15:53:00","date_gmt":"2020-04-07T15:53:00","guid":{"rendered":"https:\/\/www.concyl.es\/?p=2056"},"modified":"2023-02-27T08:46:36","modified_gmt":"2023-02-27T08:46:36","slug":"2056","status":"publish","type":"post","link":"https:\/\/www.concyl.es\/index.php\/2020\/04\/07\/2056\/","title":{"rendered":""},"content":{"rendered":"\n<div class=\"sfsi_widget sfsi_shortcode_container\"><div class=\"norm_row sfsi_wDiv \"  style=\"width:225px;text-align:left;\"><div style='width:40px; height:40px;margin-left:5px;margin-bottom:5px; ' class='sfsi_wicons shuffeldiv ' ><div class='inerCnt'><a class=' sficn' data-effect='' target='_blank'  href='https:\/\/api.follow.it\/widgets\/icon\/b2dJdDRZbEpMdVlFM2xwQ2JYSm9SVklJS2pKY3c1RkZaekJaL0l0L0xmSGxRTUkzbCtQQ1pkY3VObFJwNVZaREM2YjZWbnVqNitrdEQ1S01ka2lqb3ZEcU5iOTR5NThiL1RoV2dNN0FNSEVIS0dsMDNkT1pUZnNWM1V1bU5acGh8ZlNMOFVweHJpQUd6RmxvcVAveVRFZ2NwUHhMSlkxMTMzNnpQMGM3WlhLOD0=\/OA==\/' id='sfsiid_email_icon' style='width:40px;height:40px;opacity:1;'  ><img data-pin-nopin='true' alt='Follow by Email' title='Follow by Email' src='https:\/\/www.concyl.es\/wp-content\/plugins\/ultimate-social-media-icons\/images\/icons_theme\/default\/default_email.png' width='40' height='40' style='' class='sfcm sfsi_wicon ' data-effect=''   \/><\/a><\/div><\/div><div style='width:40px; height:40px;margin-left:5px;margin-bottom:5px; ' class='sfsi_wicons shuffeldiv ' ><div class='inerCnt'><a class=' sficn' data-effect='' target='_blank'  href='' id='sfsiid_facebook_icon' style='width:40px;height:40px;opacity:1;'  ><img data-pin-nopin='true' alt='Facebook' title='Facebook' src='https:\/\/www.concyl.es\/wp-content\/plugins\/ultimate-social-media-icons\/images\/icons_theme\/default\/default_facebook.png' width='40' height='40' style='' class='sfcm sfsi_wicon ' data-effect=''   \/><\/a><div class=\"sfsi_tool_tip_2 fb_tool_bdr sfsiTlleft\" style=\"opacity:0;z-index:-1;\" id=\"sfsiid_facebook\"><span class=\"bot_arow bot_fb_arow\"><\/span><div class=\"sfsi_inside\"><div  class='icon2'><div class=\"fb-like\" width=\"200\" data-href=\"https:\/\/www.concyl.es\/index.php\/2020\/04\/07\/2056\/\"  data-send=\"false\" data-layout=\"button_count\" data-action=\"like\"><\/div><\/div><div  class='icon3'><a target='_blank' href='https:\/\/www.facebook.com\/sharer\/sharer.php?u=https%3A%2F%2Fwww.concyl.es%2Fwp-json%2Fwp%2Fv2%2Fposts%2F2056' style='display:inline-block;'  > <img class='sfsi_wicon'  data-pin-nopin='true' alt='fb-share-icon' title='Facebook Share' src='https:\/\/www.concyl.es\/wp-content\/plugins\/ultimate-social-media-icons\/images\/share_icons\/fb_icons\/en_US.svg' \/><\/a><\/div><\/div><\/div><\/div><\/div><div style='width:40px; height:40px;margin-left:5px;margin-bottom:5px; ' class='sfsi_wicons shuffeldiv ' ><div class='inerCnt'><a class=' sficn' data-effect='' target='_blank'  href='' id='sfsiid_twitter_icon' style='width:40px;height:40px;opacity:1;'  ><img data-pin-nopin='true' alt='Twitter' title='Twitter' src='https:\/\/www.concyl.es\/wp-content\/plugins\/ultimate-social-media-icons\/images\/icons_theme\/default\/default_twitter.png' width='40' height='40' style='' class='sfcm sfsi_wicon ' data-effect=''   \/><\/a><div class=\"sfsi_tool_tip_2 twt_tool_bdr sfsiTlleft\" style=\"opacity:0;z-index:-1;\" id=\"sfsiid_twitter\"><span class=\"bot_arow bot_twt_arow\"><\/span><div class=\"sfsi_inside\"><div  class='icon2'><div class='sf_twiter' style='display: inline-block;vertical-align: middle;width: auto;'>\r\n\t\t\t\t\t\t<a target='_blank' href='https:\/\/x.com\/intent\/post?text=Mira+lo+que+he+encontrado+en+www.concyl.es+https%3A%2F%2Fwww.concyl.es%2Fwp-json%2Fwp%2Fv2%2Fposts%2F2056' style='display:inline-block' >\r\n\t\t\t\t\t\t\t<img data-pin-nopin= true class='sfsi_wicon' src='https:\/\/www.concyl.es\/wp-content\/plugins\/ultimate-social-media-icons\/images\/share_icons\/Twitter_Tweet\/en_US_Tweet.svg' alt='Post on X' title='Post on X' >\r\n\t\t\t\t\t\t<\/a>\r\n\t\t\t\t\t<\/div><\/div><\/div><\/div><\/div><\/div><div style='width:40px; height:40px;margin-left:5px;margin-bottom:5px; ' class='sfsi_wicons shuffeldiv ' ><div class='inerCnt'><a class=' sficn' data-effect='' target='_blank'  href='https:\/\/api.whatsapp.com\/send?text=https%3A%2F%2Fwww.concyl.es%2Findex.php%2F2020%2F04%2F07%2F2056%2F' id='sfsiid_whatsapp_icon' style='width:40px;height:40px;opacity:1;'  ><img data-pin-nopin='true' alt='WhatsApp' title='WhatsApp' src='https:\/\/www.concyl.es\/wp-content\/plugins\/ultimate-social-media-icons\/images\/icons_theme\/default\/default_whatsapp.png' width='40' height='40' style='' class='sfcm sfsi_wicon ' data-effect=''   \/><\/a><\/div><\/div><\/div ><div id=\"sfsi_holder\" class=\"sfsi_holders\" style=\"position: relative; float: left;width:100%;z-index:-1;\"><\/div ><script>window.addEventListener(\"sfsi_functions_loaded\", function()\n\t\t\t{\n\t\t\t\tif (typeof sfsi_widget_set == \"function\") {\n\t\t\t\t\tsfsi_widget_set();\n\t\t\t\t}\n\t\t\t}); <\/script><div style=\"clear: both;\"><\/div><\/div>\n\n\n<p>\u00a0<\/p>\n<p>\u00a0<\/p>\n\n\n<h3 class=\"wp-block-heading\"><strong>LOS FARMAC\u00c9UTICOS DE CASTILLA Y LE\u00d3N VEN NECESARIO QUE SANIDAD CONTROLE LOS PRECIOS DE PRODUCTOS SANITARIOS Y SE RECUPEREN LOS STOCKS DE MASCARILLAS EN LA RED DE FARMACIAS PARA DAR COBERTURA A LA POBLACI\u00d3N<\/strong><\/h3>\n\n\n\n<ul class=\"wp-block-list\"><li><strong>Los Farmac\u00e9uticos de Castilla y Le\u00f3n respaldan la petici\u00f3n del Consejo General de Farmac\u00e9uticos al Gobierno para que controle sin demora los precios de material sanitario usado frente al COVID-19<\/strong><\/li><li><strong>El CONCYL recuerda la necesidad de que se pueda restablecer el stock de mascarillas y ofrece a la Consejer\u00eda de Sanidad la red de farmacias de Castilla y Le\u00f3n para hac\u00e9rselas llegar a la poblaci\u00f3n<\/strong><\/li><\/ul>\n\n\n\n<p><strong>7 de abril de 2020.-<\/strong>&nbsp;El CONCYL &#8211; Consejo de Colegios Profesionales de Farmac\u00e9uticos de Castilla y Le\u00f3n respalda la petici\u00f3n de su Consejo General, que ha recordado al Ministerio de Sanidad la necesidad de hacer uso de las facultades de las que dispone en esta situaci\u00f3n de alarma sanitaria e intervenir temporalmente los precios de determinados productos indicados en la protecci\u00f3n frente al coronavirus, tanto en origen como en los precios de su venta al p\u00fablico. El objetivo, evitar el incremento abusivo e injustificado que se ha producido en las \u00faltimas semanas con graves repercusiones para la Salud P\u00fablica.<\/p>\n\n\n\n<!--more-->\n\n\n\n<p>Tanto el Consejo auton\u00f3mico de Farmac\u00e9uticos como el Consejo General del sector recuerdan que tras el inicio de la pandemia por COVID-19 <strong>se ha producido un incremento abusivo en los precios ofertados por proveedores que normalmente no operan en el canal farmac\u00e9utico,<\/strong> de productos como geles hidroalcoh\u00f3licos, mascarillas, y guantes, principalmente.<\/p>\n\n\n\n<p>Las denuncias, que han llegado de m\u00faltiples farmacias de toda Espa\u00f1a, se han remitido a las autoridades sanitarias, ya que adem\u00e1s de generar un perjuicio para los ciudadanos por el elevado precio, provoca numerosos inconvenientes a los farmac\u00e9uticos y sucesivas quejas y falta de confianza de los usuarios en el servicio y atenci\u00f3n que reciben.&nbsp;<strong>Desde el CONCYL se valora de forma positiva que el Ministerio de Sanidad ya est\u00e9 estudiando esta medida, le recuerda la urgencia de la misma as\u00ed como la necesidad de que se pueda restablecer cuanto antes el stock de mascarillas. A este respecto, el CONCYL pone a disposici\u00f3n de la Consejer\u00eda de Sanidad la red de farmacias de Castilla y Le\u00f3n para hacer llegar estas mascarillas a toda la poblaci\u00f3n de la Comunidad. <\/strong><strong><\/strong><\/p>\n","protected":false},"excerpt":{"rendered":"<p>\u00a0 \u00a0 LOS FARMAC\u00c9UTICOS DE CASTILLA Y LE\u00d3N VEN NECESARIO QUE SANIDAD CONTROLE LOS PRECIOS DE PRODUCTOS SANITARIOS Y SE RECUPEREN LOS STOCKS DE MASCARILLAS EN LA RED DE FARMACIAS PARA DAR COBERTURA A LA POBLACI\u00d3N Los Farmac\u00e9uticos de Castilla y Le\u00f3n respaldan la petici\u00f3n del Consejo General de Farmac\u00e9uticos al Gobierno para que controle [&hellip;]<\/p>\n","protected":false},"author":14,"featured_media":0,"comment_status":"closed","ping_status":"closed","sticky":false,"template":"","format":"standard","meta":{"footnotes":""},"categories":[9],"tags":[61,49,60,58,59,57],"class_list":["post-2056","post","type-post","status-publish","format-standard","hentry","category-comunicados","tag-coronavirus","tag-covid","tag-farmacias","tag-mascarilla","tag-material","tag-stock"],"_links":{"self":[{"href":"https:\/\/www.concyl.es\/index.php\/wp-json\/wp\/v2\/posts\/2056","targetHints":{"allow":["GET"]}}],"collection":[{"href":"https:\/\/www.concyl.es\/index.php\/wp-json\/wp\/v2\/posts"}],"about":[{"href":"https:\/\/www.concyl.es\/index.php\/wp-json\/wp\/v2\/types\/post"}],"author":[{"embeddable":true,"href":"https:\/\/www.concyl.es\/index.php\/wp-json\/wp\/v2\/users\/14"}],"replies":[{"embeddable":true,"href":"https:\/\/www.concyl.es\/index.php\/wp-json\/wp\/v2\/comments?post=2056"}],"version-history":[{"count":2,"href":"https:\/\/www.concyl.es\/index.php\/wp-json\/wp\/v2\/posts\/2056\/revisions"}],"predecessor-version":[{"id":2058,"href":"https:\/\/www.concyl.es\/index.php\/wp-json\/wp\/v2\/posts\/2056\/revisions\/2058"}],"wp:attachment":[{"href":"https:\/\/www.concyl.es\/index.php\/wp-json\/wp\/v2\/media?parent=2056"}],"wp:term":[{"taxonomy":"category","embeddable":true,"href":"https:\/\/www.concyl.es\/index.php\/wp-json\/wp\/v2\/categories?post=2056"},{"taxonomy":"post_tag","embeddable":true,"href":"https:\/\/www.concyl.es\/index.php\/wp-json\/wp\/v2\/tags?post=2056"}],"curies":[{"name":"wp","href":"https:\/\/api.w.org\/{rel}","templated":true}]}}