 {"id":2047,"date":"2020-03-24T14:45:00","date_gmt":"2020-03-24T14:45:00","guid":{"rendered":"https:\/\/www.concyl.es\/?p=2047"},"modified":"2023-02-27T08:46:37","modified_gmt":"2023-02-27T08:46:37","slug":"2047","status":"publish","type":"post","link":"https:\/\/www.concyl.es\/index.php\/2020\/03\/24\/2047\/","title":{"rendered":""},"content":{"rendered":"\n<div class=\"sfsi_widget sfsi_shortcode_container\"><div class=\"norm_row sfsi_wDiv \"  style=\"width:225px;text-align:left;\"><div style='width:40px; height:40px;margin-left:5px;margin-bottom:5px; ' class='sfsi_wicons shuffeldiv ' ><div class='inerCnt'><a class=' sficn' data-effect='' target='_blank'  href='https:\/\/api.follow.it\/widgets\/icon\/b2dJdDRZbEpMdVlFM2xwQ2JYSm9SVklJS2pKY3c1RkZaekJaL0l0L0xmSGxRTUkzbCtQQ1pkY3VObFJwNVZaREM2YjZWbnVqNitrdEQ1S01ka2lqb3ZEcU5iOTR5NThiL1RoV2dNN0FNSEVIS0dsMDNkT1pUZnNWM1V1bU5acGh8ZlNMOFVweHJpQUd6RmxvcVAveVRFZ2NwUHhMSlkxMTMzNnpQMGM3WlhLOD0=\/OA==\/' id='sfsiid_email_icon' style='width:40px;height:40px;opacity:1;'  ><img data-pin-nopin='true' alt='Follow by Email' title='Follow by Email' src='https:\/\/www.concyl.es\/wp-content\/plugins\/ultimate-social-media-icons\/images\/icons_theme\/default\/default_email.png' width='40' height='40' style='' class='sfcm sfsi_wicon ' data-effect=''   \/><\/a><\/div><\/div><div style='width:40px; height:40px;margin-left:5px;margin-bottom:5px; ' class='sfsi_wicons shuffeldiv ' ><div class='inerCnt'><a class=' sficn' data-effect='' target='_blank'  href='' id='sfsiid_facebook_icon' style='width:40px;height:40px;opacity:1;'  ><img data-pin-nopin='true' alt='Facebook' title='Facebook' src='https:\/\/www.concyl.es\/wp-content\/plugins\/ultimate-social-media-icons\/images\/icons_theme\/default\/default_facebook.png' width='40' height='40' style='' class='sfcm sfsi_wicon ' data-effect=''   \/><\/a><div class=\"sfsi_tool_tip_2 fb_tool_bdr sfsiTlleft\" style=\"opacity:0;z-index:-1;\" id=\"sfsiid_facebook\"><span class=\"bot_arow bot_fb_arow\"><\/span><div class=\"sfsi_inside\"><div  class='icon2'><div class=\"fb-like\" width=\"200\" data-href=\"https:\/\/www.concyl.es\/index.php\/2020\/03\/24\/2047\/\"  data-send=\"false\" data-layout=\"button_count\" data-action=\"like\"><\/div><\/div><div  class='icon3'><a target='_blank' href='https:\/\/www.facebook.com\/sharer\/sharer.php?u=https%3A%2F%2Fwww.concyl.es%2Fwp-json%2Fwp%2Fv2%2Fposts%2F2047' style='display:inline-block;'  > <img class='sfsi_wicon'  data-pin-nopin='true' alt='fb-share-icon' title='Facebook Share' src='https:\/\/www.concyl.es\/wp-content\/plugins\/ultimate-social-media-icons\/images\/share_icons\/fb_icons\/en_US.svg' \/><\/a><\/div><\/div><\/div><\/div><\/div><div style='width:40px; height:40px;margin-left:5px;margin-bottom:5px; ' class='sfsi_wicons shuffeldiv ' ><div class='inerCnt'><a class=' sficn' data-effect='' target='_blank'  href='' id='sfsiid_twitter_icon' style='width:40px;height:40px;opacity:1;'  ><img data-pin-nopin='true' alt='Twitter' title='Twitter' src='https:\/\/www.concyl.es\/wp-content\/plugins\/ultimate-social-media-icons\/images\/icons_theme\/default\/default_twitter.png' width='40' height='40' style='' class='sfcm sfsi_wicon ' data-effect=''   \/><\/a><div class=\"sfsi_tool_tip_2 twt_tool_bdr sfsiTlleft\" style=\"opacity:0;z-index:-1;\" id=\"sfsiid_twitter\"><span class=\"bot_arow bot_twt_arow\"><\/span><div class=\"sfsi_inside\"><div  class='icon2'><div class='sf_twiter' style='display: inline-block;vertical-align: middle;width: auto;'>\r\n\t\t\t\t\t\t<a target='_blank' href='https:\/\/x.com\/intent\/post?text=Mira+lo+que+he+encontrado+en+www.concyl.es+https%3A%2F%2Fwww.concyl.es%2Fwp-json%2Fwp%2Fv2%2Fposts%2F2047' style='display:inline-block' >\r\n\t\t\t\t\t\t\t<img data-pin-nopin= true class='sfsi_wicon' src='https:\/\/www.concyl.es\/wp-content\/plugins\/ultimate-social-media-icons\/images\/share_icons\/Twitter_Tweet\/en_US_Tweet.svg' alt='Post on X' title='Post on X' >\r\n\t\t\t\t\t\t<\/a>\r\n\t\t\t\t\t<\/div><\/div><\/div><\/div><\/div><\/div><div style='width:40px; height:40px;margin-left:5px;margin-bottom:5px; ' class='sfsi_wicons shuffeldiv ' ><div class='inerCnt'><a class=' sficn' data-effect='' target='_blank'  href='https:\/\/api.whatsapp.com\/send?text=https%3A%2F%2Fwww.concyl.es%2Findex.php%2F2020%2F03%2F24%2F2047%2F' id='sfsiid_whatsapp_icon' style='width:40px;height:40px;opacity:1;'  ><img data-pin-nopin='true' alt='WhatsApp' title='WhatsApp' src='https:\/\/www.concyl.es\/wp-content\/plugins\/ultimate-social-media-icons\/images\/icons_theme\/default\/default_whatsapp.png' width='40' height='40' style='' class='sfcm sfsi_wicon ' data-effect=''   \/><\/a><\/div><\/div><\/div ><div id=\"sfsi_holder\" class=\"sfsi_holders\" style=\"position: relative; float: left;width:100%;z-index:-1;\"><\/div ><script>window.addEventListener(\"sfsi_functions_loaded\", function()\n\t\t\t{\n\t\t\t\tif (typeof sfsi_widget_set == \"function\") {\n\t\t\t\t\tsfsi_widget_set();\n\t\t\t\t}\n\t\t\t}); <\/script><div style=\"clear: both;\"><\/div><\/div>\n\n\n<p>\u00a0<\/p>\n<p>\u00a0<\/p>\n\n\n<h3 class=\"wp-block-heading\"><strong>EMERGENCIA SANITARIA DEL COVID 19<\/strong><\/h3>\n\n\n\n<p><strong>24 de Marzo de 2020.- <\/strong>En relaci\u00f3n con la comparecencia de ayer del director del Centro de Coordinaci\u00f3n de Emergencias y Alertas Sanitarias del Ministerio de Sanidad, Fernando Sim\u00f3n, en la que ha descartado p\u00fablicamente que sea necesario suministrar material de protecci\u00f3n para los m\u00e1s de 71.000 profesionales sanitarios de las farmacias, el Consejo General de Colegios Farmac\u00e9uticos, en nombre de todos los farmac\u00e9uticos espa\u00f1oles, quiere trasladar:<\/p>\n\n\n\n<!--more-->\n\n\n\n<ol class=\"wp-block-list\" type=\"1\"><li>La profunda indignaci\u00f3n de todos los farmac\u00e9uticos espa\u00f1oles y del conjunto de la Organizaci\u00f3n Farmac\u00e9utica Colegial por considerar a los 71.000 Farmac\u00e9uticos que trabajan en las 22.071 farmacias comunitarias como profesionales sanitarios no incluidos en los grupos de riesgo.<\/li><li>Somos conscientes de la evidente carencia de material que se sufre en todos los centros sanitarios asistenciales de la sanidad espa\u00f1ola y mostramos nuestro m\u00e1s firme apoyo a las reivindicaciones que se est\u00e1n haciendo desde todas las Organizaciones Colegiales sanitarias con el fin de garantizar la protecci\u00f3n de todos los profesionales sanitarios.<\/li><li>Que cada d\u00eda visitan las farmacias comunitarias de nuestro pa\u00eds 2,3 millones de personas siendo en muchas ocasiones el farmac\u00e9utico el profesional sanitario m\u00e1s cercano a la poblaci\u00f3n por lo que siempre y en especial en situaciones como la crisis de salud que estamos viviendo, los Farmac\u00e9uticos atendemos en primera l\u00ednea y diariamente a miles de ciudadanos, en muchas ocasiones enfermos.<\/li><li>Que, como consecuencia de lo anterior, ya tenemos profesionales contagiados e incluso se ha procedido ya al cierre de algunas farmacias, ante lo cual estamos procediendo a la elaboraci\u00f3n de un Registro Nacional que pondremos a disposici\u00f3n de las Autoridades Sanitarias. .<\/li><li>Que los farmac\u00e9uticos estamos y queremos estar en primera l\u00ednea de asistencia a toda la poblaci\u00f3n en esta crisis y siempre, como es nuestra vocaci\u00f3n de profesionales sanitarios y de servicio p\u00fablico, garantizando una continuidad asistencial 365 d\u00edas, 24 horas al d\u00eda.<\/li><li>Que todos los farmac\u00e9uticos espa\u00f1oles como profesionales sanitarios y nuestra Red de Farmacias Comunitarias como un nivel asistencial m\u00e1s, imprescindible en nuestro Sistema Nacional de Salud, se ponen a disposici\u00f3n de las Autoridades Sanitarias Nacionales y Auton\u00f3micas para seguir asistiendo a una poblaci\u00f3n que est\u00e1 sufriendo la mayor crisis de salud que se ha conocido y que merece que todos los profesionales sanitarios y las Administraciones trabajemos sin descanso, con la m\u00e1xima coordinaci\u00f3n.<\/li><li>Por responsabilidad y por coherencia con la consideraci\u00f3n de profesionales sanitarios, le pedimos al Ministerio de Sanidad y a las Comunidades Aut\u00f3nomas la adecuada protecci\u00f3n para nuestros profesionales, tal y como venimos pidiendo desde hace 10 d\u00edas en diferentes comunicaciones remitidas. Este material ser\u00e1 para uso exclusivo de los profesionales que trabajan en las farmacias comunitarias, adem\u00e1s de para una reserva, si se considera de ayuda,&nbsp; para personas con s\u00edntomas de COVID-19 detectadas en la farmacia, como eficaz y elemental medida de salud p\u00fablica para evitar contagios.<\/li><\/ol>\n","protected":false},"excerpt":{"rendered":"<p>\u00a0 \u00a0 EMERGENCIA SANITARIA DEL COVID 19 24 de Marzo de 2020.- En relaci\u00f3n con la comparecencia de ayer del director del Centro de Coordinaci\u00f3n de Emergencias y Alertas Sanitarias del Ministerio de Sanidad, Fernando Sim\u00f3n, en la que ha descartado p\u00fablicamente que sea necesario suministrar material de protecci\u00f3n para los m\u00e1s de 71.000 profesionales [&hellip;]<\/p>\n","protected":false},"author":14,"featured_media":0,"comment_status":"closed","ping_status":"closed","sticky":false,"template":"","format":"standard","meta":{"footnotes":""},"categories":[9],"tags":[49,51,48],"class_list":["post-2047","post","type-post","status-publish","format-standard","hentry","category-comunicados","tag-covid","tag-covid19","tag-emergencia"],"_links":{"self":[{"href":"https:\/\/www.concyl.es\/index.php\/wp-json\/wp\/v2\/posts\/2047","targetHints":{"allow":["GET"]}}],"collection":[{"href":"https:\/\/www.concyl.es\/index.php\/wp-json\/wp\/v2\/posts"}],"about":[{"href":"https:\/\/www.concyl.es\/index.php\/wp-json\/wp\/v2\/types\/post"}],"author":[{"embeddable":true,"href":"https:\/\/www.concyl.es\/index.php\/wp-json\/wp\/v2\/users\/14"}],"replies":[{"embeddable":true,"href":"https:\/\/www.concyl.es\/index.php\/wp-json\/wp\/v2\/comments?post=2047"}],"version-history":[{"count":4,"href":"https:\/\/www.concyl.es\/index.php\/wp-json\/wp\/v2\/posts\/2047\/revisions"}],"predecessor-version":[{"id":2055,"href":"https:\/\/www.concyl.es\/index.php\/wp-json\/wp\/v2\/posts\/2047\/revisions\/2055"}],"wp:attachment":[{"href":"https:\/\/www.concyl.es\/index.php\/wp-json\/wp\/v2\/media?parent=2047"}],"wp:term":[{"taxonomy":"category","embeddable":true,"href":"https:\/\/www.concyl.es\/index.php\/wp-json\/wp\/v2\/categories?post=2047"},{"taxonomy":"post_tag","embeddable":true,"href":"https:\/\/www.concyl.es\/index.php\/wp-json\/wp\/v2\/tags?post=2047"}],"curies":[{"name":"wp","href":"https:\/\/api.w.org\/{rel}","templated":true}]}}