 {"id":2036,"date":"2020-02-28T12:17:00","date_gmt":"2020-02-28T12:17:00","guid":{"rendered":"https:\/\/www.concyl.es\/?p=2036"},"modified":"2023-02-27T08:46:38","modified_gmt":"2023-02-27T08:46:38","slug":"2036","status":"publish","type":"post","link":"https:\/\/www.concyl.es\/index.php\/2020\/02\/28\/2036\/","title":{"rendered":""},"content":{"rendered":"<div class=\"sfsi_widget sfsi_shortcode_container\"><div class=\"norm_row sfsi_wDiv \"  style=\"width:225px;text-align:left;\"><div style='width:40px; height:40px;margin-left:5px;margin-bottom:5px; ' class='sfsi_wicons shuffeldiv ' ><div class='inerCnt'><a class=' sficn' data-effect='' target='_blank'  href='https:\/\/api.follow.it\/widgets\/icon\/b2dJdDRZbEpMdVlFM2xwQ2JYSm9SVklJS2pKY3c1RkZaekJaL0l0L0xmSGxRTUkzbCtQQ1pkY3VObFJwNVZaREM2YjZWbnVqNitrdEQ1S01ka2lqb3ZEcU5iOTR5NThiL1RoV2dNN0FNSEVIS0dsMDNkT1pUZnNWM1V1bU5acGh8ZlNMOFVweHJpQUd6RmxvcVAveVRFZ2NwUHhMSlkxMTMzNnpQMGM3WlhLOD0=\/OA==\/' id='sfsiid_email_icon' style='width:40px;height:40px;opacity:1;'  ><img data-pin-nopin='true' alt='Follow by Email' title='Follow by Email' src='https:\/\/www.concyl.es\/wp-content\/plugins\/ultimate-social-media-icons\/images\/icons_theme\/default\/default_email.png' width='40' height='40' style='' class='sfcm sfsi_wicon ' data-effect=''   \/><\/a><\/div><\/div><div style='width:40px; height:40px;margin-left:5px;margin-bottom:5px; ' class='sfsi_wicons shuffeldiv ' ><div class='inerCnt'><a class=' sficn' data-effect='' target='_blank'  href='' id='sfsiid_facebook_icon' style='width:40px;height:40px;opacity:1;'  ><img data-pin-nopin='true' alt='Facebook' title='Facebook' src='https:\/\/www.concyl.es\/wp-content\/plugins\/ultimate-social-media-icons\/images\/icons_theme\/default\/default_facebook.png' width='40' height='40' style='' class='sfcm sfsi_wicon ' data-effect=''   \/><\/a><div class=\"sfsi_tool_tip_2 fb_tool_bdr sfsiTlleft\" style=\"opacity:0;z-index:-1;\" id=\"sfsiid_facebook\"><span class=\"bot_arow bot_fb_arow\"><\/span><div class=\"sfsi_inside\"><div  class='icon2'><div class=\"fb-like\" width=\"200\" data-href=\"https:\/\/www.concyl.es\/index.php\/2020\/02\/28\/2036\/\"  data-send=\"false\" data-layout=\"button_count\" data-action=\"like\"><\/div><\/div><div  class='icon3'><a target='_blank' href='https:\/\/www.facebook.com\/sharer\/sharer.php?u=https%3A%2F%2Fwww.concyl.es%2Fwp-json%2Fwp%2Fv2%2Fposts%2F2036' style='display:inline-block;'  > <img class='sfsi_wicon'  data-pin-nopin='true' alt='fb-share-icon' title='Facebook Share' src='https:\/\/www.concyl.es\/wp-content\/plugins\/ultimate-social-media-icons\/images\/share_icons\/fb_icons\/en_US.svg' \/><\/a><\/div><\/div><\/div><\/div><\/div><div style='width:40px; height:40px;margin-left:5px;margin-bottom:5px; ' class='sfsi_wicons shuffeldiv ' ><div class='inerCnt'><a class=' sficn' data-effect='' target='_blank'  href='' id='sfsiid_twitter_icon' style='width:40px;height:40px;opacity:1;'  ><img data-pin-nopin='true' alt='Twitter' title='Twitter' src='https:\/\/www.concyl.es\/wp-content\/plugins\/ultimate-social-media-icons\/images\/icons_theme\/default\/default_twitter.png' width='40' height='40' style='' class='sfcm sfsi_wicon ' data-effect=''   \/><\/a><div class=\"sfsi_tool_tip_2 twt_tool_bdr sfsiTlleft\" style=\"opacity:0;z-index:-1;\" id=\"sfsiid_twitter\"><span class=\"bot_arow bot_twt_arow\"><\/span><div class=\"sfsi_inside\"><div  class='icon2'><div class='sf_twiter' style='display: inline-block;vertical-align: middle;width: auto;'>\r\n\t\t\t\t\t\t<a target='_blank' href='https:\/\/x.com\/intent\/post?text=Mira+lo+que+he+encontrado+en+www.concyl.es+https%3A%2F%2Fwww.concyl.es%2Fwp-json%2Fwp%2Fv2%2Fposts%2F2036' style='display:inline-block' >\r\n\t\t\t\t\t\t\t<img data-pin-nopin= true class='sfsi_wicon' src='https:\/\/www.concyl.es\/wp-content\/plugins\/ultimate-social-media-icons\/images\/share_icons\/Twitter_Tweet\/en_US_Tweet.svg' alt='Post on X' title='Post on X' >\r\n\t\t\t\t\t\t<\/a>\r\n\t\t\t\t\t<\/div><\/div><\/div><\/div><\/div><\/div><div style='width:40px; height:40px;margin-left:5px;margin-bottom:5px; ' class='sfsi_wicons shuffeldiv ' ><div class='inerCnt'><a class=' sficn' data-effect='' target='_blank'  href='https:\/\/api.whatsapp.com\/send?text=https%3A%2F%2Fwww.concyl.es%2Findex.php%2F2020%2F02%2F28%2F2036%2F' id='sfsiid_whatsapp_icon' style='width:40px;height:40px;opacity:1;'  ><img data-pin-nopin='true' alt='WhatsApp' title='WhatsApp' src='https:\/\/www.concyl.es\/wp-content\/plugins\/ultimate-social-media-icons\/images\/icons_theme\/default\/default_whatsapp.png' width='40' height='40' style='' class='sfcm sfsi_wicon ' data-effect=''   \/><\/a><\/div><\/div><\/div ><div id=\"sfsi_holder\" class=\"sfsi_holders\" style=\"position: relative; float: left;width:100%;z-index:-1;\"><\/div ><script>window.addEventListener(\"sfsi_functions_loaded\", function()\n\t\t\t{\n\t\t\t\tif (typeof sfsi_widget_set == \"function\") {\n\t\t\t\t\tsfsi_widget_set();\n\t\t\t\t}\n\t\t\t}); <\/script><div style=\"clear: both;\"><\/div><\/div>\n<p>\u00a0<\/p>\n<p>\u00a0<\/p>\n\n\n<h3 class=\"wp-block-heading\"><strong>IV Jornada de Farmacovigilancia \u2018Red de Farmacias Centinela de Castilla y Le\u00f3n\u2019, organizada por el CONCYL, la Consejer\u00eda de Sanidad y el Centro Regional de Farmacovigilancia<\/strong><\/h3>\n\n\n\n<h4 class=\"wp-block-heading\">Las farmacias centinela de Castilla y Le\u00f3n presentan un estudio de vigilancia para anticiparse a las epidemias de gripe y se preparan para examinar la seguridad de los f\u00e1rmacos antidiab\u00e9ticos<\/h4>\n\n\n\n<ul class=\"wp-block-list\"><li><strong>Las farmacias centinela se encargan de detectar en la Comunidad potenciales problemas con la medicaci\u00f3n<\/strong><\/li><\/ul>\n\n\n\n<ul class=\"wp-block-list\"><li><strong>Las 170 farmacias de esta red han detectado ya m\u00e1s de 1 millar de problemas vinculados con los f\u00e1rmacos: m\u00e1s de 760 errores de medicaci\u00f3n y m\u00e1s de 240 reacciones adversas desde su puesta en marcha en 2015<\/strong><\/li><\/ul>\n\n\n\n<ul class=\"wp-block-list\"><li><strong>Su labor se sigue ampliando: est\u00e1n desarrollando nuevos proyectos de investigaci\u00f3n sobre el uso de ciertos medicamentos y participan en la gesti\u00f3n de episodios de retiradas de f\u00e1rmacos<\/strong><\/li><\/ul>\n\n\n\n<p><strong>28 de febrero de 2020.-<\/strong> M\u00e1s de un centenar de farmac\u00e9uticos de la Comunidad se dan cita hoy en Le\u00f3n en la IV Jornada de Farmacovigilancia de la Red de Farmacias Centinela de Castilla y Le\u00f3n, un punto de encuentro y debate en el que las farmacias de la Comunidad hacenbalance de su labor y ponen sobre la mesa nuevos proyectos y retos futuros.<\/p>\n\n\n\n<!--more-->\n\n\n\n<p>La cita est\u00e1 organizada por el CONCYL-Consejo de Colegios Profesionales de Farmac\u00e9uticos de Castilla y Le\u00f3n, la Consejer\u00eda de Sanidad y el Centro Regional de Farmacovigilancia de Castilla y Le\u00f3n y pone el acento en la importancia de la oficina de farmacia en las labores de Farmacovigilancia.<\/p>\n\n\n\n<p>En total son 170 las farmacias de la Comunidad que realizan esa labor de <strong>guardianas de la seguridad y el correcto uso de los f\u00e1rmacos<\/strong>. Distribuidas de forma estrat\u00e9gica en todo el territorio de Castilla y Le\u00f3n (teniendo en cuenta, entre otros par\u00e1metros, criterios poblacionales), las Centinela acumulan ya el registro de cientos de episodios en los que los f\u00e1rmacos han derivado en problemas de distinta \u00edndole.<\/p>\n\n\n\n<p><strong>Desde la puesta en marcha de la Red, <\/strong>en septiembre de 2015,<strong> se han registrado m\u00e1s de 1 millar de problemas relacionados con f\u00e1rmacos. Concretamente, 249&nbsp; reacciones adversas y 764 errores de medicaci\u00f3n en Castilla y Le\u00f3n.<\/strong><\/p>\n\n\n\n<p>Las anomal\u00edas que se detectan tienen un impacto directo en la poblaci\u00f3n. Concretamente, <strong>las reacciones adversas implican que un paciente ha tenido una consecuencia cl\u00ednica por el uso de un medicamento.<\/strong><\/p>\n\n\n\n<p>El objetivo de esta notificaci\u00f3n por parte del farmac\u00e9utico es que el Centro de Farmacovigilancia de Castilla y Le\u00f3n pueda establecer una se\u00f1al que permita a\u00f1adir si fuera necesario dicho episodio a la ficha t\u00e9cnica del medicamento. <strong>En el caso de los errores de medicaci\u00f3n, engloban distintos episodios: desde interacciones con otros f\u00e1rmacos, a mal uso del medicamento por parte del paciente, o f\u00e1rmacos que generan confusi\u00f3n con otros por sus similitudes fon\u00e9ticas.<\/strong><\/p>\n\n\n\n<p>Durante su intervenci\u00f3n en el acto inaugural, <strong>el presidente del CONCYL, Carlos Trece\u00f1o, <\/strong>ha hecho hincapi\u00e9 en que la participaci\u00f3n de las farmacias de esta Red en la identificaci\u00f3n, evaluaci\u00f3n y prevenci\u00f3n de riesgos asociados a los medicamentos \u201cmultiplica las notificaciones al sistema de farmacovigilancia y es <strong>una herramienta clave para la Salud P\u00fablica de Castilla y Le\u00f3n y para la seguridad de los pacientes<\/strong>\u201d. Al mismo tiempo, Trece\u00f1o record\u00f3 que la Red de Farmacias Centinela de Castilla y Le\u00f3n es a d\u00eda de hoy \u201c<strong>un referente a nivel nacional<\/strong> por la excelente labor que est\u00e1 realizando y por su car\u00e1cter innovador\u201d.<\/p>\n\n\n\n<p>Por su parte, <strong>la secretaria general del Consejo General de Colegios Oficiales de Farmac\u00e9uticos de Espa\u00f1a, Raquel Mart\u00ednez,<\/strong> se\u00f1al\u00f3 que \u201ca los farmac\u00e9uticos lo que nos hace fuertes es nuestro potencial asistencial, social y digital, desde una visi\u00f3n global, aunando el trabajo de las 22.000 farmacias y de los 52.000 farmac\u00e9uticos comunitarios. Ejemplos como el de la Red de Farmacias Centinela de Castilla y Le\u00f3n demuestran que somos un elemento esencial y estrat\u00e9gico en la mejora de la Salud P\u00fablica y que es necesario seguir avanzando en esta l\u00ednea, y que las administraciones sanitarias sigan apostando de forma decidida por la Farmacia\u201d.<\/p>\n\n\n\n<p><strong>El presidente del Colegio Oficial de Farmac\u00e9uticos de Le\u00f3n, Javier Herrad\u00f3n,<\/strong> agradeci\u00f3 por su parte el \u00e9xito de la convocatoria, con profesionales de la oficina de farmacia llegados de toda la Comunidad, y puso el acento en la trascendencia de la cita \u201cal abordar un asunto tan relevante como es la Farmacovigilancia, tan \u00edntimamente vinculado a la Salud P\u00fablica\u201d.<\/p>\n\n\n\n<p><strong>El debate, <\/strong>que tendr\u00e1 lugar a lo largo de toda la jornada,<strong> se desarrollar\u00e1 en torno a 3 mesas redondas,<\/strong> en las que se abordar\u00e1n asuntos como la coordinaci\u00f3n entre las distintas redes, nuevos proyectos de las farmacias centinela de Castilla y Le\u00f3n y estudios emprendidos en otras Comunidades. Es el caso del desarrollado en la Comunidad de Madrid, con un grupo multidisciplinar de profesionales sanitarios que est\u00e1n trabajando en la detecci\u00f3n y registro de casos de lesiones cut\u00e1neas graves.<\/p>\n\n\n\n<p><strong>Nuevos proyectos en Castilla y Le\u00f3n: gripe y antidiab\u00e9ticos<\/strong><\/p>\n\n\n\n<p>De hecho, la labor de las Farmacias Centinela sigue ampli\u00e1ndose y va m\u00e1s all\u00e1 de la notificaci\u00f3n de problemas vinculados con la medicaci\u00f3n. Concretamente, <strong>se est\u00e1n desarrollando estudios espec\u00edficos que aportan informaci\u00f3n relevante<\/strong> sobre el uso de ciertos medicamentos, as\u00ed como proyectos que permitir\u00e1n a las farmacias ofrecer a Sanidad datos muy importantes para anticiparse a epidemias. En la Jornada de hoy se dar\u00e1 a conocer, por ejemplo, <strong>el \u00faltimo trabajo de las farmacias centinela de Castilla y Le\u00f3n: <\/strong>se ha llevado a cabo un estudio sobre el consumo de medicamentos antigripales dispensados en las oficinas de farmacia sin prescripci\u00f3n m\u00e9dica. La tasa de consumo de estos f\u00e1rmacos y <strong>su evoluci\u00f3n permitir\u00e1 anticiparse a las epidemias de gripe.<\/strong><\/p>\n\n\n\n<p>Tambi\u00e9n se presentar\u00e1 <strong>el nuevo estudio de investigaci\u00f3n<\/strong> que las Centinela emprender\u00e1n en la Comunidad. Este nuevo proyecto, previsto para este 2020<strong>, pondr\u00e1 el foco en los f\u00e1rmacos que toma la poblaci\u00f3n con diabetes. <\/strong>Concretamente, tiene como objetivo analizar posibles problemas relacionados con el uso de los antidiab\u00e9ticos orales de nueva comercializaci\u00f3n. El uso de estos medicamentos se ha incrementado en los \u00faltimos a\u00f1os, lo que unido a que son f\u00e1rmacos de reciente introducci\u00f3n en el mercado hace que sea importante evaluar su seguridad cuando el paciente emplea estos medicamentos de manera ambulatoria.&nbsp;<\/p>\n\n\n\n<p><strong>En el acto inaugural de la Jornada han estado presentes<\/strong> la jefa de servicio de Ordenaci\u00f3n Sanitaria, Carmen Est\u00e9banez, la secretaria general del Consejo General de Colegios Oficiales de Farmac\u00e9uticos, Raquel Mart\u00ednez, el presidente del CONCYL-Consejo de Colegios Profesionales de Farmac\u00e9uticos de Castilla y Le\u00f3n, Carlos Trece\u00f1o, el presidente del Colegio Oficial de Farmac\u00e9uticos de la ciudad anfitriona, Javier Herrad\u00f3n, y el director general del Centro de Farmacovigilancia de Castilla y Le\u00f3n, Luis Mart\u00edn Arias.<\/p>\n\n\n\n<div class=\"wp-block-image\"><figure class=\"aligncenter size-large\"><img loading=\"lazy\" decoding=\"async\" width=\"556\" height=\"396\" src=\"https:\/\/www.concyl.es\/wp-content\/uploads\/2021\/05\/imagen.png\" alt=\"\" class=\"wp-image-2037\" srcset=\"https:\/\/www.concyl.es\/wp-content\/uploads\/2021\/05\/imagen.png 556w, https:\/\/www.concyl.es\/wp-content\/uploads\/2021\/05\/imagen-300x214.png 300w\" sizes=\"auto, (max-width: 556px) 100vw, 556px\" \/><\/figure><\/div>\n","protected":false},"excerpt":{"rendered":"<p>\u00a0 \u00a0 IV Jornada de Farmacovigilancia \u2018Red de Farmacias Centinela de Castilla y Le\u00f3n\u2019, organizada por el CONCYL, la Consejer\u00eda de Sanidad y el Centro Regional de Farmacovigilancia Las farmacias centinela de Castilla y Le\u00f3n presentan un estudio de vigilancia para anticiparse a las epidemias de gripe y se preparan para examinar la seguridad de [&hellip;]<\/p>\n","protected":false},"author":14,"featured_media":0,"comment_status":"closed","ping_status":"closed","sticky":false,"template":"","format":"standard","meta":{"footnotes":""},"categories":[9],"tags":[42,40,38,41,37,39],"class_list":["post-2036","post","type-post","status-publish","format-standard","hentry","category-comunicados","tag-antidiabeticos","tag-centinela","tag-farmacovigilancia","tag-gripe","tag-jornada","tag-red"],"_links":{"self":[{"href":"https:\/\/www.concyl.es\/index.php\/wp-json\/wp\/v2\/posts\/2036","targetHints":{"allow":["GET"]}}],"collection":[{"href":"https:\/\/www.concyl.es\/index.php\/wp-json\/wp\/v2\/posts"}],"about":[{"href":"https:\/\/www.concyl.es\/index.php\/wp-json\/wp\/v2\/types\/post"}],"author":[{"embeddable":true,"href":"https:\/\/www.concyl.es\/index.php\/wp-json\/wp\/v2\/users\/14"}],"replies":[{"embeddable":true,"href":"https:\/\/www.concyl.es\/index.php\/wp-json\/wp\/v2\/comments?post=2036"}],"version-history":[{"count":2,"href":"https:\/\/www.concyl.es\/index.php\/wp-json\/wp\/v2\/posts\/2036\/revisions"}],"predecessor-version":[{"id":2040,"href":"https:\/\/www.concyl.es\/index.php\/wp-json\/wp\/v2\/posts\/2036\/revisions\/2040"}],"wp:attachment":[{"href":"https:\/\/www.concyl.es\/index.php\/wp-json\/wp\/v2\/media?parent=2036"}],"wp:term":[{"taxonomy":"category","embeddable":true,"href":"https:\/\/www.concyl.es\/index.php\/wp-json\/wp\/v2\/categories?post=2036"},{"taxonomy":"post_tag","embeddable":true,"href":"https:\/\/www.concyl.es\/index.php\/wp-json\/wp\/v2\/tags?post=2036"}],"curies":[{"name":"wp","href":"https:\/\/api.w.org\/{rel}","templated":true}]}}