 {"id":2017,"date":"2020-02-26T12:05:00","date_gmt":"2020-02-26T12:05:00","guid":{"rendered":"https:\/\/www.concyl.es\/?p=2017"},"modified":"2023-02-27T08:46:38","modified_gmt":"2023-02-27T08:46:38","slug":"2017","status":"publish","type":"post","link":"https:\/\/www.concyl.es\/index.php\/2020\/02\/26\/2017\/","title":{"rendered":""},"content":{"rendered":"<div class=\"sfsi_widget sfsi_shortcode_container\"><div class=\"norm_row sfsi_wDiv \"  style=\"width:225px;text-align:left;\"><div style='width:40px; height:40px;margin-left:5px;margin-bottom:5px; ' class='sfsi_wicons shuffeldiv ' ><div class='inerCnt'><a class=' sficn' data-effect='' target='_blank'  href='https:\/\/api.follow.it\/widgets\/icon\/b2dJdDRZbEpMdVlFM2xwQ2JYSm9SVklJS2pKY3c1RkZaekJaL0l0L0xmSGxRTUkzbCtQQ1pkY3VObFJwNVZaREM2YjZWbnVqNitrdEQ1S01ka2lqb3ZEcU5iOTR5NThiL1RoV2dNN0FNSEVIS0dsMDNkT1pUZnNWM1V1bU5acGh8ZlNMOFVweHJpQUd6RmxvcVAveVRFZ2NwUHhMSlkxMTMzNnpQMGM3WlhLOD0=\/OA==\/' id='sfsiid_email_icon' style='width:40px;height:40px;opacity:1;'  ><img data-pin-nopin='true' alt='Follow by Email' title='Follow by Email' src='https:\/\/www.concyl.es\/wp-content\/plugins\/ultimate-social-media-icons\/images\/icons_theme\/default\/default_email.png' width='40' height='40' style='' class='sfcm sfsi_wicon ' data-effect=''   \/><\/a><\/div><\/div><div style='width:40px; height:40px;margin-left:5px;margin-bottom:5px; ' class='sfsi_wicons shuffeldiv ' ><div class='inerCnt'><a class=' sficn' data-effect='' target='_blank'  href='' id='sfsiid_facebook_icon' style='width:40px;height:40px;opacity:1;'  ><img data-pin-nopin='true' alt='Facebook' title='Facebook' src='https:\/\/www.concyl.es\/wp-content\/plugins\/ultimate-social-media-icons\/images\/icons_theme\/default\/default_facebook.png' width='40' height='40' style='' class='sfcm sfsi_wicon ' data-effect=''   \/><\/a><div class=\"sfsi_tool_tip_2 fb_tool_bdr sfsiTlleft\" style=\"opacity:0;z-index:-1;\" id=\"sfsiid_facebook\"><span class=\"bot_arow bot_fb_arow\"><\/span><div class=\"sfsi_inside\"><div  class='icon2'><div class=\"fb-like\" width=\"200\" data-href=\"https:\/\/www.concyl.es\/index.php\/2020\/02\/26\/2017\/\"  data-send=\"false\" data-layout=\"button_count\" data-action=\"like\"><\/div><\/div><div  class='icon3'><a target='_blank' href='https:\/\/www.facebook.com\/sharer\/sharer.php?u=https%3A%2F%2Fwww.concyl.es%2Fwp-json%2Fwp%2Fv2%2Fposts%2F2017' style='display:inline-block;'  > <img class='sfsi_wicon'  data-pin-nopin='true' alt='fb-share-icon' title='Facebook Share' src='https:\/\/www.concyl.es\/wp-content\/plugins\/ultimate-social-media-icons\/images\/share_icons\/fb_icons\/en_US.svg' \/><\/a><\/div><\/div><\/div><\/div><\/div><div style='width:40px; height:40px;margin-left:5px;margin-bottom:5px; ' class='sfsi_wicons shuffeldiv ' ><div class='inerCnt'><a class=' sficn' data-effect='' target='_blank'  href='' id='sfsiid_twitter_icon' style='width:40px;height:40px;opacity:1;'  ><img data-pin-nopin='true' alt='Twitter' title='Twitter' src='https:\/\/www.concyl.es\/wp-content\/plugins\/ultimate-social-media-icons\/images\/icons_theme\/default\/default_twitter.png' width='40' height='40' style='' class='sfcm sfsi_wicon ' data-effect=''   \/><\/a><div class=\"sfsi_tool_tip_2 twt_tool_bdr sfsiTlleft\" style=\"opacity:0;z-index:-1;\" id=\"sfsiid_twitter\"><span class=\"bot_arow bot_twt_arow\"><\/span><div class=\"sfsi_inside\"><div  class='icon2'><div class='sf_twiter' style='display: inline-block;vertical-align: middle;width: auto;'>\r\n\t\t\t\t\t\t<a target='_blank' href='https:\/\/x.com\/intent\/post?text=Mira+lo+que+he+encontrado+en+www.concyl.es+https%3A%2F%2Fwww.concyl.es%2Fwp-json%2Fwp%2Fv2%2Fposts%2F2017' style='display:inline-block' >\r\n\t\t\t\t\t\t\t<img data-pin-nopin= true class='sfsi_wicon' src='https:\/\/www.concyl.es\/wp-content\/plugins\/ultimate-social-media-icons\/images\/share_icons\/Twitter_Tweet\/en_US_Tweet.svg' alt='Post on X' title='Post on X' >\r\n\t\t\t\t\t\t<\/a>\r\n\t\t\t\t\t<\/div><\/div><\/div><\/div><\/div><\/div><div style='width:40px; height:40px;margin-left:5px;margin-bottom:5px; ' class='sfsi_wicons shuffeldiv ' ><div class='inerCnt'><a class=' sficn' data-effect='' target='_blank'  href='https:\/\/api.whatsapp.com\/send?text=https%3A%2F%2Fwww.concyl.es%2Findex.php%2F2020%2F02%2F26%2F2017%2F' id='sfsiid_whatsapp_icon' style='width:40px;height:40px;opacity:1;'  ><img data-pin-nopin='true' alt='WhatsApp' title='WhatsApp' src='https:\/\/www.concyl.es\/wp-content\/plugins\/ultimate-social-media-icons\/images\/icons_theme\/default\/default_whatsapp.png' width='40' height='40' style='' class='sfcm sfsi_wicon ' data-effect=''   \/><\/a><\/div><\/div><\/div ><div id=\"sfsi_holder\" class=\"sfsi_holders\" style=\"position: relative; float: left;width:100%;z-index:-1;\"><\/div ><script>window.addEventListener(\"sfsi_functions_loaded\", function()\n\t\t\t{\n\t\t\t\tif (typeof sfsi_widget_set == \"function\") {\n\t\t\t\t\tsfsi_widget_set();\n\t\t\t\t}\n\t\t\t}); <\/script><div style=\"clear: both;\"><\/div><\/div>\n<p>\u00a0<\/p>\n<p>\u00a0<\/p>\n\n\n<h3 class=\"wp-block-heading\"><strong>IV Jornada de Farmacovigilancia \u2018Red de Farmacias Centinela de Castilla y Le\u00f3n\u2019, organizada por el CONCYL, la Consejer\u00eda de Sanidad y el Centro Regional de Farmacovigilancia<\/strong><\/h3>\n\n\n\n<h4 class=\"wp-block-heading\">La Farmacia de Castilla y Le\u00f3n se re\u00fane este viernes en Le\u00f3n para analizar las novedades en el uso seguro de los f\u00e1rmacos<\/h4>\n\n\n\n<ul class=\"wp-block-list\"><li><strong>Las Farmacias Centinela de Castilla y Le\u00f3n, que registran todo tipo de problemas vinculados a los f\u00e1rmacos (errores de medicaci\u00f3n y reacciones adversas), ser\u00e1n protagonistas de la Jornada<\/strong><\/li><\/ul>\n\n\n\n<ul class=\"wp-block-list\"><li><strong>En la actualidad hay una Red de 170 Farmacias Centinela distribuidas por toda la Comunidad<\/strong><\/li><\/ul>\n\n\n\n<p><strong>26 de Febrero de 2020.-<\/strong> <strong>Los farmac\u00e9uticos de Castilla y Le\u00f3n <\/strong>se dar\u00e1n cita este pr\u00f3ximo viernes d\u00eda 28 de Febrero <strong>en Le\u00f3n<\/strong> para celebrar la IV Jornada de Farmacovigilancia \u2018Red de Farmacias Centinela de Castilla y Le\u00f3n\u2019, un encuentro organizado por el CONCYL-Consejo de Colegios Profesionales de Farmac\u00e9uticos de Castilla y Le\u00f3n, la Consejer\u00eda de Sanidad y el Centro Regional de Farmacovigilancia de Castilla y Le\u00f3n.<\/p>\n\n\n\n<!--more-->\n\n\n\n<p>En este encuentro se pondr\u00e1n sobre la mesa todas las novedades vinculadas al uso seguro de los medicamentos, se har\u00e1 balance de la actividad de la Red de Farmacias Centinela y se abordar\u00e1n nuevos proyectos liderados por dichas farmacias.&nbsp;<\/p>\n\n\n\n<p>Esta Red naci\u00f3 en 2015 con el objetivo de \u2018<strong>blindar\u2019 la seguridad de los f\u00e1rmacos<\/strong> a trav\u00e9s de la detecci\u00f3n y registro de todo tipo de problemas vinculados a la medicaci\u00f3n, como reacciones adversas y errores de medicaci\u00f3n.<\/p>\n\n\n\n<p>Las anomal\u00edas que se detectan tienen un impacto directo en la poblaci\u00f3n. Concretamente, las <strong>reacciones adversas<\/strong> implican que un paciente ha tenido una consecuencia cl\u00ednica por el uso de un medicamento. En el caso de <strong>los errores de medicaci\u00f3n,<\/strong> engloban distintos episodios: desde interacciones con otros f\u00e1rmacos, a mal uso del medicamento por parte del paciente o f\u00e1rmacos que generan confusi\u00f3n con otros por sus similitudes fon\u00e9ticas. La entrada en funcionamiento de la Red ha reforzado la seguridad de los pacientes frente al medicamento. Las Jornadas tendr\u00e1n lugar en el sal\u00f3n de actos de la delegaci\u00f3n territorial de la Junta en Le\u00f3n y <strong>en su inauguraci\u00f3n estar\u00e1n presentes representantes de la Consejer\u00eda de Sanidad, del Consejo General de Colegios de Farmac\u00e9uticos de Espa\u00f1a, del CONCYL-Consejo de Colegios Profesionales de Farmac\u00e9uticos de Castilla y Le\u00f3n, del Centro Regional de Farmacovigilancia y del Colegio Oficial de Farmac\u00e9uticos de Le\u00f3n.<\/strong><\/p>\n","protected":false},"excerpt":{"rendered":"<p>\u00a0 \u00a0 IV Jornada de Farmacovigilancia \u2018Red de Farmacias Centinela de Castilla y Le\u00f3n\u2019, organizada por el CONCYL, la Consejer\u00eda de Sanidad y el Centro Regional de Farmacovigilancia La Farmacia de Castilla y Le\u00f3n se re\u00fane este viernes en Le\u00f3n para analizar las novedades en el uso seguro de los f\u00e1rmacos Las Farmacias Centinela de [&hellip;]<\/p>\n","protected":false},"author":14,"featured_media":0,"comment_status":"closed","ping_status":"closed","sticky":false,"template":"","format":"standard","meta":{"footnotes":""},"categories":[9],"tags":[40,38,37,39],"class_list":["post-2017","post","type-post","status-publish","format-standard","hentry","category-comunicados","tag-centinela","tag-farmacovigilancia","tag-jornada","tag-red"],"_links":{"self":[{"href":"https:\/\/www.concyl.es\/index.php\/wp-json\/wp\/v2\/posts\/2017","targetHints":{"allow":["GET"]}}],"collection":[{"href":"https:\/\/www.concyl.es\/index.php\/wp-json\/wp\/v2\/posts"}],"about":[{"href":"https:\/\/www.concyl.es\/index.php\/wp-json\/wp\/v2\/types\/post"}],"author":[{"embeddable":true,"href":"https:\/\/www.concyl.es\/index.php\/wp-json\/wp\/v2\/users\/14"}],"replies":[{"embeddable":true,"href":"https:\/\/www.concyl.es\/index.php\/wp-json\/wp\/v2\/comments?post=2017"}],"version-history":[{"count":8,"href":"https:\/\/www.concyl.es\/index.php\/wp-json\/wp\/v2\/posts\/2017\/revisions"}],"predecessor-version":[{"id":2033,"href":"https:\/\/www.concyl.es\/index.php\/wp-json\/wp\/v2\/posts\/2017\/revisions\/2033"}],"wp:attachment":[{"href":"https:\/\/www.concyl.es\/index.php\/wp-json\/wp\/v2\/media?parent=2017"}],"wp:term":[{"taxonomy":"category","embeddable":true,"href":"https:\/\/www.concyl.es\/index.php\/wp-json\/wp\/v2\/categories?post=2017"},{"taxonomy":"post_tag","embeddable":true,"href":"https:\/\/www.concyl.es\/index.php\/wp-json\/wp\/v2\/tags?post=2017"}],"curies":[{"name":"wp","href":"https:\/\/api.w.org\/{rel}","templated":true}]}}