 {"id":2012,"date":"2020-02-03T12:00:00","date_gmt":"2020-02-03T12:00:00","guid":{"rendered":"https:\/\/www.concyl.es\/?p=2012"},"modified":"2023-02-27T08:46:38","modified_gmt":"2023-02-27T08:46:38","slug":"2012","status":"publish","type":"post","link":"https:\/\/www.concyl.es\/index.php\/2020\/02\/03\/2012\/","title":{"rendered":""},"content":{"rendered":"\n<div class=\"sfsi_widget sfsi_shortcode_container\"><div class=\"norm_row sfsi_wDiv \"  style=\"width:225px;text-align:left;\"><div style='width:40px; height:40px;margin-left:5px;margin-bottom:5px; ' class='sfsi_wicons shuffeldiv ' ><div class='inerCnt'><a class=' sficn' data-effect='' target='_blank'  href='https:\/\/api.follow.it\/widgets\/icon\/b2dJdDRZbEpMdVlFM2xwQ2JYSm9SVklJS2pKY3c1RkZaekJaL0l0L0xmSGxRTUkzbCtQQ1pkY3VObFJwNVZaREM2YjZWbnVqNitrdEQ1S01ka2lqb3ZEcU5iOTR5NThiL1RoV2dNN0FNSEVIS0dsMDNkT1pUZnNWM1V1bU5acGh8ZlNMOFVweHJpQUd6RmxvcVAveVRFZ2NwUHhMSlkxMTMzNnpQMGM3WlhLOD0=\/OA==\/' id='sfsiid_email_icon' style='width:40px;height:40px;opacity:1;'  ><img data-pin-nopin='true' alt='Follow by Email' title='Follow by Email' src='https:\/\/www.concyl.es\/wp-content\/plugins\/ultimate-social-media-icons\/images\/icons_theme\/default\/default_email.png' width='40' height='40' style='' class='sfcm sfsi_wicon ' data-effect=''   \/><\/a><\/div><\/div><div style='width:40px; height:40px;margin-left:5px;margin-bottom:5px; ' class='sfsi_wicons shuffeldiv ' ><div class='inerCnt'><a class=' sficn' data-effect='' target='_blank'  href='' id='sfsiid_facebook_icon' style='width:40px;height:40px;opacity:1;'  ><img data-pin-nopin='true' alt='Facebook' title='Facebook' src='https:\/\/www.concyl.es\/wp-content\/plugins\/ultimate-social-media-icons\/images\/icons_theme\/default\/default_facebook.png' width='40' height='40' style='' class='sfcm sfsi_wicon ' data-effect=''   \/><\/a><div class=\"sfsi_tool_tip_2 fb_tool_bdr sfsiTlleft\" style=\"opacity:0;z-index:-1;\" id=\"sfsiid_facebook\"><span class=\"bot_arow bot_fb_arow\"><\/span><div class=\"sfsi_inside\"><div  class='icon2'><div class=\"fb-like\" width=\"200\" data-href=\"https:\/\/www.concyl.es\/index.php\/2020\/02\/03\/2012\/\"  data-send=\"false\" data-layout=\"button_count\" data-action=\"like\"><\/div><\/div><div  class='icon3'><a target='_blank' href='https:\/\/www.facebook.com\/sharer\/sharer.php?u=https%3A%2F%2Fwww.concyl.es%2Fwp-json%2Fwp%2Fv2%2Fposts%2F2012' style='display:inline-block;'  > <img class='sfsi_wicon'  data-pin-nopin='true' alt='fb-share-icon' title='Facebook Share' src='https:\/\/www.concyl.es\/wp-content\/plugins\/ultimate-social-media-icons\/images\/share_icons\/fb_icons\/en_US.svg' \/><\/a><\/div><\/div><\/div><\/div><\/div><div style='width:40px; height:40px;margin-left:5px;margin-bottom:5px; ' class='sfsi_wicons shuffeldiv ' ><div class='inerCnt'><a class=' sficn' data-effect='' target='_blank'  href='' id='sfsiid_twitter_icon' style='width:40px;height:40px;opacity:1;'  ><img data-pin-nopin='true' alt='Twitter' title='Twitter' src='https:\/\/www.concyl.es\/wp-content\/plugins\/ultimate-social-media-icons\/images\/icons_theme\/default\/default_twitter.png' width='40' height='40' style='' class='sfcm sfsi_wicon ' data-effect=''   \/><\/a><div class=\"sfsi_tool_tip_2 twt_tool_bdr sfsiTlleft\" style=\"opacity:0;z-index:-1;\" id=\"sfsiid_twitter\"><span class=\"bot_arow bot_twt_arow\"><\/span><div class=\"sfsi_inside\"><div  class='icon2'><div class='sf_twiter' style='display: inline-block;vertical-align: middle;width: auto;'>\r\n\t\t\t\t\t\t<a target='_blank' href='https:\/\/x.com\/intent\/post?text=Mira+lo+que+he+encontrado+en+www.concyl.es+https%3A%2F%2Fwww.concyl.es%2Fwp-json%2Fwp%2Fv2%2Fposts%2F2012' style='display:inline-block' >\r\n\t\t\t\t\t\t\t<img data-pin-nopin= true class='sfsi_wicon' src='https:\/\/www.concyl.es\/wp-content\/plugins\/ultimate-social-media-icons\/images\/share_icons\/Twitter_Tweet\/en_US_Tweet.svg' alt='Post on X' title='Post on X' >\r\n\t\t\t\t\t\t<\/a>\r\n\t\t\t\t\t<\/div><\/div><\/div><\/div><\/div><\/div><div style='width:40px; height:40px;margin-left:5px;margin-bottom:5px; ' class='sfsi_wicons shuffeldiv ' ><div class='inerCnt'><a class=' sficn' data-effect='' target='_blank'  href='https:\/\/api.whatsapp.com\/send?text=https%3A%2F%2Fwww.concyl.es%2Findex.php%2F2020%2F02%2F03%2F2012%2F' id='sfsiid_whatsapp_icon' style='width:40px;height:40px;opacity:1;'  ><img data-pin-nopin='true' alt='WhatsApp' title='WhatsApp' src='https:\/\/www.concyl.es\/wp-content\/plugins\/ultimate-social-media-icons\/images\/icons_theme\/default\/default_whatsapp.png' width='40' height='40' style='' class='sfcm sfsi_wicon ' data-effect=''   \/><\/a><\/div><\/div><\/div ><div id=\"sfsi_holder\" class=\"sfsi_holders\" style=\"position: relative; float: left;width:100%;z-index:-1;\"><\/div ><script>window.addEventListener(\"sfsi_functions_loaded\", function()\n\t\t\t{\n\t\t\t\tif (typeof sfsi_widget_set == \"function\") {\n\t\t\t\t\tsfsi_widget_set();\n\t\t\t\t}\n\t\t\t}); <\/script><div style=\"clear: both;\"><\/div><\/div>\n\n\n<p>\u00a0<\/p>\n<p>\u00a0<\/p>\n\n\n\n\n<h3 class=\"wp-block-heading\"><strong>Farmac\u00e9uticos y Universidad se unen en Castilla y Le\u00f3n para acercar el ejercicio profesional farmac\u00e9utico a los alumnos de Farmacia<\/strong><\/h3>\n\n\n\n<ul class=\"wp-block-list\"><li><strong>Los futuros profesionales han conocido, entre otros asuntos, c\u00f3mo se vigila la seguridad de los f\u00e1rmacos y qu\u00e9 hay detr\u00e1s de la e-receta<\/strong><\/li><\/ul>\n\n\n\n<p><strong>3 de Febrero de 2020.-<\/strong> \u00bfC\u00f3mo funciona todo el engranaje de la e-receta?, \u00bfqu\u00e9 nuevas posibilidades profesionales le proporciona al farmac\u00e9utico?, \u00bfqu\u00e9 datos debe recoger una farmacia centinela?, \u00bfc\u00f3mo notifica un posible efecto adverso de un f\u00e1rmaco? Son algunas de las dudas que los alumnos de Farmacia de Castilla y Le\u00f3n han visto resueltas en los \u00faltimos d\u00edas con la celebraci\u00f3n de unas jornadas de formaci\u00f3n pr\u00e1ctica que tienen como objetivo acercar a los alumnos a la realidad profesional y asistencial que les espera fuera de las aulas.<\/p>\n\n\n\n<!--more-->\n\n\n\n<p>Estas Jornadas las han disfrutado los alumnos de \u00faltimo curso de la Facultad de Farmacia de la Universidad de Salamanca (\u00fanica en Castilla y Le\u00f3n) antes de realizar los 6 meses de pr\u00e1cticas tuteladas en Farmacias o servicios de Farmacia Hospitalaria. Se han realizado de la mano de los profesores asociados de la asignatura, t\u00e9cnicos del CONCYL-Consejo de Colegios Profesionales de Farmac\u00e9uticos de Castilla y Le\u00f3n y de la Consejer\u00eda de Sanidad. Todo con la vista puesta en que conozcan con detalle distintas actividades que realizan los farmac\u00e9uticos en su trabajo diario.<\/p>\n\n\n\n<p>As\u00ed, los alumnos han podido conocer, por ejemplo, todos los \u2018secretos\u2019 de la receta electr\u00f3nica de la mano de los 2 responsables de este proceso en Castilla y Le\u00f3n: CONCYL y Consejer\u00eda de Sanidad. El objetivo, ir m\u00e1s all\u00e1 de la teor\u00eda y conocer, entre otras cuestiones, que las nuevas funcionalidades que ha incorporado la e-receta en Castilla y Le\u00f3n refuerzan la seguridad y ampl\u00edan el desarrollo profesional del farmac\u00e9utico. Les permitir\u00e1, por ejemplo, ser pieza clave en la seguridad de los f\u00e1rmacos y estrechar la comunicaci\u00f3n con el resto de profesionales sanitarios.<\/p>\n\n\n\n<p>C\u00f3mo funciona el soporte de la e-receta, qu\u00e9 dudas resuelve, qu\u00e9 herramientas tiene o c\u00f3mo se recupera de peque\u00f1as incidencias o ca\u00eddas generales del sistema son asuntos que tambi\u00e9n han conocido los alumnos. Todo ello se ha realizado con talleres pr\u00e1cticos y en una farmacia simulada desde la que se han realizado conexiones reales.<\/p>\n\n\n\n<p>Los alumnos han conocido adem\u00e1s c\u00f3mo se realiza la vigilancia para garantizar la seguridad de los f\u00e1rmacos. Entre otras cuestiones, descubrieron el funcionamiento de la red de farmacias centinela, qu\u00e9 datos aportan estas farmacias, c\u00f3mo se hacen las notificaciones y qu\u00e9 estudios de investigaci\u00f3n pueden llevar aparejados.<\/p>\n\n\n\n<p>Tambi\u00e9n se abordaron otros asuntos como la formulaci\u00f3n magistral, la atenci\u00f3n farmac\u00e9utica y la farmacia hospitalaria.<\/p>\n\n\n\n<p>Inauguraron estas jornadas formativas el presidente y el secretario del CONCYL, Carlos Trece\u00f1o y Jos\u00e9 Luis N\u00e1jera respectivamente, el decano de la Facultad de Farmacia de la Universidad de Salamanca, Antonio Muro, y la jefa de servicio de Prestaci\u00f3n Farmac\u00e9utica de Castilla y Le\u00f3n.<\/p>\n\n\n\n<p>Estas jornadas pr\u00e1cticas tienen su origen en el convenio de colaboraci\u00f3n firmado entre CONCYL y la Facultad de Farmacia de la Universidad de Salamanca en mayo de 2019 y que ven\u00eda a impulsar un plan de trabajo conjunto y coordinado entre las dos instituciones. Todo con la vista puesta en acercar Profesi\u00f3n y Universidad, de manera que los estudiantes de Farmacia puedan incorporar a su formaci\u00f3n universitaria la realidad asistencial y profesional del farmac\u00e9utico.<\/p>\n\n\n\n<p>Entre los objetivos de esta colaboraci\u00f3n destacan la organizaci\u00f3n de actividades formativas como \u00e9sta para que los estudiantes de Farmacia desarrollen competencias profesionales asistenciales y el fomento de estudios de investigaci\u00f3n y de planes de formaci\u00f3n complementaria.<\/p>\n\n\n\n<p><strong>El presidente del CONCYL, Carlos Trece\u00f1o,<\/strong> ha puesto el acento en la necesidad de proporcionar a los alumnos de Farmacia encuentros como \u00e9ste para que conozcan \u201cla realidad profesional\u201d que les espera fuera de las aulas. Trece\u00f1o destac\u00f3 adem\u00e1s \u201cla buena acogida que ha tenido entre los alumnos el tener contacto con nuestra Corporaci\u00f3n profesional auton\u00f3mica. Es la primera vez y para ellos es una oportunidad de conocer de primera mano los proyectos que afectan a la Farmacia de Castilla y Le\u00f3n y las l\u00edneas de trabajo que se est\u00e1n dise\u00f1ando al respecto\u201d.<\/p>\n\n\n\n<p>Por su parte, <strong>el decano de la Facultad de Farmacia de la Universidad de Salamanca, Antonio Muro,<\/strong> ha recordado \u201cla buena relaci\u00f3n que existe entre los representantes de la profesi\u00f3n en Castilla y Le\u00f3n y la Facultad, que se ha plasmado en dicho convenio de cooperaci\u00f3n CONCYL-USAL\u201d.<\/p>\n","protected":false},"excerpt":{"rendered":"<p>\u00a0 \u00a0 Farmac\u00e9uticos y Universidad se unen en Castilla y Le\u00f3n para acercar el ejercicio profesional farmac\u00e9utico a los alumnos de Farmacia Los futuros profesionales han conocido, entre otros asuntos, c\u00f3mo se vigila la seguridad de los f\u00e1rmacos y qu\u00e9 hay detr\u00e1s de la e-receta 3 de Febrero de 2020.- \u00bfC\u00f3mo funciona todo el engranaje [&hellip;]<\/p>\n","protected":false},"author":14,"featured_media":0,"comment_status":"closed","ping_status":"closed","sticky":false,"template":"","format":"standard","meta":{"footnotes":""},"categories":[9],"tags":[36,34,35,33],"class_list":["post-2012","post","type-post","status-publish","format-standard","hentry","category-comunicados","tag-alumnos","tag-ejercicio","tag-profesional","tag-universidad"],"_links":{"self":[{"href":"https:\/\/www.concyl.es\/index.php\/wp-json\/wp\/v2\/posts\/2012","targetHints":{"allow":["GET"]}}],"collection":[{"href":"https:\/\/www.concyl.es\/index.php\/wp-json\/wp\/v2\/posts"}],"about":[{"href":"https:\/\/www.concyl.es\/index.php\/wp-json\/wp\/v2\/types\/post"}],"author":[{"embeddable":true,"href":"https:\/\/www.concyl.es\/index.php\/wp-json\/wp\/v2\/users\/14"}],"replies":[{"embeddable":true,"href":"https:\/\/www.concyl.es\/index.php\/wp-json\/wp\/v2\/comments?post=2012"}],"version-history":[{"count":12,"href":"https:\/\/www.concyl.es\/index.php\/wp-json\/wp\/v2\/posts\/2012\/revisions"}],"predecessor-version":[{"id":2035,"href":"https:\/\/www.concyl.es\/index.php\/wp-json\/wp\/v2\/posts\/2012\/revisions\/2035"}],"wp:attachment":[{"href":"https:\/\/www.concyl.es\/index.php\/wp-json\/wp\/v2\/media?parent=2012"}],"wp:term":[{"taxonomy":"category","embeddable":true,"href":"https:\/\/www.concyl.es\/index.php\/wp-json\/wp\/v2\/categories?post=2012"},{"taxonomy":"post_tag","embeddable":true,"href":"https:\/\/www.concyl.es\/index.php\/wp-json\/wp\/v2\/tags?post=2012"}],"curies":[{"name":"wp","href":"https:\/\/api.w.org\/{rel}","templated":true}]}}