 {"id":2008,"date":"2021-01-19T11:41:00","date_gmt":"2021-01-19T11:41:00","guid":{"rendered":"https:\/\/www.concyl.es\/?p=2008"},"modified":"2023-02-27T08:45:40","modified_gmt":"2023-02-27T08:45:40","slug":"2008","status":"publish","type":"post","link":"https:\/\/www.concyl.es\/index.php\/2021\/01\/19\/2008\/","title":{"rendered":""},"content":{"rendered":"\n<div class=\"sfsi_widget sfsi_shortcode_container\"><div class=\"norm_row sfsi_wDiv \"  style=\"width:225px;text-align:left;\"><div style='width:40px; height:40px;margin-left:5px;margin-bottom:5px; ' class='sfsi_wicons shuffeldiv ' ><div class='inerCnt'><a class=' sficn' data-effect='' target='_blank'  href='https:\/\/api.follow.it\/widgets\/icon\/b2dJdDRZbEpMdVlFM2xwQ2JYSm9SVklJS2pKY3c1RkZaekJaL0l0L0xmSGxRTUkzbCtQQ1pkY3VObFJwNVZaREM2YjZWbnVqNitrdEQ1S01ka2lqb3ZEcU5iOTR5NThiL1RoV2dNN0FNSEVIS0dsMDNkT1pUZnNWM1V1bU5acGh8ZlNMOFVweHJpQUd6RmxvcVAveVRFZ2NwUHhMSlkxMTMzNnpQMGM3WlhLOD0=\/OA==\/' id='sfsiid_email_icon' style='width:40px;height:40px;opacity:1;'  ><img data-pin-nopin='true' alt='Follow by Email' title='Follow by Email' src='https:\/\/www.concyl.es\/wp-content\/plugins\/ultimate-social-media-icons\/images\/icons_theme\/default\/default_email.png' width='40' height='40' style='' class='sfcm sfsi_wicon ' data-effect=''   \/><\/a><\/div><\/div><div style='width:40px; height:40px;margin-left:5px;margin-bottom:5px; ' class='sfsi_wicons shuffeldiv ' ><div class='inerCnt'><a class=' sficn' data-effect='' target='_blank'  href='' id='sfsiid_facebook_icon' style='width:40px;height:40px;opacity:1;'  ><img data-pin-nopin='true' alt='Facebook' title='Facebook' src='https:\/\/www.concyl.es\/wp-content\/plugins\/ultimate-social-media-icons\/images\/icons_theme\/default\/default_facebook.png' width='40' height='40' style='' class='sfcm sfsi_wicon ' data-effect=''   \/><\/a><div class=\"sfsi_tool_tip_2 fb_tool_bdr sfsiTlleft\" style=\"opacity:0;z-index:-1;\" id=\"sfsiid_facebook\"><span class=\"bot_arow bot_fb_arow\"><\/span><div class=\"sfsi_inside\"><div  class='icon2'><div class=\"fb-like\" width=\"200\" data-href=\"https:\/\/www.concyl.es\/index.php\/2021\/01\/19\/2008\/\"  data-send=\"false\" data-layout=\"button_count\" data-action=\"like\"><\/div><\/div><div  class='icon3'><a target='_blank' href='https:\/\/www.facebook.com\/sharer\/sharer.php?u=https%3A%2F%2Fwww.concyl.es%2Fwp-json%2Fwp%2Fv2%2Fposts%2F2008' style='display:inline-block;'  > <img class='sfsi_wicon'  data-pin-nopin='true' alt='fb-share-icon' title='Facebook Share' src='https:\/\/www.concyl.es\/wp-content\/plugins\/ultimate-social-media-icons\/images\/share_icons\/fb_icons\/en_US.svg' \/><\/a><\/div><\/div><\/div><\/div><\/div><div style='width:40px; height:40px;margin-left:5px;margin-bottom:5px; ' class='sfsi_wicons shuffeldiv ' ><div class='inerCnt'><a class=' sficn' data-effect='' target='_blank'  href='' id='sfsiid_twitter_icon' style='width:40px;height:40px;opacity:1;'  ><img data-pin-nopin='true' alt='Twitter' title='Twitter' src='https:\/\/www.concyl.es\/wp-content\/plugins\/ultimate-social-media-icons\/images\/icons_theme\/default\/default_twitter.png' width='40' height='40' style='' class='sfcm sfsi_wicon ' data-effect=''   \/><\/a><div class=\"sfsi_tool_tip_2 twt_tool_bdr sfsiTlleft\" style=\"opacity:0;z-index:-1;\" id=\"sfsiid_twitter\"><span class=\"bot_arow bot_twt_arow\"><\/span><div class=\"sfsi_inside\"><div  class='icon2'><div class='sf_twiter' style='display: inline-block;vertical-align: middle;width: auto;'>\r\n\t\t\t\t\t\t<a target='_blank' href='https:\/\/x.com\/intent\/post?text=Mira+lo+que+he+encontrado+en+www.concyl.es+https%3A%2F%2Fwww.concyl.es%2Fwp-json%2Fwp%2Fv2%2Fposts%2F2008' style='display:inline-block' >\r\n\t\t\t\t\t\t\t<img data-pin-nopin= true class='sfsi_wicon' src='https:\/\/www.concyl.es\/wp-content\/plugins\/ultimate-social-media-icons\/images\/share_icons\/Twitter_Tweet\/en_US_Tweet.svg' alt='Post on X' title='Post on X' >\r\n\t\t\t\t\t\t<\/a>\r\n\t\t\t\t\t<\/div><\/div><\/div><\/div><\/div><\/div><div style='width:40px; height:40px;margin-left:5px;margin-bottom:5px; ' class='sfsi_wicons shuffeldiv ' ><div class='inerCnt'><a class=' sficn' data-effect='' target='_blank'  href='https:\/\/api.whatsapp.com\/send?text=https%3A%2F%2Fwww.concyl.es%2Findex.php%2F2021%2F01%2F19%2F2008%2F' id='sfsiid_whatsapp_icon' style='width:40px;height:40px;opacity:1;'  ><img data-pin-nopin='true' alt='WhatsApp' title='WhatsApp' src='https:\/\/www.concyl.es\/wp-content\/plugins\/ultimate-social-media-icons\/images\/icons_theme\/default\/default_whatsapp.png' width='40' height='40' style='' class='sfcm sfsi_wicon ' data-effect=''   \/><\/a><\/div><\/div><\/div ><div id=\"sfsi_holder\" class=\"sfsi_holders\" style=\"position: relative; float: left;width:100%;z-index:-1;\"><\/div ><script>window.addEventListener(\"sfsi_functions_loaded\", function()\n\t\t\t{\n\t\t\t\tif (typeof sfsi_widget_set == \"function\") {\n\t\t\t\t\tsfsi_widget_set();\n\t\t\t\t}\n\t\t\t}); <\/script><div style=\"clear: both;\"><\/div><\/div>\n\n\n\n\n\n<h3 class=\"wp-block-heading\">Las farmacias de Castilla y Le\u00f3n colaboran en la difusi\u00f3n de m\u00e1s de 95.000 gu\u00edas informativas sobre los recursos contra la violencia de g\u00e9nero<\/h3>\n\n\n\n<ul class=\"wp-block-list\"><li><strong>El delegado del Gobierno en Castilla y Le\u00f3n y el presidente del Consejo de Colegios Profesionales de Farmac\u00e9uticos destacan como prioritaria la colaboraci\u00f3n entre instituciones para hacer frente a la violencia de g\u00e9nero<\/strong><\/li><\/ul>\n\n\n\n<ul class=\"wp-block-list\"><li><strong>Las m\u00e1s de 95.000 gu\u00edas recogen informaci\u00f3n sobre los recursos disponibles para v\u00edctimas de violencia y trata<\/strong><\/li><\/ul>\n\n\n\n<ul class=\"wp-block-list\"><li><strong> Las 1.620 farmacias de la Comunidad, -el 66% en el \u00e1mbito rural-, como establecimiento sanitario m\u00e1s cercano a la poblaci\u00f3n y por ende a posibles v\u00edctimas, colaboran en la difusi\u00f3n de las gu\u00edas<\/strong><\/li><\/ul>\n\n\n\n<ul class=\"wp-block-list\"><li><strong>El delegado y el presidente han reconocido la labor de las farmacias con una visita a la botica de Becilla de Valderaduey<\/strong><\/li><\/ul>\n\n\n\n<p><strong>Becilla de Valderaduey, 19 de enero de 2021.<\/strong><\/p>\n\n\n\n<p>La Delegaci\u00f3n del Gobierno en Castilla y Le\u00f3n, en colaboraci\u00f3n con el Consejo de Colegios Profesionales de Farmac\u00e9uticos (CONCYL), han puesto en marcha una nueva iniciativa conjunta contra la Violencia de G\u00e9nero que llevar\u00e1 a las farmacias de Castilla y Le\u00f3n a colaborar en la difusi\u00f3n de m\u00e1s de 95.000 gu\u00edas de bolsillo que recogen las herramientas y recursos disponibles para la prevenci\u00f3n de la violencia machista entre las mujeres.<\/p>\n\n\n\n<!--more-->\n\n\n\n<p>Se trata del traslado a la pr\u00e1ctica de una de las l\u00edneas prioritarias recogidas dentro de las estrategias definidas en el Pacto de Estado contra la violencia de g\u00e9nero, que pone el foco en la sensibilizaci\u00f3n e informaci\u00f3n dirigida hacia las mujeres y personas de su entorno, para que puedan prevenir y ponerle coto a este tipo de hechos.<\/p>\n\n\n\n<p>En este entorno de colaboraci\u00f3n se ha enmarcado el nuevo acuerdo entre el delegado del Gobierno en Castilla y Le\u00f3n, Javier Izquierdo, y el presidente del Consejo de Colegios Profesionales de Farmac\u00e9uticos de Castilla y Le\u00f3n, Javier Herrad\u00f3n, con el que se ha implicado de nuevo a las farmacias, -tal y como se hizo durante el primer estado de alarma con la actuaci\u00f3n \u201cMascarilla-19\u201d-, en esta ocasi\u00f3n, mediante la difusi\u00f3n de unas gu\u00edas informativas, dirigidas a posibles v\u00edctimas de violencia de g\u00e9nero o de trata con fines de explotaci\u00f3n sexual.<\/p>\n\n\n\n<p>Desde la Delegaci\u00f3n del Gobierno se entiende que es imprescindible aprovechar la cercan\u00eda, accesibilidad y confianza con la ciudadan\u00eda, as\u00ed como la implicaci\u00f3n social demostrada por los profesionales de farmacia, para dar difusi\u00f3n a estas gu\u00edas que contienen toda la informaci\u00f3n sobre los recursos del Estado a disposici\u00f3n de estas mujeres.<\/p>\n\n\n\n<p>Desde el CONCYL recuerdan que la capilaridad de las farmacias les permite llegar a toda la poblaci\u00f3n de Castilla y Le\u00f3n, incluidas las zonas m\u00e1s aisladas. Esto, sumado a la confidencialidad que impera en la relaci\u00f3n paciente-farmac\u00e9utico, coloca a estos establecimientos sanitarios en una situaci\u00f3n privilegiada para impulsar iniciativas de este calado. Las farmacias de Castilla y Le\u00f3n, de hecho, trabajan en programas de prevenci\u00f3n de violencia de g\u00e9nero con diferentes administraciones desde 2017.<\/p>\n\n\n\n<p>El delegado del Gobierno y el presidente del CONCYL han reconocido el especial protagonismo que la farmacia rural adquiere en la atenci\u00f3n y asesoramiento a las v\u00edctimas y han puesto en valor dicha labor con una visita a la farmacia de Becilla de Valderaduey.<\/p>\n\n\n\n<p><strong>M\u00e1s del 84% de las v\u00edctimas no denuncian la violencia<\/strong><\/p>\n\n\n\n<p>El a\u00f1o 2020 termin\u00f3 con 45 mujeres asesinadas (1 en Castilla y Le\u00f3n) por violencia de g\u00e9nero, siendo el 49% de las v\u00edctimas mujeres entre 30 y 50 a\u00f1os. Pero el dato que m\u00e1s preocupa al delegado del Gobierno es que m\u00e1s del 85% de las v\u00edctimas mortales no ha denunciado la violencia, raz\u00f3n por la cual, es obligado darle m\u00e1s difusi\u00f3n a los recursos, con el objetivo de lograr una mayor protecci\u00f3n.<\/p>\n\n\n\n<p>En Castilla y Le\u00f3n, de enero a septiembre de 2020 se interpusieron m\u00e1s de 3.500 denuncias por violencia de g\u00e9nero, y se adoptaron m\u00e1s de 838 \u00f3rdenes de protecci\u00f3n. Actualmente, en el sistema hay m\u00e1s de 2.900 mujeres activas con alg\u00fan tipo de seguimiento.<\/p>\n\n\n\n<p>El 016, tel\u00e9fono de informaci\u00f3n sobre recursos y asesoramiento jur\u00eddico, est\u00e1 disponible las 24 horas los 365 d\u00edas del a\u00f1o. En Castilla y Le\u00f3n se han realizado desde el a\u00f1o 2007 m\u00e1s de 40.000 llamadas a este tel\u00e9fono, en la mayor\u00eda de los casos, por parte de la propia v\u00edctima, y otras 12.000, por parte de familiares, personas allegadas u otras personas.<\/p>\n\n\n\n<p>La gu\u00eda contiene todos los recursos nuevos o reforzados por el Plan de Contingencia contra las violencias de g\u00e9nero durante el estado de alarma y que a\u00fan se mantienen: 016, 016 online, tel\u00e9fonos de apoyo psicol\u00f3gico a trav\u00e9s de WhatsApp, asesoramiento jur\u00eddico adaptado a situaciones de personas con discapacidad, 062, 091, 112. App Alertcops y recursos espec\u00edficos de trata.<\/p>\n","protected":false},"excerpt":{"rendered":"<p>Las farmacias de Castilla y Le\u00f3n colaboran en la difusi\u00f3n de m\u00e1s de 95.000 gu\u00edas informativas sobre los recursos contra la violencia de g\u00e9nero El delegado del Gobierno en Castilla y Le\u00f3n y el presidente del Consejo de Colegios Profesionales de Farmac\u00e9uticos destacan como prioritaria la colaboraci\u00f3n entre instituciones para hacer frente a la violencia [&hellip;]<\/p>\n","protected":false},"author":14,"featured_media":0,"comment_status":"closed","ping_status":"closed","sticky":false,"template":"","format":"standard","meta":{"footnotes":""},"categories":[9],"tags":[27,29,32,28,30,31],"class_list":["post-2008","post","type-post","status-publish","format-standard","hentry","category-comunicados","tag-delegacion","tag-difusion","tag-genero","tag-gobierno","tag-guia","tag-violencia"],"_links":{"self":[{"href":"https:\/\/www.concyl.es\/index.php\/wp-json\/wp\/v2\/posts\/2008","targetHints":{"allow":["GET"]}}],"collection":[{"href":"https:\/\/www.concyl.es\/index.php\/wp-json\/wp\/v2\/posts"}],"about":[{"href":"https:\/\/www.concyl.es\/index.php\/wp-json\/wp\/v2\/types\/post"}],"author":[{"embeddable":true,"href":"https:\/\/www.concyl.es\/index.php\/wp-json\/wp\/v2\/users\/14"}],"replies":[{"embeddable":true,"href":"https:\/\/www.concyl.es\/index.php\/wp-json\/wp\/v2\/comments?post=2008"}],"version-history":[{"count":4,"href":"https:\/\/www.concyl.es\/index.php\/wp-json\/wp\/v2\/posts\/2008\/revisions"}],"predecessor-version":[{"id":2722,"href":"https:\/\/www.concyl.es\/index.php\/wp-json\/wp\/v2\/posts\/2008\/revisions\/2722"}],"wp:attachment":[{"href":"https:\/\/www.concyl.es\/index.php\/wp-json\/wp\/v2\/media?parent=2008"}],"wp:term":[{"taxonomy":"category","embeddable":true,"href":"https:\/\/www.concyl.es\/index.php\/wp-json\/wp\/v2\/categories?post=2008"},{"taxonomy":"post_tag","embeddable":true,"href":"https:\/\/www.concyl.es\/index.php\/wp-json\/wp\/v2\/tags?post=2008"}],"curies":[{"name":"wp","href":"https:\/\/api.w.org\/{rel}","templated":true}]}}