 {"id":2000,"date":"2021-04-23T11:29:00","date_gmt":"2021-04-23T11:29:00","guid":{"rendered":"https:\/\/www.concyl.es\/?p=2000"},"modified":"2023-02-27T08:45:39","modified_gmt":"2023-02-27T08:45:39","slug":"2000","status":"publish","type":"post","link":"https:\/\/www.concyl.es\/index.php\/2021\/04\/23\/2000\/","title":{"rendered":""},"content":{"rendered":"\n<div class=\"sfsi_widget sfsi_shortcode_container\"><div class=\"norm_row sfsi_wDiv \"  style=\"width:225px;text-align:left;\"><div style='width:40px; height:40px;margin-left:5px;margin-bottom:5px; ' class='sfsi_wicons shuffeldiv ' ><div class='inerCnt'><a class=' sficn' data-effect='' target='_blank'  href='https:\/\/api.follow.it\/widgets\/icon\/b2dJdDRZbEpMdVlFM2xwQ2JYSm9SVklJS2pKY3c1RkZaekJaL0l0L0xmSGxRTUkzbCtQQ1pkY3VObFJwNVZaREM2YjZWbnVqNitrdEQ1S01ka2lqb3ZEcU5iOTR5NThiL1RoV2dNN0FNSEVIS0dsMDNkT1pUZnNWM1V1bU5acGh8ZlNMOFVweHJpQUd6RmxvcVAveVRFZ2NwUHhMSlkxMTMzNnpQMGM3WlhLOD0=\/OA==\/' id='sfsiid_email_icon' style='width:40px;height:40px;opacity:1;'  ><img data-pin-nopin='true' alt='Follow by Email' title='Follow by Email' src='https:\/\/www.concyl.es\/wp-content\/plugins\/ultimate-social-media-icons\/images\/icons_theme\/default\/default_email.png' width='40' height='40' style='' class='sfcm sfsi_wicon ' data-effect=''   \/><\/a><\/div><\/div><div style='width:40px; height:40px;margin-left:5px;margin-bottom:5px; ' class='sfsi_wicons shuffeldiv ' ><div class='inerCnt'><a class=' sficn' data-effect='' target='_blank'  href='' id='sfsiid_facebook_icon' style='width:40px;height:40px;opacity:1;'  ><img data-pin-nopin='true' alt='Facebook' title='Facebook' src='https:\/\/www.concyl.es\/wp-content\/plugins\/ultimate-social-media-icons\/images\/icons_theme\/default\/default_facebook.png' width='40' height='40' style='' class='sfcm sfsi_wicon ' data-effect=''   \/><\/a><div class=\"sfsi_tool_tip_2 fb_tool_bdr sfsiTlleft\" style=\"opacity:0;z-index:-1;\" id=\"sfsiid_facebook\"><span class=\"bot_arow bot_fb_arow\"><\/span><div class=\"sfsi_inside\"><div  class='icon2'><div class=\"fb-like\" width=\"200\" data-href=\"https:\/\/www.concyl.es\/index.php\/2021\/04\/23\/2000\/\"  data-send=\"false\" data-layout=\"button_count\" data-action=\"like\"><\/div><\/div><div  class='icon3'><a target='_blank' href='https:\/\/www.facebook.com\/sharer\/sharer.php?u=https%3A%2F%2Fwww.concyl.es%2Fwp-json%2Fwp%2Fv2%2Fposts%2F2000' style='display:inline-block;'  > <img class='sfsi_wicon'  data-pin-nopin='true' alt='fb-share-icon' title='Facebook Share' src='https:\/\/www.concyl.es\/wp-content\/plugins\/ultimate-social-media-icons\/images\/share_icons\/fb_icons\/en_US.svg' \/><\/a><\/div><\/div><\/div><\/div><\/div><div style='width:40px; height:40px;margin-left:5px;margin-bottom:5px; ' class='sfsi_wicons shuffeldiv ' ><div class='inerCnt'><a class=' sficn' data-effect='' target='_blank'  href='' id='sfsiid_twitter_icon' style='width:40px;height:40px;opacity:1;'  ><img data-pin-nopin='true' alt='Twitter' title='Twitter' src='https:\/\/www.concyl.es\/wp-content\/plugins\/ultimate-social-media-icons\/images\/icons_theme\/default\/default_twitter.png' width='40' height='40' style='' class='sfcm sfsi_wicon ' data-effect=''   \/><\/a><div class=\"sfsi_tool_tip_2 twt_tool_bdr sfsiTlleft\" style=\"opacity:0;z-index:-1;\" id=\"sfsiid_twitter\"><span class=\"bot_arow bot_twt_arow\"><\/span><div class=\"sfsi_inside\"><div  class='icon2'><div class='sf_twiter' style='display: inline-block;vertical-align: middle;width: auto;'>\r\n\t\t\t\t\t\t<a target='_blank' href='https:\/\/x.com\/intent\/post?text=Mira+lo+que+he+encontrado+en+www.concyl.es+https%3A%2F%2Fwww.concyl.es%2Fwp-json%2Fwp%2Fv2%2Fposts%2F2000' style='display:inline-block' >\r\n\t\t\t\t\t\t\t<img data-pin-nopin= true class='sfsi_wicon' src='https:\/\/www.concyl.es\/wp-content\/plugins\/ultimate-social-media-icons\/images\/share_icons\/Twitter_Tweet\/en_US_Tweet.svg' alt='Post on X' title='Post on X' >\r\n\t\t\t\t\t\t<\/a>\r\n\t\t\t\t\t<\/div><\/div><\/div><\/div><\/div><\/div><div style='width:40px; height:40px;margin-left:5px;margin-bottom:5px; ' class='sfsi_wicons shuffeldiv ' ><div class='inerCnt'><a class=' sficn' data-effect='' target='_blank'  href='https:\/\/api.whatsapp.com\/send?text=https%3A%2F%2Fwww.concyl.es%2Findex.php%2F2021%2F04%2F23%2F2000%2F' id='sfsiid_whatsapp_icon' style='width:40px;height:40px;opacity:1;'  ><img data-pin-nopin='true' alt='WhatsApp' title='WhatsApp' src='https:\/\/www.concyl.es\/wp-content\/plugins\/ultimate-social-media-icons\/images\/icons_theme\/default\/default_whatsapp.png' width='40' height='40' style='' class='sfcm sfsi_wicon ' data-effect=''   \/><\/a><\/div><\/div><\/div ><div id=\"sfsi_holder\" class=\"sfsi_holders\" style=\"position: relative; float: left;width:100%;z-index:-1;\"><\/div ><script>window.addEventListener(\"sfsi_functions_loaded\", function()\n\t\t\t{\n\t\t\t\tif (typeof sfsi_widget_set == \"function\") {\n\t\t\t\t\tsfsi_widget_set();\n\t\t\t\t}\n\t\t\t}); <\/script><div style=\"clear: both;\"><\/div><\/div>\n\n\n\n\n\n<h3 class=\"wp-block-heading\">Las farmacias de Castilla y Le\u00f3n promueven una campa\u00f1a informativa sobre la meningitis y la importancia de la vacunaci\u00f3n<\/h3>\n\n\n\n<ul class=\"wp-block-list\"><li><strong>Las m\u00e1s de 1.600 farmacias de Castilla y Le\u00f3n dispondr\u00e1n a partir de ahora de material informativo sobre la enfermedad<\/strong><\/li><\/ul>\n\n\n\n<ul class=\"wp-block-list\"><li><strong>Los ciudadanos conocer\u00e1n aspectos tan importantes como las v\u00edas de transmisi\u00f3n de la meningitis, los posibles factores de riesgo, los s\u00edntomas m\u00e1s frecuentes, la evoluci\u00f3n y sus consecuencias, as\u00ed como la incidencia actual en nuestro pa\u00eds<\/strong><strong><\/strong><\/li><\/ul>\n\n\n\n<p><strong>23 de Abril de 2021.-<\/strong> <strong>Las m\u00e1s de 1.600 farmacias de Castilla y Le\u00f3n<\/strong> &nbsp;dispondr\u00e1n a partir de ahora de material informativo relacionado con la meningitis, de manera que las familias puedan obtener informaci\u00f3n sanitaria de primera mano sobre esta enfermedad, conocer sus s\u00edntomas, su r\u00e1pida evoluci\u00f3n y la importancia de la vacunaci\u00f3n para hacerle frente.<\/p>\n\n\n\n<!--more-->\n\n\n\n<p>Esta campa\u00f1a auton\u00f3mica<strong>, impulsada en colaboraci\u00f3n con laboratorios GSK<\/strong>, coincide en su puesta en marcha con la <strong>celebraci\u00f3n ma\u00f1ana 24 de Abril del D\u00eda Mundial de la Meningitis<\/strong>, una cita imprescindible para dar a conocer la importancia de la atenci\u00f3n precoz y de las cada vez mayores opciones de inmunizaci\u00f3n.<\/p>\n\n\n\n<p>La informaci\u00f3n disponible en las boticas de Castilla y Le\u00f3n permitir\u00e1 a los ciudadanos conocer aspectos tan importantes como las v\u00edas de transmisi\u00f3n de la meningitis, los posibles factores de riesgo, los s\u00edntomas m\u00e1s frecuentes, la evoluci\u00f3n y sus consecuencias, as\u00ed como la incidencia actual en nuestro pa\u00eds.<\/p>\n\n\n\n<p><strong>Jornadas formativas de actualizaci\u00f3n para los farmac\u00e9uticos<\/strong><\/p>\n\n\n\n<p>Para disponer de una radiograf\u00eda de situaci\u00f3n con las \u00faltimas novedades en relaci\u00f3n a esta enfermedad, los farmac\u00e9uticos de Castilla y Le\u00f3n han participado en una sesi\u00f3n formativa de actualizaci\u00f3n en meningitis <strong>impulsada este mismo mes por el CONCYL \u2013 Consejo de Colegios Profesionales de Farmac\u00e9uticos de Castilla y Le\u00f3n y el laboratorio GSK.<\/strong> Todo con la vista puesta en aprovechar la gran capilaridad de la red sanitaria de farmacias para poner el foco en una enfermedad que genera una alerta especial entre los ciudadanos.<\/p>\n\n\n\n<p><strong>Qu\u00e9 es la meningitis *&nbsp;&nbsp;&nbsp;&nbsp;&nbsp;&nbsp;&nbsp;<\/strong><\/p>\n\n\n\n<p>*Fuente: Asociaci\u00f3n Espa\u00f1ola Contra la Meningitis<\/p>\n\n\n\n<p>La meningitis es la inflamaci\u00f3n de las membranas que recubren el cerebro y la m\u00e9dula espinal. <strong>Puede ser de origen v\u00edrico<\/strong>, que suele ser benigna y de consecuencias leves,&nbsp;<strong>o de origen bacteriano, que es la m\u00e1s peligrosa.<\/strong><\/p>\n\n\n\n<p>Fundamentalmente hay 3 tipos de bacterias causantes de meningitis, la Haemophilus Influenzae B (HiB), el neumococo y el meningococo con todos sus serogrupos (A, B, C, W, X e Y).<\/p>\n\n\n\n<p><strong>La sepsis <\/strong>es la variedad de la enfermedad bacteriana cuando la infecci\u00f3n se desplaza por el torrente sangu\u00edneo a todo el cuerpo.<\/p>\n\n\n\n<p>Por lo general,<strong> la meningitis y la sepsis bacterianas son peligrosas<\/strong> y pueden progresar muy r\u00e1pidamente; mientras que la meningitis v\u00edrica es dolorosa, pero, usualmente, no suele ser peligrosa.<\/p>\n\n\n\n<p><strong>\u00bfQui\u00e9nes la pueden padecer?<\/strong><\/p>\n\n\n\n<p>Cualquier persona puede contraer meningitis o sepsis, pero <strong>los grupos de mayor riesgo<\/strong> son los ni\u00f1os menores de 5 a\u00f1os y los j\u00f3venes de entre 15 y 24 a\u00f1os. De hecho,&nbsp;es la primera causa de muerte por infecci\u00f3n en ni\u00f1os y adolescentes.<\/p>\n\n\n\n<p>La meningitis de origen bacteriano, la m\u00e1s peligrosa, puede resultar mortal; aunque&nbsp;el fallecimiento se produce \u00fanicamente en un reducido porcentaje de los afectados&nbsp;(aproximadamente el 10%). Sin embargo, algunas de las personas que sobreviven (hasta un 20%) quedan con minusval\u00edas u otras secuelas tales como p\u00e9rdidas sensoriales, da\u00f1os cerebrales o amputaci\u00f3n de miembros.<\/p>\n\n\n\n<p><strong>\u00bfC\u00f3mo se contrae la enfermedad meningococica invasiva?<\/strong><strong><\/strong><\/p>\n\n\n\n<p>La EMI es&nbsp;causada por la bacteria Neisseria meningitidis o meningococo. Hist\u00f3ricamente, los serogrupos B y C han sido responsables de la mayor\u00eda de los casos cl\u00ednicos en Espa\u00f1a.<\/p>\n\n\n\n<p>Se contrae cuando&nbsp;el meningococo vence las defensas del sistema inmunitario del cuerpo y pasa a la corriente sangu\u00ednea causando meningitis, sepsis o ambas enfermedades.<\/p>\n\n\n\n<p>El meningococo es una bacteria muy com\u00fan y para la mayor\u00eda de las personas resulta inocua. <strong>Entre un cinco y un veinte por ciento de la poblaci\u00f3n la lleva en la nariz y en la garganta sin saberlo.<\/strong> Estas personas se llaman portadores asintom\u00e1ticos, porque portan sin saberlo el microorganismo y lo expulsan al exterior en sus secreciones nasofar\u00edngeas (al estornudar, toser, etc.).<\/p>\n\n\n\n<p>El meningococo no puede vivir durante mucho tiempo en el aire. No se puede transmitir a trav\u00e9s de los objetos de la vida cotidiana.<\/p>\n\n\n\n<p><strong>\u00bfPueden prevenirse la meningitis y la sepsis?<\/strong><strong><\/strong><\/p>\n\n\n\n<p>La vacunaci\u00f3n es la mejor defensa, como en otras tantas enfermedades. Las vacunas existentes ofrecen una excelente protecci\u00f3n, pero no pueden prevenir todas las formas de la enfermedad.<\/p>\n\n\n\n<p>Tambi\u00e9n es importante mantener unos h\u00e1bitos de higiene y de vida saludables que ayuden a nuestro sistema inmunitario.<\/p>\n\n\n\n<p><strong>En 2020 se detectaron en Espa\u00f1a 283 casos de enfermedad meningoc\u00f3cica<\/strong> y los casos acumulados desde 1996 ascienden a 18.718. A nivel mundial se contabilizan 500.000 casos de meningitis bacteriana al a\u00f1o.<\/p>\n\n\n\n<p><strong>S\u00edntomas de la enfermedad<\/strong><strong><\/strong><\/p>\n\n\n\n<p><strong>El reconocimiento precoz de s\u00edntomas<\/strong> es fundamental para una curaci\u00f3n total. Desgraciadamente, los primeros indicios generalmente se confunden con los s\u00edntomas que acompa\u00f1an a otras enfermedades infecciosas banales, tales como fiebre, irritabilidad en los beb\u00e9s, dolor de cabeza en los ni\u00f1os mayores, decaimiento, v\u00f3mitos y rechazo de la alimentaci\u00f3n.<\/p>\n\n\n\n<p>Sin embargo, algunos s\u00edntomas <strong>pueden orientar hacia la enfermedad meningoc\u00f3cica <\/strong>antes de que aparezcan otras manifestaciones m\u00e1s espec\u00edficas: dolor en las piernas (aparece hasta en un 35% de los ni\u00f1os capaces de expresar este s\u00edntoma), pies y manos fr\u00edos, o color p\u00e1lido viol\u00e1ceo de la piel. Otros s\u00edntomas a tener en cuenta son disminuci\u00f3n del nivel de conciencia y convulsiones. Cualquiera de estos signos en un ni\u00f1o, con fiebre de causa desconocida, es una llamada de atenci\u00f3n sobre la posibilidad de que se est\u00e9 iniciando una infecci\u00f3n meningoc\u00f3cica.<\/p>\n\n\n\n<p><strong>Atenci\u00f3n a la presencia de petequias: manchas en la piel<\/strong><strong><\/strong><\/p>\n\n\n\n<p>Es uno de los signos que pueden ser indicativos de la enfermedad meningoc\u00f3cica.&nbsp;<strong>Son peque\u00f1as manchas de color rojo o morado que normalmente aparecen primero en el torso y, en poco tiempo, se extienden por el resto del cuerpo.<\/strong><strong><\/strong> Para reconocer las petequias y descartar otras manchas sin importancia (pecas, hematomas\u2026), basta una sencilla prueba: si, al presionar las manchas con un vaso de cristal, \u00e9stas no desaparecen, puede tratarse de petequias peligrosas, y es imprescindible obtener ayuda m\u00e9dica urgente<\/p>\n","protected":false},"excerpt":{"rendered":"<p>Las farmacias de Castilla y Le\u00f3n promueven una campa\u00f1a informativa sobre la meningitis y la importancia de la vacunaci\u00f3n Las m\u00e1s de 1.600 farmacias de Castilla y Le\u00f3n dispondr\u00e1n a partir de ahora de material informativo sobre la enfermedad Los ciudadanos conocer\u00e1n aspectos tan importantes como las v\u00edas de transmisi\u00f3n de la meningitis, los posibles [&hellip;]<\/p>\n","protected":false},"author":14,"featured_media":0,"comment_status":"closed","ping_status":"closed","sticky":false,"template":"","format":"standard","meta":{"footnotes":""},"categories":[9],"tags":[20,25,26],"class_list":["post-2000","post","type-post","status-publish","format-standard","hentry","category-comunicados","tag-campana","tag-meningitis","tag-vacunacion"],"_links":{"self":[{"href":"https:\/\/www.concyl.es\/index.php\/wp-json\/wp\/v2\/posts\/2000","targetHints":{"allow":["GET"]}}],"collection":[{"href":"https:\/\/www.concyl.es\/index.php\/wp-json\/wp\/v2\/posts"}],"about":[{"href":"https:\/\/www.concyl.es\/index.php\/wp-json\/wp\/v2\/types\/post"}],"author":[{"embeddable":true,"href":"https:\/\/www.concyl.es\/index.php\/wp-json\/wp\/v2\/users\/14"}],"replies":[{"embeddable":true,"href":"https:\/\/www.concyl.es\/index.php\/wp-json\/wp\/v2\/comments?post=2000"}],"version-history":[{"count":6,"href":"https:\/\/www.concyl.es\/index.php\/wp-json\/wp\/v2\/posts\/2000\/revisions"}],"predecessor-version":[{"id":2720,"href":"https:\/\/www.concyl.es\/index.php\/wp-json\/wp\/v2\/posts\/2000\/revisions\/2720"}],"wp:attachment":[{"href":"https:\/\/www.concyl.es\/index.php\/wp-json\/wp\/v2\/media?parent=2000"}],"wp:term":[{"taxonomy":"category","embeddable":true,"href":"https:\/\/www.concyl.es\/index.php\/wp-json\/wp\/v2\/categories?post=2000"},{"taxonomy":"post_tag","embeddable":true,"href":"https:\/\/www.concyl.es\/index.php\/wp-json\/wp\/v2\/tags?post=2000"}],"curies":[{"name":"wp","href":"https:\/\/api.w.org\/{rel}","templated":true}]}}