 {"id":1989,"date":"2021-05-03T11:12:00","date_gmt":"2021-05-03T11:12:00","guid":{"rendered":"https:\/\/www.concyl.es\/?p=1989"},"modified":"2023-02-27T08:45:38","modified_gmt":"2023-02-27T08:45:38","slug":"4-de-mayo-dia-mundial-del-asma-los-farmaceuticos-de-castilla-y-leon-refuerzan-su-formacion-en-asma-para-mejorar-el-pronostico-de-los-pacientes-desde-las-farmacias","status":"publish","type":"post","link":"https:\/\/www.concyl.es\/index.php\/2021\/05\/03\/4-de-mayo-dia-mundial-del-asma-los-farmaceuticos-de-castilla-y-leon-refuerzan-su-formacion-en-asma-para-mejorar-el-pronostico-de-los-pacientes-desde-las-farmacias\/","title":{"rendered":""},"content":{"rendered":"<div class=\"sfsi_widget sfsi_shortcode_container\"><div class=\"norm_row sfsi_wDiv \"  style=\"width:225px;text-align:left;\"><div style='width:40px; height:40px;margin-left:5px;margin-bottom:5px; ' class='sfsi_wicons shuffeldiv ' ><div class='inerCnt'><a class=' sficn' data-effect='' target='_blank'  href='https:\/\/api.follow.it\/widgets\/icon\/b2dJdDRZbEpMdVlFM2xwQ2JYSm9SVklJS2pKY3c1RkZaekJaL0l0L0xmSGxRTUkzbCtQQ1pkY3VObFJwNVZaREM2YjZWbnVqNitrdEQ1S01ka2lqb3ZEcU5iOTR5NThiL1RoV2dNN0FNSEVIS0dsMDNkT1pUZnNWM1V1bU5acGh8ZlNMOFVweHJpQUd6RmxvcVAveVRFZ2NwUHhMSlkxMTMzNnpQMGM3WlhLOD0=\/OA==\/' id='sfsiid_email_icon' style='width:40px;height:40px;opacity:1;'  ><img data-pin-nopin='true' alt='Follow by Email' title='Follow by Email' src='https:\/\/www.concyl.es\/wp-content\/plugins\/ultimate-social-media-icons\/images\/icons_theme\/default\/default_email.png' width='40' height='40' style='' class='sfcm sfsi_wicon ' data-effect=''   \/><\/a><\/div><\/div><div style='width:40px; height:40px;margin-left:5px;margin-bottom:5px; ' class='sfsi_wicons shuffeldiv ' ><div class='inerCnt'><a class=' sficn' data-effect='' target='_blank'  href='' id='sfsiid_facebook_icon' style='width:40px;height:40px;opacity:1;'  ><img data-pin-nopin='true' alt='Facebook' title='Facebook' src='https:\/\/www.concyl.es\/wp-content\/plugins\/ultimate-social-media-icons\/images\/icons_theme\/default\/default_facebook.png' width='40' height='40' style='' class='sfcm sfsi_wicon ' data-effect=''   \/><\/a><div class=\"sfsi_tool_tip_2 fb_tool_bdr sfsiTlleft\" style=\"opacity:0;z-index:-1;\" id=\"sfsiid_facebook\"><span class=\"bot_arow bot_fb_arow\"><\/span><div class=\"sfsi_inside\"><div  class='icon2'><div class=\"fb-like\" width=\"200\" data-href=\"https:\/\/www.concyl.es\/index.php\/2021\/05\/03\/4-de-mayo-dia-mundial-del-asma-los-farmaceuticos-de-castilla-y-leon-refuerzan-su-formacion-en-asma-para-mejorar-el-pronostico-de-los-pacientes-desde-las-farmacias\/\"  data-send=\"false\" data-layout=\"button_count\" data-action=\"like\"><\/div><\/div><div  class='icon3'><a target='_blank' href='https:\/\/www.facebook.com\/sharer\/sharer.php?u=https%3A%2F%2Fwww.concyl.es%2Fwp-json%2Fwp%2Fv2%2Fposts%2F1989' style='display:inline-block;'  > <img class='sfsi_wicon'  data-pin-nopin='true' alt='fb-share-icon' title='Facebook Share' src='https:\/\/www.concyl.es\/wp-content\/plugins\/ultimate-social-media-icons\/images\/share_icons\/fb_icons\/en_US.svg' \/><\/a><\/div><\/div><\/div><\/div><\/div><div style='width:40px; height:40px;margin-left:5px;margin-bottom:5px; ' class='sfsi_wicons shuffeldiv ' ><div class='inerCnt'><a class=' sficn' data-effect='' target='_blank'  href='' id='sfsiid_twitter_icon' style='width:40px;height:40px;opacity:1;'  ><img data-pin-nopin='true' alt='Twitter' title='Twitter' src='https:\/\/www.concyl.es\/wp-content\/plugins\/ultimate-social-media-icons\/images\/icons_theme\/default\/default_twitter.png' width='40' height='40' style='' class='sfcm sfsi_wicon ' data-effect=''   \/><\/a><div class=\"sfsi_tool_tip_2 twt_tool_bdr sfsiTlleft\" style=\"opacity:0;z-index:-1;\" id=\"sfsiid_twitter\"><span class=\"bot_arow bot_twt_arow\"><\/span><div class=\"sfsi_inside\"><div  class='icon2'><div class='sf_twiter' style='display: inline-block;vertical-align: middle;width: auto;'>\r\n\t\t\t\t\t\t<a target='_blank' href='https:\/\/x.com\/intent\/post?text=Mira+lo+que+he+encontrado+en+www.concyl.es+https%3A%2F%2Fwww.concyl.es%2Fwp-json%2Fwp%2Fv2%2Fposts%2F1989' style='display:inline-block' >\r\n\t\t\t\t\t\t\t<img data-pin-nopin= true class='sfsi_wicon' src='https:\/\/www.concyl.es\/wp-content\/plugins\/ultimate-social-media-icons\/images\/share_icons\/Twitter_Tweet\/en_US_Tweet.svg' alt='Post on X' title='Post on X' >\r\n\t\t\t\t\t\t<\/a>\r\n\t\t\t\t\t<\/div><\/div><\/div><\/div><\/div><\/div><div style='width:40px; height:40px;margin-left:5px;margin-bottom:5px; ' class='sfsi_wicons shuffeldiv ' ><div class='inerCnt'><a class=' sficn' data-effect='' target='_blank'  href='https:\/\/api.whatsapp.com\/send?text=https%3A%2F%2Fwww.concyl.es%2Findex.php%2F2021%2F05%2F03%2F4-de-mayo-dia-mundial-del-asma-los-farmaceuticos-de-castilla-y-leon-refuerzan-su-formacion-en-asma-para-mejorar-el-pronostico-de-los-pacientes-desde-las-farmacias%2F' id='sfsiid_whatsapp_icon' style='width:40px;height:40px;opacity:1;'  ><img data-pin-nopin='true' alt='WhatsApp' title='WhatsApp' src='https:\/\/www.concyl.es\/wp-content\/plugins\/ultimate-social-media-icons\/images\/icons_theme\/default\/default_whatsapp.png' width='40' height='40' style='' class='sfcm sfsi_wicon ' data-effect=''   \/><\/a><\/div><\/div><\/div ><div id=\"sfsi_holder\" class=\"sfsi_holders\" style=\"position: relative; float: left;width:100%;z-index:-1;\"><\/div ><script>window.addEventListener(\"sfsi_functions_loaded\", function()\n\t\t\t{\n\t\t\t\tif (typeof sfsi_widget_set == \"function\") {\n\t\t\t\t\tsfsi_widget_set();\n\t\t\t\t}\n\t\t\t}); <\/script><div style=\"clear: both;\"><\/div><\/div>\n<p>\u00a0<\/p>\n<h3>4 de Mayo: D\u00cdA MUNDIAL DEL ASMA. Los farmac\u00e9uticos de Castilla y Le\u00f3n refuerzan su formaci\u00f3n en asma para mejorar el pron\u00f3stico de los pacientes desde las farmacias<\/h3>\n\n\n<ul class=\"wp-block-list\"><li><strong>Ma\u00f1ana participar\u00e1n en una jornada cient\u00edfica virtual organizada desde el CONCYL en colaboraci\u00f3n con AstraZeneca<\/strong><\/li><li><strong>El 63% de los pacientes asm\u00e1ticos no est\u00e1 bien controlado<\/strong><\/li><\/ul>\n\n\n\n<p><strong>3 de Mayo de 2021.-<\/strong> <strong>Los farmac\u00e9uticos de Castilla y Le\u00f3n <\/strong>reforzar\u00e1n ma\u00f1ana su formaci\u00f3n en asma con la vista puesta en mejorar el pron\u00f3stico de los pacientes desde las oficinas de farmacia.<\/p>\n\n\n\n<p>Lo har\u00e1n a trav\u00e9s de una jornada cient\u00edfica virtual que impulsar\u00e1 el <strong>CONCYL- Consejo de Colegios Profesionales de Farmac\u00e9uticos de Castilla y Le\u00f3n en colaboraci\u00f3n con el laboratorio AstraZeneca. &nbsp;<\/strong><\/p>\n\n\n\n<!--more-->\n\n\n\n<p>Los profesionales actualizar\u00e1n sus conocimientos sobre esta enfermedad desde el punto de vista epidemiol\u00f3gico y tambi\u00e9n se ahondar\u00e1 en el papel del farmac\u00e9utico en el manejo del paciente asm\u00e1tico.<\/p>\n\n\n\n<p>El acto estar\u00e1 presidido por Javier Herrad\u00f3n, presidente del CONCYL, y en la cita participar\u00e1n Juan del R\u00edo Hortega, m\u00e9dico de Familia y profesor de la Facultad de Medicina de Valladolid, y Asunci\u00f3n Balado Insunza, profesional farmac\u00e9utica en Castilla y Le\u00f3n.<\/p>\n\n\n\n<p><strong>Una patolog\u00eda cr\u00f3nica, costosa y con mal controlada<\/strong><\/p>\n\n\n\n<p>A pesar de su&nbsp;<strong>elevada prevalencia<\/strong>, el asma es una patolog\u00eda&nbsp;<strong>poco conocida<\/strong>&nbsp;para la poblaci\u00f3n en general; infradiagnosticada y mal controlada.&nbsp;<strong>El 63% de pacientes asm\u00e1ticos no est\u00e1 bien controlado<\/strong>, lo que genera una mayor morbimortalidad. Asimismo, existe una alta variabilidad cl\u00ednica en el manejo del asma.<\/p>\n\n\n\n<p>El asma presenta adem\u00e1s un&nbsp;coste considerable para el sistema sanitario que aumenta exponencialmente seg\u00fan se agudiza la enfermedad. Todo ello derivado del consumo demedicamentos antiasm\u00e1ticos, consultas m\u00e9dicas tanto en Atenci\u00f3n Primaria como Hospitalaria, visitas a Urgencias, ingresos hospitalarios y pruebas diagn\u00f3sticas.&nbsp;<\/p>\n\n\n\n<p>El asma es una de las enfermedades respiratorias de mayor prevalencia. Es una&nbsp;<strong>patolog\u00eda cr\u00f3nica<\/strong>&nbsp;que puede afectar a ni\u00f1os y a adultos e influye de distintos modos en la vida de las personas que la padecen, seg\u00fan la gravedad, el seguimiento del tratamiento farmacol\u00f3gico indicado y las medidas que se adopten para evitar los posibles desencadenantes.<\/p>\n\n\n\n<p>El asma <strong>afecta a los bronquios<\/strong>. Se caracteriza por la inflamaci\u00f3n y estrechamiento de las v\u00edas respiratorias y la disminuci\u00f3n del flujo de aire en los pulmones. Las causas y desencadenantes del asma son muy variadas. Aprender a identificarlas es importante para mantenerla bajo control.<\/p>\n\n\n\n<p>Dependiendo de la gravedad, el asma puede disminuir la calidad de vida de las personas afectadas, influir en sus actividades diarias, relaciones sociales o en el \u00e1mbito laboral, lo que muchas veces deriva en consecuencias psicol\u00f3gicas.<\/p>\n\n\n\n<p>Aunque no tiene cura, en la mayor\u00eda de los casos el asma&nbsp;<strong>puede tratarse y mantenerse controlada<\/strong>. Para ello es imprescindible un buen conocimiento de la enfermedad y de su tratamiento, y tambi\u00e9n mantener un estilo de vida saludable que incluya el ejercicio f\u00edsico regular.<\/p>\n\n\n\n<p><strong>Los s\u00edntomas de la enfermedad<\/strong><\/p>\n\n\n\n<p>Los&nbsp;<strong>s\u00edntomas del asma<\/strong>&nbsp;pueden ser diferentes en cada persona. No todas las personas con asma experimentan todos ellos, ni con la misma frecuencia o intensidad.<\/p>\n\n\n\n<p>Algunos pueden aparecer durante la noche, con el ejercicio f\u00edsico, la exposici\u00f3n al fr\u00edo, emociones fuertes (ansiedad, estr\u00e9s) o contacto con al\u00e9rgenos (sustancias que provocan reacciones al\u00e9rgicas).<\/p>\n\n\n\n<ul class=\"wp-block-list\"><li><em>Sensaci\u00f3n de falta<\/em> de aire o dificultad para respirar, que empeora, por ejemplo, con el ejercicio f\u00edsico.<\/li><li>Jadeos<\/li><li>Tos seca o con moco, a menudo durante la noche<\/li><li>Sibilancias o pitidos al respirar<\/li><li>Sensaci\u00f3n de opresi\u00f3n o tirantez en el pecho<\/li><\/ul>\n\n\n\n<p>El tratamiento del asma incluir\u00e1 la acci\u00f3n sobre las causas que la desencadenan, adem\u00e1s de f\u00e1rmacos&nbsp;<strong>broncodilatadores y antiinflamatorios<\/strong>&nbsp;que ayudar\u00e1n a mantenerla bajo control. Los tratamientos farmacol\u00f3gicos para el asma pueden ser de mantenimiento o de fondo, y de alivio o rescate. Es muy importante asegurarse, con la ayuda de los profesionales sanitarios, de estar&nbsp;<a rel=\"noreferrer noopener\" href=\"https:\/\/www.youtube.com\/watch?v=pUush8lrihE&amp;t=10s\" target=\"_blank\"><strong>utilizando correctamente los inhaladores<\/strong><\/a>.<\/p>\n\n\n\n<p>El farmac\u00e9utico comunitario, en colaboraci\u00f3n con los especialistas del \u00e1mbito hospitalario y desde la amplia red de farmacias, adem\u00e1s de la dispensaci\u00f3n de los medicamentos para los pacientes, &nbsp;puede promover a trav\u00e9s de los servicios profesionales asistenciales medidas de <strong>educaci\u00f3n sanitaria, de uso correcto de los f\u00e1rmacos antiasm\u00e1ticos<\/strong> (por ejemplo, respecto a la t\u00e9cnica de uso de inhaladores) o de <strong>prevenci\u00f3n de problemas relacionados con los mismos, as\u00ed como de seguimiento de efectos cl\u00ednicos y adversos<\/strong>, aportando soluciones personalizadas para cada paciente.<\/p>\n","protected":false},"excerpt":{"rendered":"<p>\u00a0 4 de Mayo: D\u00cdA MUNDIAL DEL ASMA. Los farmac\u00e9uticos de Castilla y Le\u00f3n refuerzan su formaci\u00f3n en asma para mejorar el pron\u00f3stico de los pacientes desde las farmacias Ma\u00f1ana participar\u00e1n en una jornada cient\u00edfica virtual organizada desde el CONCYL en colaboraci\u00f3n con AstraZeneca El 63% de los pacientes asm\u00e1ticos no est\u00e1 bien controlado 3 [&hellip;]<\/p>\n","protected":false},"author":14,"featured_media":0,"comment_status":"closed","ping_status":"closed","sticky":false,"template":"","format":"standard","meta":{"footnotes":""},"categories":[9],"tags":[22,23,21],"class_list":["post-1989","post","type-post","status-publish","format-standard","hentry","category-comunicados","tag-asma","tag-dia","tag-mundial"],"_links":{"self":[{"href":"https:\/\/www.concyl.es\/index.php\/wp-json\/wp\/v2\/posts\/1989","targetHints":{"allow":["GET"]}}],"collection":[{"href":"https:\/\/www.concyl.es\/index.php\/wp-json\/wp\/v2\/posts"}],"about":[{"href":"https:\/\/www.concyl.es\/index.php\/wp-json\/wp\/v2\/types\/post"}],"author":[{"embeddable":true,"href":"https:\/\/www.concyl.es\/index.php\/wp-json\/wp\/v2\/users\/14"}],"replies":[{"embeddable":true,"href":"https:\/\/www.concyl.es\/index.php\/wp-json\/wp\/v2\/comments?post=1989"}],"version-history":[{"count":7,"href":"https:\/\/www.concyl.es\/index.php\/wp-json\/wp\/v2\/posts\/1989\/revisions"}],"predecessor-version":[{"id":2719,"href":"https:\/\/www.concyl.es\/index.php\/wp-json\/wp\/v2\/posts\/1989\/revisions\/2719"}],"wp:attachment":[{"href":"https:\/\/www.concyl.es\/index.php\/wp-json\/wp\/v2\/media?parent=1989"}],"wp:term":[{"taxonomy":"category","embeddable":true,"href":"https:\/\/www.concyl.es\/index.php\/wp-json\/wp\/v2\/categories?post=1989"},{"taxonomy":"post_tag","embeddable":true,"href":"https:\/\/www.concyl.es\/index.php\/wp-json\/wp\/v2\/tags?post=1989"}],"curies":[{"name":"wp","href":"https:\/\/api.w.org\/{rel}","templated":true}]}}