 {"id":1707,"date":"2021-02-17T15:10:00","date_gmt":"2021-02-17T15:10:00","guid":{"rendered":"https:\/\/www.concyl.es\/?p=1707"},"modified":"2023-02-27T08:45:39","modified_gmt":"2023-02-27T08:45:39","slug":"1707","status":"publish","type":"post","link":"https:\/\/www.concyl.es\/index.php\/2021\/02\/17\/1707\/","title":{"rendered":""},"content":{"rendered":"\n<div class=\"sfsi_widget sfsi_shortcode_container\"><div class=\"norm_row sfsi_wDiv \"  style=\"width:225px;text-align:left;\"><div style='width:40px; height:40px;margin-left:5px;margin-bottom:5px; ' class='sfsi_wicons shuffeldiv ' ><div class='inerCnt'><a class=' sficn' data-effect='' target='_blank'  href='https:\/\/api.follow.it\/widgets\/icon\/b2dJdDRZbEpMdVlFM2xwQ2JYSm9SVklJS2pKY3c1RkZaekJaL0l0L0xmSGxRTUkzbCtQQ1pkY3VObFJwNVZaREM2YjZWbnVqNitrdEQ1S01ka2lqb3ZEcU5iOTR5NThiL1RoV2dNN0FNSEVIS0dsMDNkT1pUZnNWM1V1bU5acGh8ZlNMOFVweHJpQUd6RmxvcVAveVRFZ2NwUHhMSlkxMTMzNnpQMGM3WlhLOD0=\/OA==\/' id='sfsiid_email_icon' style='width:40px;height:40px;opacity:1;'  ><img data-pin-nopin='true' alt='Follow by Email' title='Follow by Email' src='https:\/\/www.concyl.es\/wp-content\/plugins\/ultimate-social-media-icons\/images\/icons_theme\/default\/default_email.png' width='40' height='40' style='' class='sfcm sfsi_wicon ' data-effect=''   \/><\/a><\/div><\/div><div style='width:40px; height:40px;margin-left:5px;margin-bottom:5px; ' class='sfsi_wicons shuffeldiv ' ><div class='inerCnt'><a class=' sficn' data-effect='' target='_blank'  href='' id='sfsiid_facebook_icon' style='width:40px;height:40px;opacity:1;'  ><img data-pin-nopin='true' alt='Facebook' title='Facebook' src='https:\/\/www.concyl.es\/wp-content\/plugins\/ultimate-social-media-icons\/images\/icons_theme\/default\/default_facebook.png' width='40' height='40' style='' class='sfcm sfsi_wicon ' data-effect=''   \/><\/a><div class=\"sfsi_tool_tip_2 fb_tool_bdr sfsiTlleft\" style=\"opacity:0;z-index:-1;\" id=\"sfsiid_facebook\"><span class=\"bot_arow bot_fb_arow\"><\/span><div class=\"sfsi_inside\"><div  class='icon2'><div class=\"fb-like\" width=\"200\" data-href=\"https:\/\/www.concyl.es\/index.php\/2021\/02\/17\/1707\/\"  data-send=\"false\" data-layout=\"button_count\" data-action=\"like\"><\/div><\/div><div  class='icon3'><a target='_blank' href='https:\/\/www.facebook.com\/sharer\/sharer.php?u=https%3A%2F%2Fwww.concyl.es%2Fwp-json%2Fwp%2Fv2%2Fposts%2F1707' style='display:inline-block;'  > <img class='sfsi_wicon'  data-pin-nopin='true' alt='fb-share-icon' title='Facebook Share' src='https:\/\/www.concyl.es\/wp-content\/plugins\/ultimate-social-media-icons\/images\/share_icons\/fb_icons\/en_US.svg' \/><\/a><\/div><\/div><\/div><\/div><\/div><div style='width:40px; height:40px;margin-left:5px;margin-bottom:5px; ' class='sfsi_wicons shuffeldiv ' ><div class='inerCnt'><a class=' sficn' data-effect='' target='_blank'  href='' id='sfsiid_twitter_icon' style='width:40px;height:40px;opacity:1;'  ><img data-pin-nopin='true' alt='Twitter' title='Twitter' src='https:\/\/www.concyl.es\/wp-content\/plugins\/ultimate-social-media-icons\/images\/icons_theme\/default\/default_twitter.png' width='40' height='40' style='' class='sfcm sfsi_wicon ' data-effect=''   \/><\/a><div class=\"sfsi_tool_tip_2 twt_tool_bdr sfsiTlleft\" style=\"opacity:0;z-index:-1;\" id=\"sfsiid_twitter\"><span class=\"bot_arow bot_twt_arow\"><\/span><div class=\"sfsi_inside\"><div  class='icon2'><div class='sf_twiter' style='display: inline-block;vertical-align: middle;width: auto;'>\r\n\t\t\t\t\t\t<a target='_blank' href='https:\/\/x.com\/intent\/post?text=Mira+lo+que+he+encontrado+en+www.concyl.es+https%3A%2F%2Fwww.concyl.es%2Fwp-json%2Fwp%2Fv2%2Fposts%2F1707' style='display:inline-block' >\r\n\t\t\t\t\t\t\t<img data-pin-nopin= true class='sfsi_wicon' src='https:\/\/www.concyl.es\/wp-content\/plugins\/ultimate-social-media-icons\/images\/share_icons\/Twitter_Tweet\/en_US_Tweet.svg' alt='Post on X' title='Post on X' >\r\n\t\t\t\t\t\t<\/a>\r\n\t\t\t\t\t<\/div><\/div><\/div><\/div><\/div><\/div><div style='width:40px; height:40px;margin-left:5px;margin-bottom:5px; ' class='sfsi_wicons shuffeldiv ' ><div class='inerCnt'><a class=' sficn' data-effect='' target='_blank'  href='https:\/\/api.whatsapp.com\/send?text=https%3A%2F%2Fwww.concyl.es%2Findex.php%2F2021%2F02%2F17%2F1707%2F' id='sfsiid_whatsapp_icon' style='width:40px;height:40px;opacity:1;'  ><img data-pin-nopin='true' alt='WhatsApp' title='WhatsApp' src='https:\/\/www.concyl.es\/wp-content\/plugins\/ultimate-social-media-icons\/images\/icons_theme\/default\/default_whatsapp.png' width='40' height='40' style='' class='sfcm sfsi_wicon ' data-effect=''   \/><\/a><\/div><\/div><\/div ><div id=\"sfsi_holder\" class=\"sfsi_holders\" style=\"position: relative; float: left;width:100%;z-index:-1;\"><\/div ><script>window.addEventListener(\"sfsi_functions_loaded\", function()\n\t\t\t{\n\t\t\t\tif (typeof sfsi_widget_set == \"function\") {\n\t\t\t\t\tsfsi_widget_set();\n\t\t\t\t}\n\t\t\t}); <\/script><div style=\"clear: both;\"><\/div><\/div>\n<p>\u00a0<\/p>\n<p>\u00a0<\/p>\n<h3>Las farmacias de Castilla y Le\u00f3n promueven el uso responsable de los antibi\u00f3ticos con una nueva campa\u00f1a en farmacias.<\/h3>\n<ul>\n<li><strong>Las 1.611 farmacias de Castilla y Le\u00f3n exhibir\u00e1n materiales dirigidos a farmac\u00e9uticos y ciudadanos con el objetivo de mejorar la concienciaci\u00f3n sobre el problema de la resistencia bacteriana<\/strong><\/li>\n<li><strong>Desarrollada en el marco del Plan Nacional frente a la Resistencia a los Antibi\u00f3ticos (PRAN), la campa\u00f1a subraya los riesgos de utilizar antibi\u00f3ticos sin receta para tratar infecciones v\u00edricas como la gripe o la COVID-19<\/strong><\/li>\n<\/ul>\n<p><strong>17 de Febrero de 2021.- Las farmacias de Castilla y Le\u00f3n<\/strong> han lanzado una nueva campa\u00f1a para la concienciaci\u00f3n sobre el uso prudente de los antibi\u00f3ticos con materiales informativos distribuidos en farmacias de toda la Comunidad. Impulsada por la Agencia Espa\u00f1ola de Medicamentos y Productos Sanitarios (AEMPS) y el Consejo General de Colegios Farmac\u00e9uticos en el marco del Plan Nacional frente a la Resistencia a los Antibi\u00f3ticos (PRAN), esta campa\u00f1a tiene un doble objetivo.<\/p>\n<p><!--more--><\/p>\n<p>En primer lugar, sensibilizar a los farmac\u00e9uticos sobre la importancia de la correcta dispensaci\u00f3n de los antibi\u00f3ticos y la relevancia de su papel en la <strong>educaci\u00f3n sanitaria de la ciudadan\u00eda<\/strong>, y en segundo lugar, concienciar a los pacientes sobre los riesgos que conlleva la <strong>automedicaci\u00f3n con este tipo de tratamientos<\/strong> en infecciones v\u00edricas como la gripe, el resfriado o la COVID-19.<\/p>\n<p>Los materiales abarcan diferentes formatos e incluyen mensajes espec\u00edficos de acuerdo con los objetivos mencionados: las farmacias participantes exhibir\u00e1n posters y repartir\u00e1n folletos explicativos sobre el problema de la resistencia; infograf\u00edas con el protocolo para la dispensaci\u00f3n de antibi\u00f3ticos de uso humano y veterinario, y un pack de bolsas de papel para la dispensaci\u00f3n de tratamientos antibi\u00f3ticos.<\/p>\n<p>La directora de la AEMPS, Mar\u00eda Jes\u00fas Lamas, ha destacado la importancia de este tipo de campa\u00f1as en un contexto sanitario como el actual, en el que \u201cla concienciaci\u00f3n para el uso racional de los medicamentos constituye m\u00e1s que nunca una tarea prioritaria de las autoridades reguladoras\u201d. Por su parte, <strong>Javier Herrad\u00f3n, presidente de CONCYL &#8211; Consejo de Colegios Profesionales de Farmac\u00e9uticos de Castilla y Le\u00f3n<\/strong>, ha se\u00f1alado que esta iniciativa busca reforzar el conocimiento de la poblaci\u00f3n sobre el problema de la resistencia bacteriana. A este respecto, Herrad\u00f3n ha recordado que los antibi\u00f3ticos s\u00f3lo se deben utilizar cuando lo indique un m\u00e9dico o un dentista, que es necesario respetar las pautas de administraci\u00f3n y que se deben adquirir s\u00f3lo en farmacias presentando previamente la correspondiente receta m\u00e9dica.<\/p>\n<p>El uso excesivo de los antibi\u00f3ticos es una de las principales causas de la aparici\u00f3n y propagaci\u00f3n de<strong> bacterias resistentes, uno de los mayores retos globales de la medicina moderna.<\/strong> Cada a\u00f1o, 33.000 personas mueren en toda Europa como consecuencia de infecciones hospitalarias causadas por bacterias resistentes y alrededor de 3.000 de estas muertes se registran en Espa\u00f1a.<\/p>\n<hr \/>\n<p><strong>Para m\u00e1s informaci\u00f3n<\/strong><\/p>\n<p>Concyl-Consejo de Col. Prof. de Farmac\u00e9uticos de CyL. Telf.: 983 362922. Contacto prensa: 630 582 204<\/p>\n","protected":false},"excerpt":{"rendered":"<p>\u00a0 \u00a0 Las farmacias de Castilla y Le\u00f3n promueven el uso responsable de los antibi\u00f3ticos con una nueva campa\u00f1a en farmacias. Las 1.611 farmacias de Castilla y Le\u00f3n exhibir\u00e1n materiales dirigidos a farmac\u00e9uticos y ciudadanos con el objetivo de mejorar la concienciaci\u00f3n sobre el problema de la resistencia bacteriana Desarrollada en el marco del Plan [&hellip;]<\/p>\n","protected":false},"author":14,"featured_media":0,"comment_status":"closed","ping_status":"closed","sticky":false,"template":"","format":"standard","meta":{"footnotes":""},"categories":[9],"tags":[18,20],"class_list":["post-1707","post","type-post","status-publish","format-standard","hentry","category-comunicados","tag-antibioticos","tag-campana"],"_links":{"self":[{"href":"https:\/\/www.concyl.es\/index.php\/wp-json\/wp\/v2\/posts\/1707","targetHints":{"allow":["GET"]}}],"collection":[{"href":"https:\/\/www.concyl.es\/index.php\/wp-json\/wp\/v2\/posts"}],"about":[{"href":"https:\/\/www.concyl.es\/index.php\/wp-json\/wp\/v2\/types\/post"}],"author":[{"embeddable":true,"href":"https:\/\/www.concyl.es\/index.php\/wp-json\/wp\/v2\/users\/14"}],"replies":[{"embeddable":true,"href":"https:\/\/www.concyl.es\/index.php\/wp-json\/wp\/v2\/comments?post=1707"}],"version-history":[{"count":7,"href":"https:\/\/www.concyl.es\/index.php\/wp-json\/wp\/v2\/posts\/1707\/revisions"}],"predecessor-version":[{"id":2721,"href":"https:\/\/www.concyl.es\/index.php\/wp-json\/wp\/v2\/posts\/1707\/revisions\/2721"}],"wp:attachment":[{"href":"https:\/\/www.concyl.es\/index.php\/wp-json\/wp\/v2\/media?parent=1707"}],"wp:term":[{"taxonomy":"category","embeddable":true,"href":"https:\/\/www.concyl.es\/index.php\/wp-json\/wp\/v2\/categories?post=1707"},{"taxonomy":"post_tag","embeddable":true,"href":"https:\/\/www.concyl.es\/index.php\/wp-json\/wp\/v2\/tags?post=1707"}],"curies":[{"name":"wp","href":"https:\/\/api.w.org\/{rel}","templated":true}]}}